{"id":1871,"date":"2021-01-13T09:04:42","date_gmt":"2021-01-13T08:04:42","guid":{"rendered":"http:\/\/www.diocesi.torino.it\/arte\/?p=1871"},"modified":"2021-01-14T13:37:48","modified_gmt":"2021-01-14T12:37:48","slug":"conclusione-progetto-censimento-chiese","status":"publish","type":"post","link":"https:\/\/www.diocesi.torino.it\/arte\/conclusione-progetto-censimento-chiese\/","title":{"rendered":"Progetto Censimento Chiese"},"content":{"rendered":"<p>Nel 2016 la nostra Diocesi ha iniziato il Censimento delle Chiese, aderendo al progetto nazionale promosso e sostenuto finanziariamente dalla CEI. \u00c8 stato un lavoro molto impegnativo, sviluppato con il supporto di un gruppo di giovani rilevatori, con il coordinamento dell\u2019Ufficio Beni Culturali della Diocesi.<\/p>\n<p>L&#8217;utilit\u00e0 di questo strumento \u00e8 evidente: per la conservazione e difesa del patrimonio, per la possibilit\u00e0 di supportare processi di fruizione e valorizzazione, attraverso la costruzione di una base informativa cui legare, nel tempo, altre informazioni utili alla gestione e alla manutenzione dei beni.<\/p>\n<p>Nella attuale situazione di generale contrazione delle risorse, \u00e8 importante poter disporre di strumenti di conoscenza che consentano l&#8217;individuazione di priorit\u00e0 e possibilit\u00e0 di programmazione degli interventi.<\/p>\n<p>Negli ultimi anni sono inoltre venute progressivamente ad aggravarsi le condizioni di sicurezza delle strutture, delle necessit\u00e0 manutentive, dei problemi di degrado, se non addirittura del rischio di perdita di beni. Le emergenze derivanti dai fattori ambientali e climatici stanno peraltro aumentando i livelli di rischio cui \u00e8 sottoposto il nostro patrimonio. La conoscenza dei nostri edifici, gi\u00e0 doverosa per gli aspetti di difesa e salvaguardia, diventa elemento indispensabile per promuovere azioni e progetti di intervento.<\/p>\n<p>Presentarsi con un buon livello di conoscenza del patrimonio, dei suoi valori architettonici, artistici, culturali, significa anche poter concorrere, attraverso progetti mirati, alle risorse che la CEI, il Ministero dei Beni Culturali, la Comunit\u00e0 Europea mettono periodicamente a disposizione su temi che caratterizzano l&#8217;intervento di sostegno comunitario: la Religiosit\u00e0 e la Cultura dei nostri territori, la salvaguardia dei beni artistici come fattori fondamentali di convivenza e coesione sociale.<\/p>\n<p>Negli anni le nostre Comunit\u00e0, anche con l&#8217;aiuto sostanziale della CEI, delle Fondazioni, delle Istituzioni, hanno saputo mobilitare e indirizzare risorse locali, pubbliche e private, su azioni di recupero e manutenzione di molti beni, spesso restituiti alla Collettivit\u00e0 dopo decenni di abbandono. La crescente attenzione sui temi della Cultura e dei valori storico-artistici, sia a livello nazionale che internazionale, fa ben sperare nella possibilit\u00e0 di mantenere viva questa attenzione e poter attivare ulteriori azioni e risorse.<\/p>\n<p>Oggi il progetto \u00e8 concluso, e si sta avviando la fase di aggiornamento, in relazione ai molti interventi che, periodicamente, interessano questi edifici.<\/p>\n<p><strong>Il Progetto ha consentito di catalogare oltre 1500 immobili, secondo standards nazionali definiti dalla CEI.<\/strong><\/p>\n<p><strong>Ora ogni Parrocchia pu\u00f2 liberamente accedere a questo archivio, che \u00e8 disponibile in rete agli indirizzi:\u00a0<\/strong><\/p>\n<p><strong><img decoding=\"async\" loading=\"lazy\" class=\" wp-image-1874 alignleft\" src=\"https:\/\/www.diocesi.torino.it\/arte\/wp-content\/uploads\/sites\/19\/2021\/01\/log-censimento.jpg\" alt=\"\" width=\"132\" height=\"99\" \/><\/strong><\/p>\n<p>&nbsp;<\/p>\n<p><strong><a href=\"http:\/\/www.chieseitaliane.chiesacattolica.it\/chieseitaliane\/\">PORTALE CENSIMENTO CHIESE<\/a>: <a href=\"http:\/\/www.chieseitaliane.chiesacattolica.it\/chieseitaliane\/\">http:\/\/www.chieseitaliane.chiesacattolica.it\/chieseitaliane\/<\/a><\/strong><\/p>\n<p>&nbsp;<\/p>\n<p>&nbsp;<\/p>\n<p style=\"text-align: left;\"><strong><img decoding=\"async\" loading=\"lazy\" class=\" wp-image-1906 alignleft\" src=\"https:\/\/www.diocesi.torino.it\/arte\/wp-content\/uploads\/sites\/19\/2021\/01\/BANNER_Page_2-300x169.jpg\" alt=\"\" width=\"140\" height=\"79\" srcset=\"https:\/\/www.diocesi.torino.it\/arte\/wp-content\/uploads\/sites\/19\/2021\/01\/BANNER_Page_2-300x169.jpg 300w, https:\/\/www.diocesi.torino.it\/arte\/wp-content\/uploads\/sites\/19\/2021\/01\/BANNER_Page_2-1024x576.jpg 1024w, https:\/\/www.diocesi.torino.it\/arte\/wp-content\/uploads\/sites\/19\/2021\/01\/BANNER_Page_2-768x432.jpg 768w, https:\/\/www.diocesi.torino.it\/arte\/wp-content\/uploads\/sites\/19\/2021\/01\/BANNER_Page_2-360x202.jpg 360w, https:\/\/www.diocesi.torino.it\/arte\/wp-content\/uploads\/sites\/19\/2021\/01\/BANNER_Page_2-1536x864.jpg 1536w, https:\/\/www.diocesi.torino.it\/arte\/wp-content\/uploads\/sites\/19\/2021\/01\/BANNER_Page_2-2048x1152.jpg 2048w\" sizes=\"(max-width: 140px) 100vw, 140px\" \/><\/strong><\/p>\n<p>&nbsp;<\/p>\n<p style=\"text-align: left;\"><strong><a href=\"https:\/\/www.beweb.chiesacattolica.it\/UI\/page.jsp?ordine=rilevanza&amp;locale=it&amp;ambito=CEIA&amp;dominio=2&amp;action=ricerca%2Frisultati&amp;type=2&amp;reg_ecc=&amp;diocesi=TORINO\">PORTALE BEWEB:\u00a0<\/a> <a href=\"https:\/\/www.beweb.chiesacattolica.it\/UI\/page.jsp?ordine=rilevanza&amp;locale=it&amp;ambito=CEIA&amp;dominio=2&amp;action=ricerca%2Frisultati&amp;type=2&amp;reg_ecc=&amp;diocesi=TORINO\" target=\"_blank\" rel=\"noopener noreferrer\">https:\/\/www.beweb.chiesacattolica.it\/\u00a0<\/a><\/strong><\/p>\n<p>&nbsp;<\/p>\n<p><strong>Vi si pu\u00f2 accedere semplicemente digitando il nome del Comune, della Parrocchia, o della Chiesa nella casella \u201cparola chiave\u201d. All\u2019interno di ogni scheda vi sono diversi livelli di approfondimento delle informazioni. Non sempre si sono potute garantire la completezza e l\u2019esattezza di queste informazioni, che potranno essere corrette e integrate, anche a partire dalle osservazioni di chi vorr\u00e0 consultare questo lavoro.<\/strong><\/p>\n<p>Un sincero ringraziamento va ai Parroci, ai tanti volontari che hanno accompagnato i nostri giovani rilevatori nel corso dei sopralluoghi e consentito di accedere agli edifici, molti dei quali purtroppo non pi\u00f9 utilizzati o in precarie condizioni di sicurezza.<\/p>\n<p style=\"text-align: right;\"><strong>Arch. Adriano Sozza, Delgato Arcivescovile alla Amministrazione\u00a0dei Beni Culturali della Diocesi di Torino<\/strong><\/p>\n<p><strong> <img decoding=\"async\" loading=\"lazy\" class=\"aligncenter size-medium wp-image-1883\" src=\"https:\/\/www.diocesi.torino.it\/arte\/wp-content\/uploads\/sites\/19\/2021\/01\/logo-300x141.jpg\" alt=\"\" width=\"300\" height=\"141\" srcset=\"https:\/\/www.diocesi.torino.it\/arte\/wp-content\/uploads\/sites\/19\/2021\/01\/logo-300x141.jpg 300w, https:\/\/www.diocesi.torino.it\/arte\/wp-content\/uploads\/sites\/19\/2021\/01\/logo.jpg 350w\" sizes=\"(max-width: 300px) 100vw, 300px\" \/><\/strong><\/p>\n","protected":false},"excerpt":{"rendered":"<p>Nel 2016 la nostra Diocesi ha iniziato il Censimento delle Chiese, aderendo al progetto nazionale promosso e sostenuto finanziariamente dalla CEI. \u00c8 stato un lavoro molto impegnativo, sviluppato con il supporto di un gruppo di giovani rilevatori, con il coordinamento dell\u2019Ufficio Beni Culturali della Diocesi. L&#8217;utilit\u00e0 di questo strumento \u00e8 evidente: per la conservazione e difesa del patrimonio, per la possibilit\u00e0 di supportare processi di &hellip; <a href=\"https:\/\/www.diocesi.torino.it\/arte\/conclusione-progetto-censimento-chiese\/\" class=\"more-link\">Continua a leggere <span class=\"screen-reader-text\"><\/span> <span class=\"meta-nav\">&raquo;<\/span><\/a><\/p>\n","protected":false},"author":12,"featured_media":1886,"comment_status":"closed","ping_status":"closed","sticky":false,"template":"","format":"standard","meta":{"ip_address":"","user_agent":"","level":"","revision":"","cookie_id":"","page_referer":"","html_form":"","_expiration-date-status":"saved","_expiration-date":0,"_expiration-date-type":"","_expiration-date-categories":[],"_expiration-date-options":[]},"categories":[148,147,4,1],"tags":[],"acf":[],"yoast_head":"<!-- This site is optimized with the Yoast SEO plugin v20.8 - https:\/\/yoast.com\/wordpress\/plugins\/seo\/ -->\n<title>Progetto Censimento Chiese - Beni Culturali ed Edilizia di Culto<\/title>\n<meta name=\"robots\" content=\"index, follow, max-snippet:-1, max-image-preview:large, max-video-preview:-1\" \/>\n<link rel=\"canonical\" href=\"https:\/\/www.diocesi.torino.it\/arte\/conclusione-progetto-censimento-chiese\/\" \/>\n<meta property=\"og:locale\" content=\"it_IT\" \/>\n<meta property=\"og:type\" content=\"article\" \/>\n<meta property=\"og:title\" content=\"Progetto Censimento Chiese - Beni Culturali ed Edilizia di Culto\" \/>\n<meta property=\"og:description\" content=\"Nel 2016 la nostra Diocesi ha iniziato il Censimento delle Chiese, aderendo al progetto nazionale promosso e sostenuto finanziariamente dalla CEI. \u00c8 stato un lavoro molto impegnativo, sviluppato con il supporto di un gruppo di giovani rilevatori, con il coordinamento dell\u2019Ufficio Beni Culturali della Diocesi. L&#8217;utilit\u00e0 di questo strumento \u00e8 evidente: per la conservazione e difesa del patrimonio, per la possibilit\u00e0 di supportare processi di &hellip; Continua a leggere &raquo;\" \/>\n<meta property=\"og:url\" content=\"https:\/\/www.diocesi.torino.it\/arte\/conclusione-progetto-censimento-chiese\/\" \/>\n<meta property=\"og:site_name\" content=\"Beni Culturali ed Edilizia di Culto\" \/>\n<meta property=\"article:published_time\" content=\"2021-01-13T08:04:42+00:00\" \/>\n<meta property=\"article:modified_time\" content=\"2021-01-14T12:37:48+00:00\" \/>\n<meta property=\"og:image\" content=\"https:\/\/www.diocesi.torino.it\/arte\/wp-content\/uploads\/sites\/19\/2021\/01\/BANNER-scaled.jpg\" \/>\n\t<meta property=\"og:image:width\" content=\"2560\" \/>\n\t<meta property=\"og:image:height\" content=\"1440\" \/>\n\t<meta property=\"og:image:type\" content=\"image\/jpeg\" \/>\n<meta name=\"author\" content=\"marisaguarneri\" \/>\n<meta name=\"twitter:card\" content=\"summary_large_image\" \/>\n<meta name=\"twitter:label1\" content=\"Scritto da\" \/>\n\t<meta name=\"twitter:data1\" content=\"marisaguarneri\" \/>\n\t<meta name=\"twitter:label2\" content=\"Tempo di lettura stimato\" \/>\n\t<meta name=\"twitter:data2\" content=\"3 minuti\" \/>\n<script type=\"application\/ld+json\" class=\"yoast-schema-graph\">{\"@context\":\"https:\/\/schema.org\",\"@graph\":[{\"@type\":\"WebPage\",\"@id\":\"https:\/\/www.diocesi.torino.it\/arte\/conclusione-progetto-censimento-chiese\/\",\"url\":\"https:\/\/www.diocesi.torino.it\/arte\/conclusione-progetto-censimento-chiese\/\",\"name\":\"Progetto Censimento Chiese - Beni Culturali ed Edilizia di Culto\",\"isPartOf\":{\"@id\":\"https:\/\/www.diocesi.torino.it\/arte\/#website\"},\"datePublished\":\"2021-01-13T08:04:42+00:00\",\"dateModified\":\"2021-01-14T12:37:48+00:00\",\"author\":{\"@id\":\"https:\/\/www.diocesi.torino.it\/arte\/#\/schema\/person\/8e7f80668cb00f16be9cd44c3915fcdc\"},\"breadcrumb\":{\"@id\":\"https:\/\/www.diocesi.torino.it\/arte\/conclusione-progetto-censimento-chiese\/#breadcrumb\"},\"inLanguage\":\"it-IT\",\"potentialAction\":[{\"@type\":\"ReadAction\",\"target\":[\"https:\/\/www.diocesi.torino.it\/arte\/conclusione-progetto-censimento-chiese\/\"]}]},{\"@type\":\"BreadcrumbList\",\"@id\":\"https:\/\/www.diocesi.torino.it\/arte\/conclusione-progetto-censimento-chiese\/#breadcrumb\",\"itemListElement\":[{\"@type\":\"ListItem\",\"position\":1,\"name\":\"Home\",\"item\":\"https:\/\/www.diocesi.torino.it\/arte\/\"},{\"@type\":\"ListItem\",\"position\":2,\"name\":\"Progetto Censimento Chiese\"}]},{\"@type\":\"WebSite\",\"@id\":\"https:\/\/www.diocesi.torino.it\/arte\/#website\",\"url\":\"https:\/\/www.diocesi.torino.it\/arte\/\",\"name\":\"Beni Culturali ed Edilizia di Culto\",\"description\":\"\",\"potentialAction\":[{\"@type\":\"SearchAction\",\"target\":{\"@type\":\"EntryPoint\",\"urlTemplate\":\"https:\/\/www.diocesi.torino.it\/arte\/?s={search_term_string}\"},\"query-input\":\"required name=search_term_string\"}],\"inLanguage\":\"it-IT\"},{\"@type\":\"Person\",\"@id\":\"https:\/\/www.diocesi.torino.it\/arte\/#\/schema\/person\/8e7f80668cb00f16be9cd44c3915fcdc\",\"name\":\"marisaguarneri\",\"image\":{\"@type\":\"ImageObject\",\"inLanguage\":\"it-IT\",\"@id\":\"https:\/\/www.diocesi.torino.it\/arte\/#\/schema\/person\/image\/\",\"url\":\"https:\/\/secure.gravatar.com\/avatar\/3f51b992ac592d4d140896567a3e5a14?s=96&d=mm&r=g\",\"contentUrl\":\"https:\/\/secure.gravatar.com\/avatar\/3f51b992ac592d4d140896567a3e5a14?s=96&d=mm&r=g\",\"caption\":\"marisaguarneri\"},\"url\":\"https:\/\/www.diocesi.torino.it\/arte\/author\/marisaguarneri\/\"}]}<\/script>\n<!-- \/ Yoast SEO plugin. -->","yoast_head_json":{"title":"Progetto Censimento Chiese - Beni Culturali ed Edilizia di Culto","robots":{"index":"index","follow":"follow","max-snippet":"max-snippet:-1","max-image-preview":"max-image-preview:large","max-video-preview":"max-video-preview:-1"},"canonical":"https:\/\/www.diocesi.torino.it\/arte\/conclusione-progetto-censimento-chiese\/","og_locale":"it_IT","og_type":"article","og_title":"Progetto Censimento Chiese - Beni Culturali ed Edilizia di Culto","og_description":"Nel 2016 la nostra Diocesi ha iniziato il Censimento delle Chiese, aderendo al progetto nazionale promosso e sostenuto finanziariamente dalla CEI. \u00c8 stato un lavoro molto impegnativo, sviluppato con il supporto di un gruppo di giovani rilevatori, con il coordinamento dell\u2019Ufficio Beni Culturali della Diocesi. L&#8217;utilit\u00e0 di questo strumento \u00e8 evidente: per la conservazione e difesa del patrimonio, per la possibilit\u00e0 di supportare processi di &hellip; Continua a leggere &raquo;","og_url":"https:\/\/www.diocesi.torino.it\/arte\/conclusione-progetto-censimento-chiese\/","og_site_name":"Beni Culturali ed Edilizia di Culto","article_published_time":"2021-01-13T08:04:42+00:00","article_modified_time":"2021-01-14T12:37:48+00:00","og_image":[{"width":2560,"height":1440,"url":"https:\/\/www.diocesi.torino.it\/arte\/wp-content\/uploads\/sites\/19\/2021\/01\/BANNER-scaled.jpg","type":"image\/jpeg"}],"author":"marisaguarneri","twitter_card":"summary_large_image","twitter_misc":{"Scritto da":"marisaguarneri","Tempo di lettura stimato":"3 minuti"},"schema":{"@context":"https:\/\/schema.org","@graph":[{"@type":"WebPage","@id":"https:\/\/www.diocesi.torino.it\/arte\/conclusione-progetto-censimento-chiese\/","url":"https:\/\/www.diocesi.torino.it\/arte\/conclusione-progetto-censimento-chiese\/","name":"Progetto Censimento Chiese - Beni Culturali ed Edilizia di Culto","isPartOf":{"@id":"https:\/\/www.diocesi.torino.it\/arte\/#website"},"datePublished":"2021-01-13T08:04:42+00:00","dateModified":"2021-01-14T12:37:48+00:00","author":{"@id":"https:\/\/www.diocesi.torino.it\/arte\/#\/schema\/person\/8e7f80668cb00f16be9cd44c3915fcdc"},"breadcrumb":{"@id":"https:\/\/www.diocesi.torino.it\/arte\/conclusione-progetto-censimento-chiese\/#breadcrumb"},"inLanguage":"it-IT","potentialAction":[{"@type":"ReadAction","target":["https:\/\/www.diocesi.torino.it\/arte\/conclusione-progetto-censimento-chiese\/"]}]},{"@type":"BreadcrumbList","@id":"https:\/\/www.diocesi.torino.it\/arte\/conclusione-progetto-censimento-chiese\/#breadcrumb","itemListElement":[{"@type":"ListItem","position":1,"name":"Home","item":"https:\/\/www.diocesi.torino.it\/arte\/"},{"@type":"ListItem","position":2,"name":"Progetto Censimento Chiese"}]},{"@type":"WebSite","@id":"https:\/\/www.diocesi.torino.it\/arte\/#website","url":"https:\/\/www.diocesi.torino.it\/arte\/","name":"Beni Culturali ed Edilizia di Culto","description":"","potentialAction":[{"@type":"SearchAction","target":{"@type":"EntryPoint","urlTemplate":"https:\/\/www.diocesi.torino.it\/arte\/?s={search_term_string}"},"query-input":"required name=search_term_string"}],"inLanguage":"it-IT"},{"@type":"Person","@id":"https:\/\/www.diocesi.torino.it\/arte\/#\/schema\/person\/8e7f80668cb00f16be9cd44c3915fcdc","name":"marisaguarneri","image":{"@type":"ImageObject","inLanguage":"it-IT","@id":"https:\/\/www.diocesi.torino.it\/arte\/#\/schema\/person\/image\/","url":"https:\/\/secure.gravatar.com\/avatar\/3f51b992ac592d4d140896567a3e5a14?s=96&d=mm&r=g","contentUrl":"https:\/\/secure.gravatar.com\/avatar\/3f51b992ac592d4d140896567a3e5a14?s=96&d=mm&r=g","caption":"marisaguarneri"},"url":"https:\/\/www.diocesi.torino.it\/arte\/author\/marisaguarneri\/"}]}},"_links":{"self":[{"href":"https:\/\/www.diocesi.torino.it\/arte\/wp-json\/wp\/v2\/posts\/1871"}],"collection":[{"href":"https:\/\/www.diocesi.torino.it\/arte\/wp-json\/wp\/v2\/posts"}],"about":[{"href":"https:\/\/www.diocesi.torino.it\/arte\/wp-json\/wp\/v2\/types\/post"}],"author":[{"embeddable":true,"href":"https:\/\/www.diocesi.torino.it\/arte\/wp-json\/wp\/v2\/users\/12"}],"replies":[{"embeddable":true,"href":"https:\/\/www.diocesi.torino.it\/arte\/wp-json\/wp\/v2\/comments?post=1871"}],"version-history":[{"count":16,"href":"https:\/\/www.diocesi.torino.it\/arte\/wp-json\/wp\/v2\/posts\/1871\/revisions"}],"predecessor-version":[{"id":1908,"href":"https:\/\/www.diocesi.torino.it\/arte\/wp-json\/wp\/v2\/posts\/1871\/revisions\/1908"}],"wp:featuredmedia":[{"embeddable":true,"href":"https:\/\/www.diocesi.torino.it\/arte\/wp-json\/wp\/v2\/media\/1886"}],"wp:attachment":[{"href":"https:\/\/www.diocesi.torino.it\/arte\/wp-json\/wp\/v2\/media?parent=1871"}],"wp:term":[{"taxonomy":"category","embeddable":true,"href":"https:\/\/www.diocesi.torino.it\/arte\/wp-json\/wp\/v2\/categories?post=1871"},{"taxonomy":"post_tag","embeddable":true,"href":"https:\/\/www.diocesi.torino.it\/arte\/wp-json\/wp\/v2\/tags?post=1871"}],"curies":[{"name":"wp","href":"https:\/\/api.w.org\/{rel}","templated":true}]}}