{"id":2170,"date":"2021-05-20T08:50:47","date_gmt":"2021-05-20T06:50:47","guid":{"rendered":"http:\/\/www.diocesi.torino.it\/arte\/?p=2170"},"modified":"2021-05-20T08:50:47","modified_gmt":"2021-05-20T06:50:47","slug":"carisma-creativita-catalogazione-gestione-e-progetti-innovativi-per-il-patrimonio-culturale","status":"publish","type":"post","link":"https:\/\/www.diocesi.torino.it\/arte\/carisma-creativita-catalogazione-gestione-e-progetti-innovativi-per-il-patrimonio-culturale\/","title":{"rendered":"Carisma &#038; Creativit\u00e0. Catalogazione, gestione e progetti innovativi per il patrimonio culturale"},"content":{"rendered":"<p>Il convegno internazionale <a href=\"http:\/\/www.cultura.va\/content\/dam\/cultura\/docs\/pdf\/beniculturali\/carisma\/callITA.pdf\" target=\"_blank\" rel=\"noopener\">Carisma &amp; Creativit\u00e0<\/a> \u00e8 una iniziativa congiunta della Congregazione per gli Istituti i Vita Consacrata e le Societ\u00e0 di Vita Apostolica e del Pontificio Consiglio della Cultura, che ha come oggetto il patrimonio culturale delle comunit\u00e0 di vita consacrata in tutte le sue espressioni e si prefigge di consolidare e rendere efficaci le azioni di tutela e di valorizzazione condivise con tutti gli attori che si occupano di questo patrimonio culturale.<\/p>\n<p>Per abstract e proposte di intervento si rimanda alla <i><a href=\"http:\/\/www.cultura.va\/content\/cultura\/it\/eventi\/major\/carismaecreativita\/call.html\">Call for papers<\/a><\/i>.<\/p>\n<p>Per ogni altra informazione o quesito scrivere a: <a href=\"mailto:info@carismaecreativita.com\">info@carismaecreativita.net<\/a><\/p>\n<p>Per approfondire <a href=\"https:\/\/ilgiornaledellarchitettura.com\/2021\/02\/08\/intervista-gianfranco-ravasi\/\" target=\"_blank\" rel=\"noopener\">Dialogo con il cardinale Gianfranco Ravasi sul tema<\/a> <a href=\"https:\/\/ilgiornaledellarchitettura.com\/2021\/02\/08\/intervista-gianfranco-ravasi\/\" target=\"_blank\" rel=\"noopener\">&#8220;Monsignor Ravasi: occorrono progetti innovativi e condivisi per il patrimonio degli ordini religiosi&#8221;<\/a><\/p>\n","protected":false},"excerpt":{"rendered":"<p>Il convegno internazionale Carisma &amp; Creativit\u00e0 \u00e8 una iniziativa congiunta della Congregazione per gli Istituti i Vita Consacrata e le Societ\u00e0 di Vita Apostolica e del Pontificio Consiglio della Cultura, che ha come oggetto il patrimonio culturale delle comunit\u00e0 di vita consacrata in tutte le sue espressioni e si prefigge di consolidare e rendere efficaci le azioni di tutela e di valorizzazione condivise con tutti &hellip; <a href=\"https:\/\/www.diocesi.torino.it\/arte\/carisma-creativita-catalogazione-gestione-e-progetti-innovativi-per-il-patrimonio-culturale\/\" class=\"more-link\">Continua a leggere <span class=\"screen-reader-text\"><\/span> <span class=\"meta-nav\">&raquo;<\/span><\/a><\/p>\n","protected":false},"author":12,"featured_media":2171,"comment_status":"closed","ping_status":"closed","sticky":false,"template":"","format":"standard","meta":{"ip_address":"","user_agent":"","level":"","revision":"","cookie_id":"","page_referer":"","html_form":"","_expiration-date-status":"saved","_expiration-date":0,"_expiration-date-type":"","_expiration-date-categories":[],"_expiration-date-options":[]},"categories":[5,4],"tags":[],"acf":[],"yoast_head":"<!-- This site is optimized with the Yoast SEO plugin v20.8 - https:\/\/yoast.com\/wordpress\/plugins\/seo\/ -->\n<title>Carisma &amp; Creativit\u00e0. Catalogazione, gestione e progetti innovativi per il patrimonio culturale - Beni Culturali ed Edilizia di Culto<\/title>\n<meta name=\"robots\" content=\"index, follow, max-snippet:-1, max-image-preview:large, max-video-preview:-1\" \/>\n<link rel=\"canonical\" href=\"https:\/\/www.diocesi.torino.it\/arte\/carisma-creativita-catalogazione-gestione-e-progetti-innovativi-per-il-patrimonio-culturale\/\" \/>\n<meta property=\"og:locale\" content=\"it_IT\" \/>\n<meta property=\"og:type\" content=\"article\" \/>\n<meta property=\"og:title\" content=\"Carisma &amp; Creativit\u00e0. Catalogazione, gestione e progetti innovativi per il patrimonio culturale - Beni Culturali ed Edilizia di Culto\" \/>\n<meta property=\"og:description\" content=\"Il convegno internazionale Carisma &amp; Creativit\u00e0 \u00e8 una iniziativa congiunta della Congregazione per gli Istituti i Vita Consacrata e le Societ\u00e0 di Vita Apostolica e del Pontificio Consiglio della Cultura, che ha come oggetto il patrimonio culturale delle comunit\u00e0 di vita consacrata in tutte le sue espressioni e si prefigge di consolidare e rendere efficaci le azioni di tutela e di valorizzazione condivise con tutti &hellip; Continua a leggere &raquo;\" \/>\n<meta property=\"og:url\" content=\"https:\/\/www.diocesi.torino.it\/arte\/carisma-creativita-catalogazione-gestione-e-progetti-innovativi-per-il-patrimonio-culturale\/\" \/>\n<meta property=\"og:site_name\" content=\"Beni Culturali ed Edilizia di Culto\" \/>\n<meta property=\"article:published_time\" content=\"2021-05-20T06:50:47+00:00\" \/>\n<meta property=\"og:image\" content=\"https:\/\/www.diocesi.torino.it\/arte\/wp-content\/uploads\/sites\/19\/2021\/05\/carisma.jpg\" \/>\n\t<meta property=\"og:image:width\" content=\"720\" \/>\n\t<meta property=\"og:image:height\" content=\"1021\" \/>\n\t<meta property=\"og:image:type\" content=\"image\/jpeg\" \/>\n<meta name=\"author\" content=\"marisaguarneri\" \/>\n<meta name=\"twitter:card\" content=\"summary_large_image\" \/>\n<meta name=\"twitter:label1\" content=\"Scritto da\" \/>\n\t<meta name=\"twitter:data1\" content=\"marisaguarneri\" \/>\n\t<meta name=\"twitter:label2\" content=\"Tempo di lettura stimato\" \/>\n\t<meta name=\"twitter:data2\" content=\"1 minuto\" \/>\n<script type=\"application\/ld+json\" class=\"yoast-schema-graph\">{\"@context\":\"https:\/\/schema.org\",\"@graph\":[{\"@type\":\"WebPage\",\"@id\":\"https:\/\/www.diocesi.torino.it\/arte\/carisma-creativita-catalogazione-gestione-e-progetti-innovativi-per-il-patrimonio-culturale\/\",\"url\":\"https:\/\/www.diocesi.torino.it\/arte\/carisma-creativita-catalogazione-gestione-e-progetti-innovativi-per-il-patrimonio-culturale\/\",\"name\":\"Carisma & Creativit\u00e0. Catalogazione, gestione e progetti innovativi per il patrimonio culturale - Beni Culturali ed Edilizia di Culto\",\"isPartOf\":{\"@id\":\"https:\/\/www.diocesi.torino.it\/arte\/#website\"},\"datePublished\":\"2021-05-20T06:50:47+00:00\",\"dateModified\":\"2021-05-20T06:50:47+00:00\",\"author\":{\"@id\":\"https:\/\/www.diocesi.torino.it\/arte\/#\/schema\/person\/8e7f80668cb00f16be9cd44c3915fcdc\"},\"breadcrumb\":{\"@id\":\"https:\/\/www.diocesi.torino.it\/arte\/carisma-creativita-catalogazione-gestione-e-progetti-innovativi-per-il-patrimonio-culturale\/#breadcrumb\"},\"inLanguage\":\"it-IT\",\"potentialAction\":[{\"@type\":\"ReadAction\",\"target\":[\"https:\/\/www.diocesi.torino.it\/arte\/carisma-creativita-catalogazione-gestione-e-progetti-innovativi-per-il-patrimonio-culturale\/\"]}]},{\"@type\":\"BreadcrumbList\",\"@id\":\"https:\/\/www.diocesi.torino.it\/arte\/carisma-creativita-catalogazione-gestione-e-progetti-innovativi-per-il-patrimonio-culturale\/#breadcrumb\",\"itemListElement\":[{\"@type\":\"ListItem\",\"position\":1,\"name\":\"Home\",\"item\":\"https:\/\/www.diocesi.torino.it\/arte\/\"},{\"@type\":\"ListItem\",\"position\":2,\"name\":\"Carisma &#038; Creativit\u00e0. Catalogazione, gestione e progetti innovativi per il patrimonio culturale\"}]},{\"@type\":\"WebSite\",\"@id\":\"https:\/\/www.diocesi.torino.it\/arte\/#website\",\"url\":\"https:\/\/www.diocesi.torino.it\/arte\/\",\"name\":\"Beni Culturali ed Edilizia di Culto\",\"description\":\"\",\"potentialAction\":[{\"@type\":\"SearchAction\",\"target\":{\"@type\":\"EntryPoint\",\"urlTemplate\":\"https:\/\/www.diocesi.torino.it\/arte\/?s={search_term_string}\"},\"query-input\":\"required name=search_term_string\"}],\"inLanguage\":\"it-IT\"},{\"@type\":\"Person\",\"@id\":\"https:\/\/www.diocesi.torino.it\/arte\/#\/schema\/person\/8e7f80668cb00f16be9cd44c3915fcdc\",\"name\":\"marisaguarneri\",\"image\":{\"@type\":\"ImageObject\",\"inLanguage\":\"it-IT\",\"@id\":\"https:\/\/www.diocesi.torino.it\/arte\/#\/schema\/person\/image\/\",\"url\":\"https:\/\/secure.gravatar.com\/avatar\/3f51b992ac592d4d140896567a3e5a14?s=96&d=mm&r=g\",\"contentUrl\":\"https:\/\/secure.gravatar.com\/avatar\/3f51b992ac592d4d140896567a3e5a14?s=96&d=mm&r=g\",\"caption\":\"marisaguarneri\"},\"url\":\"https:\/\/www.diocesi.torino.it\/arte\/author\/marisaguarneri\/\"}]}<\/script>\n<!-- \/ Yoast SEO plugin. -->","yoast_head_json":{"title":"Carisma & Creativit\u00e0. Catalogazione, gestione e progetti innovativi per il patrimonio culturale - Beni Culturali ed Edilizia di Culto","robots":{"index":"index","follow":"follow","max-snippet":"max-snippet:-1","max-image-preview":"max-image-preview:large","max-video-preview":"max-video-preview:-1"},"canonical":"https:\/\/www.diocesi.torino.it\/arte\/carisma-creativita-catalogazione-gestione-e-progetti-innovativi-per-il-patrimonio-culturale\/","og_locale":"it_IT","og_type":"article","og_title":"Carisma & Creativit\u00e0. Catalogazione, gestione e progetti innovativi per il patrimonio culturale - Beni Culturali ed Edilizia di Culto","og_description":"Il convegno internazionale Carisma &amp; Creativit\u00e0 \u00e8 una iniziativa congiunta della Congregazione per gli Istituti i Vita Consacrata e le Societ\u00e0 di Vita Apostolica e del Pontificio Consiglio della Cultura, che ha come oggetto il patrimonio culturale delle comunit\u00e0 di vita consacrata in tutte le sue espressioni e si prefigge di consolidare e rendere efficaci le azioni di tutela e di valorizzazione condivise con tutti &hellip; Continua a leggere &raquo;","og_url":"https:\/\/www.diocesi.torino.it\/arte\/carisma-creativita-catalogazione-gestione-e-progetti-innovativi-per-il-patrimonio-culturale\/","og_site_name":"Beni Culturali ed Edilizia di Culto","article_published_time":"2021-05-20T06:50:47+00:00","og_image":[{"width":720,"height":1021,"url":"https:\/\/www.diocesi.torino.it\/arte\/wp-content\/uploads\/sites\/19\/2021\/05\/carisma.jpg","type":"image\/jpeg"}],"author":"marisaguarneri","twitter_card":"summary_large_image","twitter_misc":{"Scritto da":"marisaguarneri","Tempo di lettura stimato":"1 minuto"},"schema":{"@context":"https:\/\/schema.org","@graph":[{"@type":"WebPage","@id":"https:\/\/www.diocesi.torino.it\/arte\/carisma-creativita-catalogazione-gestione-e-progetti-innovativi-per-il-patrimonio-culturale\/","url":"https:\/\/www.diocesi.torino.it\/arte\/carisma-creativita-catalogazione-gestione-e-progetti-innovativi-per-il-patrimonio-culturale\/","name":"Carisma & Creativit\u00e0. Catalogazione, gestione e progetti innovativi per il patrimonio culturale - Beni Culturali ed Edilizia di Culto","isPartOf":{"@id":"https:\/\/www.diocesi.torino.it\/arte\/#website"},"datePublished":"2021-05-20T06:50:47+00:00","dateModified":"2021-05-20T06:50:47+00:00","author":{"@id":"https:\/\/www.diocesi.torino.it\/arte\/#\/schema\/person\/8e7f80668cb00f16be9cd44c3915fcdc"},"breadcrumb":{"@id":"https:\/\/www.diocesi.torino.it\/arte\/carisma-creativita-catalogazione-gestione-e-progetti-innovativi-per-il-patrimonio-culturale\/#breadcrumb"},"inLanguage":"it-IT","potentialAction":[{"@type":"ReadAction","target":["https:\/\/www.diocesi.torino.it\/arte\/carisma-creativita-catalogazione-gestione-e-progetti-innovativi-per-il-patrimonio-culturale\/"]}]},{"@type":"BreadcrumbList","@id":"https:\/\/www.diocesi.torino.it\/arte\/carisma-creativita-catalogazione-gestione-e-progetti-innovativi-per-il-patrimonio-culturale\/#breadcrumb","itemListElement":[{"@type":"ListItem","position":1,"name":"Home","item":"https:\/\/www.diocesi.torino.it\/arte\/"},{"@type":"ListItem","position":2,"name":"Carisma &#038; Creativit\u00e0. Catalogazione, gestione e progetti innovativi per il patrimonio culturale"}]},{"@type":"WebSite","@id":"https:\/\/www.diocesi.torino.it\/arte\/#website","url":"https:\/\/www.diocesi.torino.it\/arte\/","name":"Beni Culturali ed Edilizia di Culto","description":"","potentialAction":[{"@type":"SearchAction","target":{"@type":"EntryPoint","urlTemplate":"https:\/\/www.diocesi.torino.it\/arte\/?s={search_term_string}"},"query-input":"required name=search_term_string"}],"inLanguage":"it-IT"},{"@type":"Person","@id":"https:\/\/www.diocesi.torino.it\/arte\/#\/schema\/person\/8e7f80668cb00f16be9cd44c3915fcdc","name":"marisaguarneri","image":{"@type":"ImageObject","inLanguage":"it-IT","@id":"https:\/\/www.diocesi.torino.it\/arte\/#\/schema\/person\/image\/","url":"https:\/\/secure.gravatar.com\/avatar\/3f51b992ac592d4d140896567a3e5a14?s=96&d=mm&r=g","contentUrl":"https:\/\/secure.gravatar.com\/avatar\/3f51b992ac592d4d140896567a3e5a14?s=96&d=mm&r=g","caption":"marisaguarneri"},"url":"https:\/\/www.diocesi.torino.it\/arte\/author\/marisaguarneri\/"}]}},"_links":{"self":[{"href":"https:\/\/www.diocesi.torino.it\/arte\/wp-json\/wp\/v2\/posts\/2170"}],"collection":[{"href":"https:\/\/www.diocesi.torino.it\/arte\/wp-json\/wp\/v2\/posts"}],"about":[{"href":"https:\/\/www.diocesi.torino.it\/arte\/wp-json\/wp\/v2\/types\/post"}],"author":[{"embeddable":true,"href":"https:\/\/www.diocesi.torino.it\/arte\/wp-json\/wp\/v2\/users\/12"}],"replies":[{"embeddable":true,"href":"https:\/\/www.diocesi.torino.it\/arte\/wp-json\/wp\/v2\/comments?post=2170"}],"version-history":[{"count":6,"href":"https:\/\/www.diocesi.torino.it\/arte\/wp-json\/wp\/v2\/posts\/2170\/revisions"}],"predecessor-version":[{"id":2177,"href":"https:\/\/www.diocesi.torino.it\/arte\/wp-json\/wp\/v2\/posts\/2170\/revisions\/2177"}],"wp:featuredmedia":[{"embeddable":true,"href":"https:\/\/www.diocesi.torino.it\/arte\/wp-json\/wp\/v2\/media\/2171"}],"wp:attachment":[{"href":"https:\/\/www.diocesi.torino.it\/arte\/wp-json\/wp\/v2\/media?parent=2170"}],"wp:term":[{"taxonomy":"category","embeddable":true,"href":"https:\/\/www.diocesi.torino.it\/arte\/wp-json\/wp\/v2\/categories?post=2170"},{"taxonomy":"post_tag","embeddable":true,"href":"https:\/\/www.diocesi.torino.it\/arte\/wp-json\/wp\/v2\/tags?post=2170"}],"curies":[{"name":"wp","href":"https:\/\/api.w.org\/{rel}","templated":true}]}}