{"id":2840,"date":"2022-10-06T08:36:37","date_gmt":"2022-10-06T06:36:37","guid":{"rendered":"https:\/\/www.diocesi.torino.it\/arte\/?p=2840"},"modified":"2022-10-20T16:08:42","modified_gmt":"2022-10-20T14:08:42","slug":"i-luoghi-dellabitare-potenzialita-vulnerabilita-e-cura","status":"publish","type":"post","link":"https:\/\/www.diocesi.torino.it\/arte\/i-luoghi-dellabitare-potenzialita-vulnerabilita-e-cura\/","title":{"rendered":"I luoghi dell\u2019abitare. Potenzialit\u00e0, vulnerabilit\u00e0 e cura"},"content":{"rendered":"<div class=\"cci-singolo-appuntamento-agenda-testo\">L&#8217;<strong><a href=\"https:\/\/www.chiesacattolica.it\/agenda\/?id=21055&amp;tiporicerca=appuntamenti&amp;data_inizio=1665383233000&amp;data_fine=1665383233000\" target=\"_blank\" rel=\"noopener\">Ufficio Nazionale per i beni culturali ecclesiastici e l\u2019edilizia di culto<\/a> <\/strong>in collaborazione con la <a href=\"http:\/\/www.bcepiemonte.it\/\" target=\"_blank\" rel=\"noopener\">Consulta Regionale della Regione Piemonte e Valle d&#8217;Aosta<\/a> e l&#8217;<a href=\"http:\/\/www.diocesi.torino.it\" target=\"_blank\" rel=\"noopener\">Arcidiocesi di Torino<\/a> organizzano le Giornate Nazionali 2022 dai titoli <em><strong>I luoghi dell&#8217;abitare: paesaggio, territorio e comunit\u00e0<\/strong><\/em> e <strong><em>La conservazione del patrimonio: dalla conoscenza alla manutenzione<\/em><\/strong>, fissate per il <b>10 e l&#8217;11 ottobre<\/b> <strong>2022.<\/strong><\/div>\n<div>\n<p>Si riprende il cammino dei grandi convegni organizzati in presenza, da sempre considerati per l&#8217;Ufficio Nazionale come momenti irrinunciabili, tappe importantissime non soltanto per elaborare linee di indirizzo per le attivit\u00e0 nel campo dei beni culturali e dell&#8217;edilizia, ma soprattutto per favorire l&#8217;incontro, lo scambio di idee e rinnovare relazioni in pieno stile sinodale.<br \/>\nDopo due anni di fermo, dovuto alla situazione epidemiologica, si vuole ripartire ricollegandosi ai percorsi conoscitivi gi\u00e0 avviati con la\u00a0<i>Giornata Nazionale del 2019<\/i>, organizzata in tre momenti distinti vissuti a Viareggio, l&#8217;Aquila e Matera, per guardare alle complessit\u00e0 del presente e delineare obiettivi strategici per il futuro.<\/p>\n<div>Le giornate di studio di Torino si svolgeranno in due\u00a0<i>location<\/i>\u00a0distinte: la prima presso i locali del Palazzo Reale, la seconda presso il Centro Conservazione Restauro &#8220;La Venaria Reale&#8221; nell&#8217;omonima Reggia.<\/div>\n<div><\/div>\n<div>\n<p>Nella<b>\u00a0prima giornata<\/b>\u00a0risulteranno centrali i temi del paesaggio e del territorio inquadrandoli nel vissuto delle comunit\u00e0 con l&#8217;accezione di &#8220;luoghi dell&#8217;abitare&#8221;. Pur rimanendo negli ambiti sopra delineati, verr\u00e0 approfondito il delicato settore della vulnerabilit\u00e0 del patrimonio: conoscenza e prevenzione dei rischi. Concluder\u00e0 la prima giornata di studio una visita straordinaria alla Cappella della Sindone dove sono stati recentemente ultimati i lavori di restauro dell&#8217;altare.<\/p>\n<\/div>\n<p>La\u00a0<b>seconda giornata<\/b>\u00a0si svolger\u00e0 alla Venaria Reale interamente presso i locali della Reggia. Si rifletter\u00e0 sulla conservazione programmata del patrimonio facendo riferimento alle esperienze e ai metodi gi\u00e0 sperimentati dagli organismi e dagli enti che si occupano di tutela e di manutenzione programmata nel territorio piemontese. Chiuder\u00e0 la Giornata Nazionale una eccezionale\u00a0<i>visita guidata<\/i>\u00a0nei laboratori di restauro di Venaria.<br \/>\nSar\u00e0 possibile, per chi lo desidera, effettuare una\u00a0<i>visita guidata<\/i>\u00a0in gruppi da 25 persone alla Reggia di Venaria.<\/p>\n<p><b>Destinatari<\/b><br \/>\nIncaricati regionali e diocesani, direttori e collaboratori degli uffici diocesani e tecnici interessati.<br \/>\n\u00c8 in corso la richiesta di accreditamento per il rilascio dei crediti formativi.<\/p>\n<p><b>Iscrizioni<\/b><br \/>\nL&#8217;iscrizione avviene unicamente attraverso la\u00a0<b>compilazione della scheda on-line\u00a0<\/b>collegandosi al seguente\u00a0 link: <a href=\"https:\/\/iniziative.chiesacattolica.it\/giornatanazionalebce2022\" rel=\"nofollow\">GiornataNazionaleTorino2022<\/a>.<br \/>\nL&#8217;iscrizione potr\u00e0 essere validata solo se accompagnata dal versamento della quota organizzativa.<\/p>\n<p>Il termine per le adesioni \u00e8 il<b>\u00a020 settembre 2022<\/b>.<\/p>\n<p>Raggiunto il numero limite di\u00a0<b>180 persone<\/b>\u00a0non sar\u00e0 pi\u00f9 possibile iscriversi.<\/p>\n<p><b>Costi<\/b><\/p>\n<div>\n<p>La quota unica di partecipazione a persona, per entrambe le giornate, \u00e8 fissata in 50,00 euro e comprende:<br \/>\n-I pranzi del 10 ottobre presso il Palazzo Reale e dell&#8217;11 ottobre presso la Venaria Reale;<br \/>\n-Il trasferimento del&#8217;11 ottobre alle ore 8:00 in pullman da viale Regina Margherita angolo via XX Settembre;<br \/>\n-Il trasferimento dalla Venaria Reale verso l&#8217;aeroporto Caselle (To) e la stazione Porta Nuova al termine del convegno;<br \/>\n-le visite previste come da programma.<\/p>\n<p>Il<b>\u00a0pagamento della quota di partecipazione<\/b>\u00a0pu\u00f2 essere effettuato on-line, direttamente sul sistema di gestione delle iniziative, oppure attraverso bonifico alle seguenti coordinate bancarie:<\/p>\n<\/div>\n<div>IBAN:<b>\u00a0IT 17 U 05034 11750 000000165900<\/b>, sul conto intestato alla CONFERENZA EPISCOPALE ITALIANA,<\/div>\n<div>specificando nella causale &#8220;codice iniziativa 21055 &#8211;\u00a0<i>nominativo partecipante<\/i>&#8220;<\/div>\n<p>La quota di iscrizione NON comprende il viaggio di andata e ritorno, l&#8217;alloggio e la cena del 10 ottobre che ogni partecipante dovr\u00e0 organizzare personalmente.<\/p>\n<\/div>\n<p>In allegato la brochure informativa: <a href=\"https:\/\/www.diocesi.torino.it\/arte\/wp-content\/uploads\/sites\/19\/2022\/09\/Pieghevole_torino_10-11ott22-def.pdf\">I luoghi dell\u2019abitare. Potenzialit\u00e0, vulnerabilit\u00e0 e cura<\/a><\/p>\n<div>\n<p><img decoding=\"async\" loading=\"lazy\" class=\"size-medium wp-image-2847 alignleft\" src=\"https:\/\/www.diocesi.torino.it\/arte\/wp-content\/uploads\/sites\/19\/2022\/09\/logo-cei-300x100.jpg\" alt=\"\" width=\"300\" height=\"100\" srcset=\"https:\/\/www.diocesi.torino.it\/arte\/wp-content\/uploads\/sites\/19\/2022\/09\/logo-cei-300x100.jpg 300w, https:\/\/www.diocesi.torino.it\/arte\/wp-content\/uploads\/sites\/19\/2022\/09\/logo-cei-360x120.jpg 360w, https:\/\/www.diocesi.torino.it\/arte\/wp-content\/uploads\/sites\/19\/2022\/09\/logo-cei.jpg 409w\" sizes=\"(max-width: 300px) 100vw, 300px\" \/><\/p>\n<\/div>\n<div>Per informazioni:<br \/>\n<strong>Ufficio Nazionale per i beni culturali ecclesiastici e l\u2019edilizia di culto\u00a0<\/strong><br \/>\nMail <a href=\"mailto:info.bce@chiesacattolica.it\">info.bce@chiesacattolica.it<\/a><br \/>\nTel. 06 66 398 455<\/div>\n<div><\/div>\n<div><img decoding=\"async\" loading=\"lazy\" class=\"size-medium wp-image-2849 aligncenter\" src=\"https:\/\/www.diocesi.torino.it\/arte\/wp-content\/uploads\/sites\/19\/2022\/09\/loghi-300x173.jpg\" alt=\"\" width=\"300\" height=\"173\" srcset=\"https:\/\/www.diocesi.torino.it\/arte\/wp-content\/uploads\/sites\/19\/2022\/09\/loghi-300x173.jpg 300w, https:\/\/www.diocesi.torino.it\/arte\/wp-content\/uploads\/sites\/19\/2022\/09\/loghi-360x207.jpg 360w, https:\/\/www.diocesi.torino.it\/arte\/wp-content\/uploads\/sites\/19\/2022\/09\/loghi.jpg 533w\" sizes=\"(max-width: 300px) 100vw, 300px\" \/><\/div>\n<hr class=\"wpba_attachment_hr\"><div id='wpba_attachment_list' class='wpba wpba-wrap'>\n<ul class='wpba-attachment-list unstyled'><li id='wpba_attachment_list_2856' class='wpba-list-item pull-left'><img src='https:\/\/www.diocesi.torino.it\/arte\/wp-content\/themes\/wp-starter-so\/icons\/document.png' width='16' height='20' class='wpba-icon pull-left'><a href='https:\/\/www.diocesi.torino.it\/arte\/wp-content\/uploads\/sites\/19\/2022\/09\/Pieghevole_torino_10-11ott22-def.pdf' title='I luoghi dell\u2019abitare. Potenzialit\u00e0, vulnerabilit\u00e0 e cura' class='wpba-link pull-left' target=\"_blank\">I luoghi dell\u2019abitare. Potenzialit\u00e0, vulnerabilit\u00e0 e cura<\/a><\/li>\n<\/ul><\/div>\n","protected":false},"excerpt":{"rendered":"<p>L&#8217;Ufficio Nazionale per i beni culturali ecclesiastici e l\u2019edilizia di culto in collaborazione con la Consulta Regionale della Regione Piemonte e Valle d&#8217;Aosta e l&#8217;Arcidiocesi di Torino organizzano le Giornate Nazionali 2022 dai titoli I luoghi dell&#8217;abitare: paesaggio, territorio e comunit\u00e0 e La conservazione del patrimonio: dalla conoscenza alla manutenzione, fissate per il 10 e l&#8217;11 ottobre 2022. Si riprende il cammino dei grandi convegni &hellip; <a href=\"https:\/\/www.diocesi.torino.it\/arte\/i-luoghi-dellabitare-potenzialita-vulnerabilita-e-cura\/\" class=\"more-link\">Continua a leggere <span class=\"screen-reader-text\"><\/span> <span class=\"meta-nav\">&raquo;<\/span><\/a><\/p>\n","protected":false},"author":12,"featured_media":2846,"comment_status":"closed","ping_status":"closed","sticky":false,"template":"","format":"standard","meta":{"ip_address":"","user_agent":"","level":"","revision":"","cookie_id":"","page_referer":"","html_form":"","_expiration-date-status":"","_expiration-date":0,"_expiration-date-type":"","_expiration-date-categories":[],"_expiration-date-options":[]},"categories":[5],"tags":[],"acf":[],"yoast_head":"<!-- This site is optimized with the Yoast SEO plugin v20.8 - https:\/\/yoast.com\/wordpress\/plugins\/seo\/ -->\n<title>I luoghi dell\u2019abitare. Potenzialit\u00e0, vulnerabilit\u00e0 e cura - Beni Culturali ed Edilizia di Culto<\/title>\n<meta name=\"robots\" content=\"index, follow, max-snippet:-1, max-image-preview:large, max-video-preview:-1\" \/>\n<link rel=\"canonical\" href=\"https:\/\/www.diocesi.torino.it\/arte\/i-luoghi-dellabitare-potenzialita-vulnerabilita-e-cura\/\" \/>\n<meta property=\"og:locale\" content=\"it_IT\" \/>\n<meta property=\"og:type\" content=\"article\" \/>\n<meta property=\"og:title\" content=\"I luoghi dell\u2019abitare. Potenzialit\u00e0, vulnerabilit\u00e0 e cura - Beni Culturali ed Edilizia di Culto\" \/>\n<meta property=\"og:description\" content=\"L&#8217;Ufficio Nazionale per i beni culturali ecclesiastici e l\u2019edilizia di culto in collaborazione con la Consulta Regionale della Regione Piemonte e Valle d&#8217;Aosta e l&#8217;Arcidiocesi di Torino organizzano le Giornate Nazionali 2022 dai titoli I luoghi dell&#8217;abitare: paesaggio, territorio e comunit\u00e0 e La conservazione del patrimonio: dalla conoscenza alla manutenzione, fissate per il 10 e l&#8217;11 ottobre 2022. Si riprende il cammino dei grandi convegni &hellip; Continua a leggere &raquo;\" \/>\n<meta property=\"og:url\" content=\"https:\/\/www.diocesi.torino.it\/arte\/i-luoghi-dellabitare-potenzialita-vulnerabilita-e-cura\/\" \/>\n<meta property=\"og:site_name\" content=\"Beni Culturali ed Edilizia di Culto\" \/>\n<meta property=\"article:published_time\" content=\"2022-10-06T06:36:37+00:00\" \/>\n<meta property=\"article:modified_time\" content=\"2022-10-20T14:08:42+00:00\" \/>\n<meta property=\"og:image\" content=\"https:\/\/www.diocesi.torino.it\/arte\/wp-content\/uploads\/sites\/19\/2022\/09\/LOGO.jpg\" \/>\n\t<meta property=\"og:image:width\" content=\"526\" \/>\n\t<meta property=\"og:image:height\" content=\"536\" \/>\n\t<meta property=\"og:image:type\" content=\"image\/jpeg\" \/>\n<meta name=\"author\" content=\"marisaguarneri\" \/>\n<meta name=\"twitter:card\" content=\"summary_large_image\" \/>\n<meta name=\"twitter:label1\" content=\"Scritto da\" \/>\n\t<meta name=\"twitter:data1\" content=\"marisaguarneri\" \/>\n\t<meta name=\"twitter:label2\" content=\"Tempo di lettura stimato\" \/>\n\t<meta name=\"twitter:data2\" content=\"4 minuti\" \/>\n<script type=\"application\/ld+json\" class=\"yoast-schema-graph\">{\"@context\":\"https:\/\/schema.org\",\"@graph\":[{\"@type\":\"WebPage\",\"@id\":\"https:\/\/www.diocesi.torino.it\/arte\/i-luoghi-dellabitare-potenzialita-vulnerabilita-e-cura\/\",\"url\":\"https:\/\/www.diocesi.torino.it\/arte\/i-luoghi-dellabitare-potenzialita-vulnerabilita-e-cura\/\",\"name\":\"I luoghi dell\u2019abitare. Potenzialit\u00e0, vulnerabilit\u00e0 e cura - Beni Culturali ed Edilizia di Culto\",\"isPartOf\":{\"@id\":\"https:\/\/www.diocesi.torino.it\/arte\/#website\"},\"datePublished\":\"2022-10-06T06:36:37+00:00\",\"dateModified\":\"2022-10-20T14:08:42+00:00\",\"author\":{\"@id\":\"https:\/\/www.diocesi.torino.it\/arte\/#\/schema\/person\/8e7f80668cb00f16be9cd44c3915fcdc\"},\"breadcrumb\":{\"@id\":\"https:\/\/www.diocesi.torino.it\/arte\/i-luoghi-dellabitare-potenzialita-vulnerabilita-e-cura\/#breadcrumb\"},\"inLanguage\":\"it-IT\",\"potentialAction\":[{\"@type\":\"ReadAction\",\"target\":[\"https:\/\/www.diocesi.torino.it\/arte\/i-luoghi-dellabitare-potenzialita-vulnerabilita-e-cura\/\"]}]},{\"@type\":\"BreadcrumbList\",\"@id\":\"https:\/\/www.diocesi.torino.it\/arte\/i-luoghi-dellabitare-potenzialita-vulnerabilita-e-cura\/#breadcrumb\",\"itemListElement\":[{\"@type\":\"ListItem\",\"position\":1,\"name\":\"Home\",\"item\":\"https:\/\/www.diocesi.torino.it\/arte\/\"},{\"@type\":\"ListItem\",\"position\":2,\"name\":\"I luoghi dell\u2019abitare. Potenzialit\u00e0, vulnerabilit\u00e0 e cura\"}]},{\"@type\":\"WebSite\",\"@id\":\"https:\/\/www.diocesi.torino.it\/arte\/#website\",\"url\":\"https:\/\/www.diocesi.torino.it\/arte\/\",\"name\":\"Beni Culturali ed Edilizia di Culto\",\"description\":\"\",\"potentialAction\":[{\"@type\":\"SearchAction\",\"target\":{\"@type\":\"EntryPoint\",\"urlTemplate\":\"https:\/\/www.diocesi.torino.it\/arte\/?s={search_term_string}\"},\"query-input\":\"required name=search_term_string\"}],\"inLanguage\":\"it-IT\"},{\"@type\":\"Person\",\"@id\":\"https:\/\/www.diocesi.torino.it\/arte\/#\/schema\/person\/8e7f80668cb00f16be9cd44c3915fcdc\",\"name\":\"marisaguarneri\",\"image\":{\"@type\":\"ImageObject\",\"inLanguage\":\"it-IT\",\"@id\":\"https:\/\/www.diocesi.torino.it\/arte\/#\/schema\/person\/image\/\",\"url\":\"https:\/\/secure.gravatar.com\/avatar\/3f51b992ac592d4d140896567a3e5a14?s=96&d=mm&r=g\",\"contentUrl\":\"https:\/\/secure.gravatar.com\/avatar\/3f51b992ac592d4d140896567a3e5a14?s=96&d=mm&r=g\",\"caption\":\"marisaguarneri\"},\"url\":\"https:\/\/www.diocesi.torino.it\/arte\/author\/marisaguarneri\/\"}]}<\/script>\n<!-- \/ Yoast SEO plugin. -->","yoast_head_json":{"title":"I luoghi dell\u2019abitare. Potenzialit\u00e0, vulnerabilit\u00e0 e cura - Beni Culturali ed Edilizia di Culto","robots":{"index":"index","follow":"follow","max-snippet":"max-snippet:-1","max-image-preview":"max-image-preview:large","max-video-preview":"max-video-preview:-1"},"canonical":"https:\/\/www.diocesi.torino.it\/arte\/i-luoghi-dellabitare-potenzialita-vulnerabilita-e-cura\/","og_locale":"it_IT","og_type":"article","og_title":"I luoghi dell\u2019abitare. Potenzialit\u00e0, vulnerabilit\u00e0 e cura - Beni Culturali ed Edilizia di Culto","og_description":"L&#8217;Ufficio Nazionale per i beni culturali ecclesiastici e l\u2019edilizia di culto in collaborazione con la Consulta Regionale della Regione Piemonte e Valle d&#8217;Aosta e l&#8217;Arcidiocesi di Torino organizzano le Giornate Nazionali 2022 dai titoli I luoghi dell&#8217;abitare: paesaggio, territorio e comunit\u00e0 e La conservazione del patrimonio: dalla conoscenza alla manutenzione, fissate per il 10 e l&#8217;11 ottobre 2022. Si riprende il cammino dei grandi convegni &hellip; Continua a leggere &raquo;","og_url":"https:\/\/www.diocesi.torino.it\/arte\/i-luoghi-dellabitare-potenzialita-vulnerabilita-e-cura\/","og_site_name":"Beni Culturali ed Edilizia di Culto","article_published_time":"2022-10-06T06:36:37+00:00","article_modified_time":"2022-10-20T14:08:42+00:00","og_image":[{"width":526,"height":536,"url":"https:\/\/www.diocesi.torino.it\/arte\/wp-content\/uploads\/sites\/19\/2022\/09\/LOGO.jpg","type":"image\/jpeg"}],"author":"marisaguarneri","twitter_card":"summary_large_image","twitter_misc":{"Scritto da":"marisaguarneri","Tempo di lettura stimato":"4 minuti"},"schema":{"@context":"https:\/\/schema.org","@graph":[{"@type":"WebPage","@id":"https:\/\/www.diocesi.torino.it\/arte\/i-luoghi-dellabitare-potenzialita-vulnerabilita-e-cura\/","url":"https:\/\/www.diocesi.torino.it\/arte\/i-luoghi-dellabitare-potenzialita-vulnerabilita-e-cura\/","name":"I luoghi dell\u2019abitare. Potenzialit\u00e0, vulnerabilit\u00e0 e cura - Beni Culturali ed Edilizia di Culto","isPartOf":{"@id":"https:\/\/www.diocesi.torino.it\/arte\/#website"},"datePublished":"2022-10-06T06:36:37+00:00","dateModified":"2022-10-20T14:08:42+00:00","author":{"@id":"https:\/\/www.diocesi.torino.it\/arte\/#\/schema\/person\/8e7f80668cb00f16be9cd44c3915fcdc"},"breadcrumb":{"@id":"https:\/\/www.diocesi.torino.it\/arte\/i-luoghi-dellabitare-potenzialita-vulnerabilita-e-cura\/#breadcrumb"},"inLanguage":"it-IT","potentialAction":[{"@type":"ReadAction","target":["https:\/\/www.diocesi.torino.it\/arte\/i-luoghi-dellabitare-potenzialita-vulnerabilita-e-cura\/"]}]},{"@type":"BreadcrumbList","@id":"https:\/\/www.diocesi.torino.it\/arte\/i-luoghi-dellabitare-potenzialita-vulnerabilita-e-cura\/#breadcrumb","itemListElement":[{"@type":"ListItem","position":1,"name":"Home","item":"https:\/\/www.diocesi.torino.it\/arte\/"},{"@type":"ListItem","position":2,"name":"I luoghi dell\u2019abitare. Potenzialit\u00e0, vulnerabilit\u00e0 e cura"}]},{"@type":"WebSite","@id":"https:\/\/www.diocesi.torino.it\/arte\/#website","url":"https:\/\/www.diocesi.torino.it\/arte\/","name":"Beni Culturali ed Edilizia di Culto","description":"","potentialAction":[{"@type":"SearchAction","target":{"@type":"EntryPoint","urlTemplate":"https:\/\/www.diocesi.torino.it\/arte\/?s={search_term_string}"},"query-input":"required name=search_term_string"}],"inLanguage":"it-IT"},{"@type":"Person","@id":"https:\/\/www.diocesi.torino.it\/arte\/#\/schema\/person\/8e7f80668cb00f16be9cd44c3915fcdc","name":"marisaguarneri","image":{"@type":"ImageObject","inLanguage":"it-IT","@id":"https:\/\/www.diocesi.torino.it\/arte\/#\/schema\/person\/image\/","url":"https:\/\/secure.gravatar.com\/avatar\/3f51b992ac592d4d140896567a3e5a14?s=96&d=mm&r=g","contentUrl":"https:\/\/secure.gravatar.com\/avatar\/3f51b992ac592d4d140896567a3e5a14?s=96&d=mm&r=g","caption":"marisaguarneri"},"url":"https:\/\/www.diocesi.torino.it\/arte\/author\/marisaguarneri\/"}]}},"_links":{"self":[{"href":"https:\/\/www.diocesi.torino.it\/arte\/wp-json\/wp\/v2\/posts\/2840"}],"collection":[{"href":"https:\/\/www.diocesi.torino.it\/arte\/wp-json\/wp\/v2\/posts"}],"about":[{"href":"https:\/\/www.diocesi.torino.it\/arte\/wp-json\/wp\/v2\/types\/post"}],"author":[{"embeddable":true,"href":"https:\/\/www.diocesi.torino.it\/arte\/wp-json\/wp\/v2\/users\/12"}],"replies":[{"embeddable":true,"href":"https:\/\/www.diocesi.torino.it\/arte\/wp-json\/wp\/v2\/comments?post=2840"}],"version-history":[{"count":16,"href":"https:\/\/www.diocesi.torino.it\/arte\/wp-json\/wp\/v2\/posts\/2840\/revisions"}],"predecessor-version":[{"id":2939,"href":"https:\/\/www.diocesi.torino.it\/arte\/wp-json\/wp\/v2\/posts\/2840\/revisions\/2939"}],"wp:featuredmedia":[{"embeddable":true,"href":"https:\/\/www.diocesi.torino.it\/arte\/wp-json\/wp\/v2\/media\/2846"}],"wp:attachment":[{"href":"https:\/\/www.diocesi.torino.it\/arte\/wp-json\/wp\/v2\/media?parent=2840"}],"wp:term":[{"taxonomy":"category","embeddable":true,"href":"https:\/\/www.diocesi.torino.it\/arte\/wp-json\/wp\/v2\/categories?post=2840"},{"taxonomy":"post_tag","embeddable":true,"href":"https:\/\/www.diocesi.torino.it\/arte\/wp-json\/wp\/v2\/tags?post=2840"}],"curies":[{"name":"wp","href":"https:\/\/api.w.org\/{rel}","templated":true}]}}