{"id":3007,"date":"2022-11-24T17:04:58","date_gmt":"2022-11-24T16:04:58","guid":{"rendered":"https:\/\/www.diocesi.torino.it\/arte\/?p=3007"},"modified":"2023-01-26T11:00:16","modified_gmt":"2023-01-26T10:00:16","slug":"nativita-di-gesu-labbraccio-di-una-madre-labbraccio-di-un-figlio-mostra-al-museo-diocesano-di-torino","status":"publish","type":"post","link":"https:\/\/www.diocesi.torino.it\/arte\/nativita-di-gesu-labbraccio-di-una-madre-labbraccio-di-un-figlio-mostra-al-museo-diocesano-di-torino\/","title":{"rendered":"\u00abNativit\u00e0 di Ges\u00f9: l\u2019abbraccio di una madre, l\u2019abbraccio di un figlio\u00bb, mostra al Museo Diocesano di Torino"},"content":{"rendered":"<p>Domenica 27 novembre 2022 alle 18, nel Museo Diocesano di Torino (piazza San Giovanni), viene inaugurata la mostra \u00abNativit\u00e0 di Ges\u00f9: l\u2019abbraccio di una madre, l\u2019abbraccio di un figlio\u00bb. Nell\u2019occasione sar\u00e0 presente l\u2019ensemble vocale Cordis Iubilo, che eseguir\u00e0 alcuni brani dedicati a Maria, la Madre di Ges\u00f9.<\/p>\n<p>L\u2019esposizione temporanea propone alcune significative rappresentazioni pittoriche e scultoree della Beata Vergine Maria con il Bambino Ges\u00f9 e vuole essere uno stimolo ad apprezzare la vicinanza tra persone e il gesto di abbracciare. Il tempo che viviamo \u00e8 purtroppo caratterizzato da manifestazioni anche violente di distacco, di rifiuto, di distanze&#8230;<\/p>\n<p>La mostra sar\u00e0 visitabile nei giorni di apertura del Museo, venerd\u00ec, sabato, domenica, luned\u00ec, dalle 10 alle 18 (ultimo ingresso alle 17.15),\u00a0<strong>dal 27 novembre al 17 gennaio<\/strong>\u00a02023.<\/p>\n","protected":false},"excerpt":{"rendered":"<p>Domenica 27 novembre 2022 alle 18, nel Museo Diocesano di Torino (piazza San Giovanni), viene inaugurata la mostra \u00abNativit\u00e0 di Ges\u00f9: l\u2019abbraccio di una madre, l\u2019abbraccio di un figlio\u00bb. Nell\u2019occasione sar\u00e0 presente l\u2019ensemble vocale Cordis Iubilo, che eseguir\u00e0 alcuni brani dedicati a Maria, la Madre di Ges\u00f9. L\u2019esposizione temporanea propone alcune significative rappresentazioni pittoriche e scultoree della Beata Vergine Maria con il Bambino Ges\u00f9 e &hellip; <a href=\"https:\/\/www.diocesi.torino.it\/arte\/nativita-di-gesu-labbraccio-di-una-madre-labbraccio-di-un-figlio-mostra-al-museo-diocesano-di-torino\/\" class=\"more-link\">Continua a leggere <span class=\"screen-reader-text\"><\/span> <span class=\"meta-nav\">&raquo;<\/span><\/a><\/p>\n","protected":false},"author":2,"featured_media":3008,"comment_status":"closed","ping_status":"closed","sticky":false,"template":"","format":"standard","meta":{"ip_address":"","user_agent":"","level":"","revision":"","cookie_id":"","page_referer":"","html_form":"","_expiration-date-status":"","_expiration-date":0,"_expiration-date-type":"","_expiration-date-categories":[],"_expiration-date-options":[]},"categories":[5],"tags":[],"acf":[],"yoast_head":"<!-- This site is optimized with the Yoast SEO plugin v20.8 - https:\/\/yoast.com\/wordpress\/plugins\/seo\/ -->\n<title>\u00abNativit\u00e0 di Ges\u00f9: l\u2019abbraccio di una madre, l\u2019abbraccio di un figlio\u00bb, mostra al Museo Diocesano di Torino - Beni Culturali ed Edilizia di Culto<\/title>\n<meta name=\"robots\" content=\"index, follow, max-snippet:-1, max-image-preview:large, max-video-preview:-1\" \/>\n<link rel=\"canonical\" href=\"https:\/\/www.diocesi.torino.it\/arte\/nativita-di-gesu-labbraccio-di-una-madre-labbraccio-di-un-figlio-mostra-al-museo-diocesano-di-torino\/\" \/>\n<meta property=\"og:locale\" content=\"it_IT\" \/>\n<meta property=\"og:type\" content=\"article\" \/>\n<meta property=\"og:title\" content=\"\u00abNativit\u00e0 di Ges\u00f9: l\u2019abbraccio di una madre, l\u2019abbraccio di un figlio\u00bb, mostra al Museo Diocesano di Torino - Beni Culturali ed Edilizia di Culto\" \/>\n<meta property=\"og:description\" content=\"Domenica 27 novembre 2022 alle 18, nel Museo Diocesano di Torino (piazza San Giovanni), viene inaugurata la mostra \u00abNativit\u00e0 di Ges\u00f9: l\u2019abbraccio di una madre, l\u2019abbraccio di un figlio\u00bb. Nell\u2019occasione sar\u00e0 presente l\u2019ensemble vocale Cordis Iubilo, che eseguir\u00e0 alcuni brani dedicati a Maria, la Madre di Ges\u00f9. L\u2019esposizione temporanea propone alcune significative rappresentazioni pittoriche e scultoree della Beata Vergine Maria con il Bambino Ges\u00f9 e &hellip; Continua a leggere &raquo;\" \/>\n<meta property=\"og:url\" content=\"https:\/\/www.diocesi.torino.it\/arte\/nativita-di-gesu-labbraccio-di-una-madre-labbraccio-di-un-figlio-mostra-al-museo-diocesano-di-torino\/\" \/>\n<meta property=\"og:site_name\" content=\"Beni Culturali ed Edilizia di Culto\" \/>\n<meta property=\"article:published_time\" content=\"2022-11-24T16:04:58+00:00\" \/>\n<meta property=\"article:modified_time\" content=\"2023-01-26T10:00:16+00:00\" \/>\n<meta property=\"og:image\" content=\"https:\/\/www.diocesi.torino.it\/arte\/wp-content\/uploads\/sites\/19\/2022\/11\/Nativita_Museo_diocesano_TO_2-scaled.jpg\" \/>\n\t<meta property=\"og:image:width\" content=\"2560\" \/>\n\t<meta property=\"og:image:height\" content=\"1945\" \/>\n\t<meta property=\"og:image:type\" content=\"image\/jpeg\" \/>\n<meta name=\"author\" content=\"larareale\" \/>\n<meta name=\"twitter:card\" content=\"summary_large_image\" \/>\n<meta name=\"twitter:label1\" content=\"Scritto da\" \/>\n\t<meta name=\"twitter:data1\" content=\"larareale\" \/>\n\t<meta name=\"twitter:label2\" content=\"Tempo di lettura stimato\" \/>\n\t<meta name=\"twitter:data2\" content=\"1 minuto\" \/>\n<script type=\"application\/ld+json\" class=\"yoast-schema-graph\">{\"@context\":\"https:\/\/schema.org\",\"@graph\":[{\"@type\":\"WebPage\",\"@id\":\"https:\/\/www.diocesi.torino.it\/arte\/nativita-di-gesu-labbraccio-di-una-madre-labbraccio-di-un-figlio-mostra-al-museo-diocesano-di-torino\/\",\"url\":\"https:\/\/www.diocesi.torino.it\/arte\/nativita-di-gesu-labbraccio-di-una-madre-labbraccio-di-un-figlio-mostra-al-museo-diocesano-di-torino\/\",\"name\":\"\u00abNativit\u00e0 di Ges\u00f9: l\u2019abbraccio di una madre, l\u2019abbraccio di un figlio\u00bb, mostra al Museo Diocesano di Torino - Beni Culturali ed Edilizia di Culto\",\"isPartOf\":{\"@id\":\"https:\/\/www.diocesi.torino.it\/arte\/#website\"},\"datePublished\":\"2022-11-24T16:04:58+00:00\",\"dateModified\":\"2023-01-26T10:00:16+00:00\",\"author\":{\"@id\":\"https:\/\/www.diocesi.torino.it\/arte\/#\/schema\/person\/56b55c0a40c3fcb07f3dcb3d78757beb\"},\"breadcrumb\":{\"@id\":\"https:\/\/www.diocesi.torino.it\/arte\/nativita-di-gesu-labbraccio-di-una-madre-labbraccio-di-un-figlio-mostra-al-museo-diocesano-di-torino\/#breadcrumb\"},\"inLanguage\":\"it-IT\",\"potentialAction\":[{\"@type\":\"ReadAction\",\"target\":[\"https:\/\/www.diocesi.torino.it\/arte\/nativita-di-gesu-labbraccio-di-una-madre-labbraccio-di-un-figlio-mostra-al-museo-diocesano-di-torino\/\"]}]},{\"@type\":\"BreadcrumbList\",\"@id\":\"https:\/\/www.diocesi.torino.it\/arte\/nativita-di-gesu-labbraccio-di-una-madre-labbraccio-di-un-figlio-mostra-al-museo-diocesano-di-torino\/#breadcrumb\",\"itemListElement\":[{\"@type\":\"ListItem\",\"position\":1,\"name\":\"Home\",\"item\":\"https:\/\/www.diocesi.torino.it\/arte\/\"},{\"@type\":\"ListItem\",\"position\":2,\"name\":\"\u00abNativit\u00e0 di Ges\u00f9: l\u2019abbraccio di una madre, l\u2019abbraccio di un figlio\u00bb, mostra al Museo Diocesano di Torino\"}]},{\"@type\":\"WebSite\",\"@id\":\"https:\/\/www.diocesi.torino.it\/arte\/#website\",\"url\":\"https:\/\/www.diocesi.torino.it\/arte\/\",\"name\":\"Beni Culturali ed Edilizia di Culto\",\"description\":\"\",\"potentialAction\":[{\"@type\":\"SearchAction\",\"target\":{\"@type\":\"EntryPoint\",\"urlTemplate\":\"https:\/\/www.diocesi.torino.it\/arte\/?s={search_term_string}\"},\"query-input\":\"required name=search_term_string\"}],\"inLanguage\":\"it-IT\"},{\"@type\":\"Person\",\"@id\":\"https:\/\/www.diocesi.torino.it\/arte\/#\/schema\/person\/56b55c0a40c3fcb07f3dcb3d78757beb\",\"name\":\"larareale\",\"image\":{\"@type\":\"ImageObject\",\"inLanguage\":\"it-IT\",\"@id\":\"https:\/\/www.diocesi.torino.it\/arte\/#\/schema\/person\/image\/\",\"url\":\"https:\/\/secure.gravatar.com\/avatar\/bd6d2c622061a23404d73429d58b9674?s=96&d=mm&r=g\",\"contentUrl\":\"https:\/\/secure.gravatar.com\/avatar\/bd6d2c622061a23404d73429d58b9674?s=96&d=mm&r=g\",\"caption\":\"larareale\"},\"url\":\"https:\/\/www.diocesi.torino.it\/arte\/author\/larareale\/\"}]}<\/script>\n<!-- \/ Yoast SEO plugin. -->","yoast_head_json":{"title":"\u00abNativit\u00e0 di Ges\u00f9: l\u2019abbraccio di una madre, l\u2019abbraccio di un figlio\u00bb, mostra al Museo Diocesano di Torino - Beni Culturali ed Edilizia di Culto","robots":{"index":"index","follow":"follow","max-snippet":"max-snippet:-1","max-image-preview":"max-image-preview:large","max-video-preview":"max-video-preview:-1"},"canonical":"https:\/\/www.diocesi.torino.it\/arte\/nativita-di-gesu-labbraccio-di-una-madre-labbraccio-di-un-figlio-mostra-al-museo-diocesano-di-torino\/","og_locale":"it_IT","og_type":"article","og_title":"\u00abNativit\u00e0 di Ges\u00f9: l\u2019abbraccio di una madre, l\u2019abbraccio di un figlio\u00bb, mostra al Museo Diocesano di Torino - Beni Culturali ed Edilizia di Culto","og_description":"Domenica 27 novembre 2022 alle 18, nel Museo Diocesano di Torino (piazza San Giovanni), viene inaugurata la mostra \u00abNativit\u00e0 di Ges\u00f9: l\u2019abbraccio di una madre, l\u2019abbraccio di un figlio\u00bb. Nell\u2019occasione sar\u00e0 presente l\u2019ensemble vocale Cordis Iubilo, che eseguir\u00e0 alcuni brani dedicati a Maria, la Madre di Ges\u00f9. L\u2019esposizione temporanea propone alcune significative rappresentazioni pittoriche e scultoree della Beata Vergine Maria con il Bambino Ges\u00f9 e &hellip; Continua a leggere &raquo;","og_url":"https:\/\/www.diocesi.torino.it\/arte\/nativita-di-gesu-labbraccio-di-una-madre-labbraccio-di-un-figlio-mostra-al-museo-diocesano-di-torino\/","og_site_name":"Beni Culturali ed Edilizia di Culto","article_published_time":"2022-11-24T16:04:58+00:00","article_modified_time":"2023-01-26T10:00:16+00:00","og_image":[{"width":2560,"height":1945,"url":"https:\/\/www.diocesi.torino.it\/arte\/wp-content\/uploads\/sites\/19\/2022\/11\/Nativita_Museo_diocesano_TO_2-scaled.jpg","type":"image\/jpeg"}],"author":"larareale","twitter_card":"summary_large_image","twitter_misc":{"Scritto da":"larareale","Tempo di lettura stimato":"1 minuto"},"schema":{"@context":"https:\/\/schema.org","@graph":[{"@type":"WebPage","@id":"https:\/\/www.diocesi.torino.it\/arte\/nativita-di-gesu-labbraccio-di-una-madre-labbraccio-di-un-figlio-mostra-al-museo-diocesano-di-torino\/","url":"https:\/\/www.diocesi.torino.it\/arte\/nativita-di-gesu-labbraccio-di-una-madre-labbraccio-di-un-figlio-mostra-al-museo-diocesano-di-torino\/","name":"\u00abNativit\u00e0 di Ges\u00f9: l\u2019abbraccio di una madre, l\u2019abbraccio di un figlio\u00bb, mostra al Museo Diocesano di Torino - Beni Culturali ed Edilizia di Culto","isPartOf":{"@id":"https:\/\/www.diocesi.torino.it\/arte\/#website"},"datePublished":"2022-11-24T16:04:58+00:00","dateModified":"2023-01-26T10:00:16+00:00","author":{"@id":"https:\/\/www.diocesi.torino.it\/arte\/#\/schema\/person\/56b55c0a40c3fcb07f3dcb3d78757beb"},"breadcrumb":{"@id":"https:\/\/www.diocesi.torino.it\/arte\/nativita-di-gesu-labbraccio-di-una-madre-labbraccio-di-un-figlio-mostra-al-museo-diocesano-di-torino\/#breadcrumb"},"inLanguage":"it-IT","potentialAction":[{"@type":"ReadAction","target":["https:\/\/www.diocesi.torino.it\/arte\/nativita-di-gesu-labbraccio-di-una-madre-labbraccio-di-un-figlio-mostra-al-museo-diocesano-di-torino\/"]}]},{"@type":"BreadcrumbList","@id":"https:\/\/www.diocesi.torino.it\/arte\/nativita-di-gesu-labbraccio-di-una-madre-labbraccio-di-un-figlio-mostra-al-museo-diocesano-di-torino\/#breadcrumb","itemListElement":[{"@type":"ListItem","position":1,"name":"Home","item":"https:\/\/www.diocesi.torino.it\/arte\/"},{"@type":"ListItem","position":2,"name":"\u00abNativit\u00e0 di Ges\u00f9: l\u2019abbraccio di una madre, l\u2019abbraccio di un figlio\u00bb, mostra al Museo Diocesano di Torino"}]},{"@type":"WebSite","@id":"https:\/\/www.diocesi.torino.it\/arte\/#website","url":"https:\/\/www.diocesi.torino.it\/arte\/","name":"Beni Culturali ed Edilizia di Culto","description":"","potentialAction":[{"@type":"SearchAction","target":{"@type":"EntryPoint","urlTemplate":"https:\/\/www.diocesi.torino.it\/arte\/?s={search_term_string}"},"query-input":"required name=search_term_string"}],"inLanguage":"it-IT"},{"@type":"Person","@id":"https:\/\/www.diocesi.torino.it\/arte\/#\/schema\/person\/56b55c0a40c3fcb07f3dcb3d78757beb","name":"larareale","image":{"@type":"ImageObject","inLanguage":"it-IT","@id":"https:\/\/www.diocesi.torino.it\/arte\/#\/schema\/person\/image\/","url":"https:\/\/secure.gravatar.com\/avatar\/bd6d2c622061a23404d73429d58b9674?s=96&d=mm&r=g","contentUrl":"https:\/\/secure.gravatar.com\/avatar\/bd6d2c622061a23404d73429d58b9674?s=96&d=mm&r=g","caption":"larareale"},"url":"https:\/\/www.diocesi.torino.it\/arte\/author\/larareale\/"}]}},"_links":{"self":[{"href":"https:\/\/www.diocesi.torino.it\/arte\/wp-json\/wp\/v2\/posts\/3007"}],"collection":[{"href":"https:\/\/www.diocesi.torino.it\/arte\/wp-json\/wp\/v2\/posts"}],"about":[{"href":"https:\/\/www.diocesi.torino.it\/arte\/wp-json\/wp\/v2\/types\/post"}],"author":[{"embeddable":true,"href":"https:\/\/www.diocesi.torino.it\/arte\/wp-json\/wp\/v2\/users\/2"}],"replies":[{"embeddable":true,"href":"https:\/\/www.diocesi.torino.it\/arte\/wp-json\/wp\/v2\/comments?post=3007"}],"version-history":[{"count":3,"href":"https:\/\/www.diocesi.torino.it\/arte\/wp-json\/wp\/v2\/posts\/3007\/revisions"}],"predecessor-version":[{"id":3014,"href":"https:\/\/www.diocesi.torino.it\/arte\/wp-json\/wp\/v2\/posts\/3007\/revisions\/3014"}],"wp:featuredmedia":[{"embeddable":true,"href":"https:\/\/www.diocesi.torino.it\/arte\/wp-json\/wp\/v2\/media\/3008"}],"wp:attachment":[{"href":"https:\/\/www.diocesi.torino.it\/arte\/wp-json\/wp\/v2\/media?parent=3007"}],"wp:term":[{"taxonomy":"category","embeddable":true,"href":"https:\/\/www.diocesi.torino.it\/arte\/wp-json\/wp\/v2\/categories?post=3007"},{"taxonomy":"post_tag","embeddable":true,"href":"https:\/\/www.diocesi.torino.it\/arte\/wp-json\/wp\/v2\/tags?post=3007"}],"curies":[{"name":"wp","href":"https:\/\/api.w.org\/{rel}","templated":true}]}}