{"id":3525,"date":"2024-03-30T12:16:45","date_gmt":"2024-03-30T11:16:45","guid":{"rendered":"https:\/\/www.diocesi.torino.it\/arte\/?p=3525"},"modified":"2024-04-09T08:20:51","modified_gmt":"2024-04-09T06:20:51","slug":"liturgia-e-architettura-progetti-per-le-chiese-e-il-patrimonio-ecclesiastico","status":"publish","type":"post","link":"https:\/\/www.diocesi.torino.it\/arte\/liturgia-e-architettura-progetti-per-le-chiese-e-il-patrimonio-ecclesiastico\/","title":{"rendered":"Liturgia e architettura. Progetti per le chiese e il patrimonio ecclesiastico"},"content":{"rendered":"<p>L&#8217;Ordine degli Architetti e la Fondazione per l&#8217;Architettura organizzano un corso su<\/p>\n<p><em><strong>Liturgia e architettura. Progetti per le chiese e il patrimonio ecclesiastico<\/strong><\/em><\/p>\n<p><strong>CODICE CORSO<\/strong>\u00a0 \u00a02345-2350<\/p>\n<p><strong>CFP<\/strong>\u00a0 \u00a08+8<\/p>\n<p><strong>DATA INIZIO CORSO<\/strong>\u00a0\u00a009\/04\/24<\/p>\n<p><strong>DOVE\u00a0<\/strong>\u00a0Sede OAT\/Online<\/p>\n<p><strong>SCADENZA ISCRIZIONI\u00a0<\/strong> 26\/03\/2024<\/p>\n<p>Il patrimonio di interesse religioso in Italia conta almeno 100mila chiese, oltre a consistenti volumi di conventi, monasteri, seminari e altre attrezzatture per la vita comune e la formazione. Tale patrimonio \u00e8 oggetto di cura da parte delle comunit\u00e0 \u2013 religiose e civili \u2013 perch\u00e9 costituisce sia l\u2019armatura della struttura insediativa storica, sia l\u2019infrastruttura di servizio per ampie aree di recente urbanizzazione. Il progetto di architettura \u00e8 quindi chiamato ad assolvere una pluralit\u00e0 di funzioni nei confronti di tale patrimonio, cos\u00ec diversificato e cos\u00ec sensibile per la vita delle persone, molto stratificato ma anche in continua espansione.<\/p>\n<p>I moduli formativi offrono ai professionisti \u2013 dopo un quadro introduttivo istituzionale e normativo che definisce il rapporto tra liturgia, vita ecclesiale e ambiente costruito \u2013 una rassegna dei diversi tipi di intervento quotidianamente intrapresi dai committenti ecclesiastici: adeguamento di edifici storici, progettazione di nuove strutture, pianificazione di un migliore uso delle chiese sottoutilizzate.<\/p>\n<p>E\u2019 possibile iscriversi al corso completo 16 ORE \u2013 COD. 2345-6\u00a0 (iscrizioni dai link in testa) o solo alla parte 1 o 2 (iscrizioni dai link all\u2019interno del programma).<\/p>\n<p><strong>In presenza presso la sede dell\u2019Ordine degli Architetti di Torino, via Giolitti 1<br \/>\no in webinar<\/strong><\/p>\n<p><strong>CORSO COMPLETO 16 ORE \u2013 COD. 2345-6<\/strong><\/p>\n<p><strong>PARTE 1 \u00a0(8 ore)\u00a0\u00a0\u00a0 cod. 2347-2348<br \/>\n<\/strong><\/p>\n<ul>\n<li><strong>Marted\u00ec 9 aprile 2024, ore 14-18<br \/>\n<\/strong><strong>La liturgia come \u201ccommittente\u201d: principi di fondo del progetto<br \/>\n<\/strong>14:00-16:00\u00a0<em>Liturgia e architettura: questioni teologiche e rituali nelle norme e nella vita ecclesiale<\/em>, don\u00a0<strong>Franco Magnani<\/strong>\u00a0(gi\u00e0 direttore dell\u2019Ufficio Liturgico Nazionale della CEI, diocesi di Mantova)<br \/>\n16:00-17:00\u00a0<em>Luoghi sacri, fruizione e progetto nel diritto: riferimenti normativi,\u00a0<\/em>prof.\u00a0<strong>Ilaria Zuanazzi<\/strong>\u00a0(docente di diritto canonico ed ecclesiastico, Universit\u00e0 degli Studi di Torino)<br \/>\n17:00-18:00\u00a0<em>Liturgia e organizzazione ecclesiastica: uffici, commissioni e procedure<\/em>, arch.\u00a0<strong>Adriano Sozza<\/strong>\u00a0(Delegato Arcivescovile e Responsabile per i Beni Culturali Ecclesiastici e l\u2019Edilizia di Culto)<\/li>\n<li><strong>Marted\u00ec 16 aprile 2024, ore 14-18<br \/>\n<\/strong><strong>Il progetto di adeguamento liturgico delle chiese storiche<br \/>\n<\/strong>14:00-15:00\u00a0<em>L\u2019adeguamento liturgico: profili teologici e progettuali,\u00a0<\/em>Goffredo Boselli (liturgista)<br \/>\n15:00-16:30\u00a0<em>Liturgia e conservazione: le istituzioni tra conoscenza e progetto,\u00a0<\/em>don\u00a0<strong>Gianluca Popolla<\/strong>\u00a0(Incaricato regionale Beni Culturali Ecclesiastici Piemonte e Valle d\u2019Aosta) e arch.\u00a0<strong>Adriano Sozza<\/strong>\u00a0(Delegato Arcivescovile e Responsabile per i Beni Culturali Ecclesiastici e l\u2019Edilizia di Culto)<br \/>\n16:30-17:30\u00a0<em>Architetture adeguate? Riflessioni su alcuni casi-studio<\/em>, prof.\u00a0<strong>Francesco Novelli<\/strong>\u00a0(docente di Restauro architettonico, Politecnico di Torino)<br \/>\n17:30-18:00<br \/>\n<em>I concorsi sull\u2019adeguamento delle cattedrali: esperienze recenti\u00a0<\/em>(testimonianza di un vincitore di concorso recente, intervistato da Andrea Longhi)<br \/>\n<strong><a href=\"https:\/\/ordine.oato.it\/formazione\/reg\/2347\/progetti-per-le-chiese-e-il-patrimonio-ecclesiastico-parte-1\">Iscriviti alla PARTE 1 in aula<\/a><\/strong><br \/>\n<strong><a href=\"https:\/\/ordine.oato.it\/formazione\/reg\/2348\/progetti-per-le-chiese-e-il-patrimonio-ecclesiastico-parte-1\">Iscriviti alla PARTE 1 in webinar<\/a><\/strong><\/li>\n<\/ul>\n<p><strong>PARTE 2 \u00a0(8 ore)\u00a0\u00a0\u00a0 cod. 2349-2350<\/strong><\/p>\n<ul>\n<li><strong>Marted\u00ec 23 aprile 2024, ore 14-18<br \/>\n<\/strong><strong>Il complesso parrocchiale, tra liturgia e socialit\u00e0<br \/>\n<\/strong>14:00-15:00\u00a0<em>La parrocchia e il complesso parrocchiale: profilo pastorale, aspettative, esigenze, vincoli<\/em>, don\u00a0<strong>Mario<\/strong>\u00a0<strong>Aversano<\/strong>\u00a0(Vicario episcopale per la Pastorale sul territorio della Diocesi di Torino)<br \/>\n15:00-16:00\u00a0<em>I concorsi di architettura liturgica: esperienze e prospettive<\/em>, ing.\u00a0<strong>Luigi Bartolomei<\/strong>\u00a0(\u201cIl Giornale dell\u2019Architettura\u201d, docente di Composizione architettonica, Universit\u00e0 di Bologna)<br \/>\n16:00-17:00\u00a0<em>Percorsi partecipativi nelle comunit\u00e0 ecclesiali: esperienze e principi<\/em>, arch.\u00a0<strong>Giulia De Lucia<\/strong>\u00a0(ricercatrice di Storia dell\u2019architettura, Politecnico di Torino)<br \/>\n17:00-18:00\u00a0<em>Complessi parrocchiali e servizi alla citt\u00e0<\/em>, arch.\u00a0<strong>Francesca Dapr\u00e0<\/strong>\u00a0(ricercatrice di Tecnologia dell\u2019architettura, Politecnico di Milano)<\/li>\n<li><strong>Luned\u00ec 6 maggio 20224 ore 9-13<br \/>\n<\/strong><strong>Dopo la liturgia, la chiesa resta: la trasformazione di chiese sottoutilizzate<br \/>\n<\/strong>14:00-15:00\u00a0<em>Il migliore uso ecclesiale delle chiese sottoutilizzate: il documento di orientamento del Vaticano (2018), aspetti teorici ed esperienze internazionali<\/em>, prof.\u00a0<strong>Andrea Longhi<\/strong>\u00a0(docente di Storia dell\u2019architettura, Politecnico di Torino)<br \/>\n15:00-16:00\u00a0<em>Questioni giuridiche di dimissione e dismissione<\/em>, dott.\u00a0<strong>Davide Dimodugno<\/strong>\u00a0(ricercatore di Diritto canonico ed ecclesiastico, Universit\u00e0 di Torino)<br \/>\n16:00-17:00\u00a0<em>Chiese adattate, chiese trasformate. Riflessioni su casi-studio<\/em>, prof.\u00a0<strong>Francesco Novelli\u00a0<\/strong>(docente di Restauro architettonico, Politecnico di Torino)<br \/>\n17:00-18:00\u00a0<em>Una visione sistemica del patrimonio religioso, tra rischi e potenzialit\u00e0<\/em>, arch.\u00a0<strong>Giulia De Lucia<\/strong>\u00a0(ricercatrice di Storia dell\u2019architettura, Politecnico di Torino)<br \/>\n<strong><a href=\"https:\/\/ordine.oato.it\/formazione\/reg\/2349\/progetti-per-le-chiese-e-il-patrimonio-ecclesiastico-parte-2\">Iscriviti alla PARTE 2 in aula<\/a><\/strong><br \/>\n<strong><a href=\"https:\/\/ordine.oato.it\/formazione\/reg\/2350\/progetti-per-le-chiese-e-il-patrimonio-ecclesiastico-parte-2\">Iscriviti alla PARTE 2 in webinar<\/a><\/strong><\/li>\n<\/ul>\n<p><a href=\"https:\/\/www.fondazioneperlarchitettura.it\/corso\/progetti-per-le-chiese-e-il-patrimonio-ecclesiastico-liturgia-e-architettura\/\" target=\"_blank\" rel=\"noopener\">Per maggior informazioni vai a questo link<\/a><\/p>\n<p><a href=\"https:\/\/ordine.oato.it\/formazione\/reg\/2345\/progetti-per-le-chiese-e-il-patrimonio-ecclesiastico\">ISCRIVITI AL CICLO COMPLETO IN AULA<\/a><a href=\"https:\/\/ordine.oato.it\/formazione\/reg\/2346\/progetti-per-le-chiese-e-il-patrimonio-ecclesiastico\">ISCRIVITI AL CICLO COMPLETO IN WEBINAR<\/a><\/p>\n","protected":false},"excerpt":{"rendered":"<p>L&#8217;Ordine degli Architetti e la Fondazione per l&#8217;Architettura organizzano un corso su Liturgia e architettura. Progetti per le chiese e il patrimonio ecclesiastico CODICE CORSO\u00a0 \u00a02345-2350 CFP\u00a0 \u00a08+8 DATA INIZIO CORSO\u00a0\u00a009\/04\/24 DOVE\u00a0\u00a0Sede OAT\/Online SCADENZA ISCRIZIONI\u00a0 26\/03\/2024 Il patrimonio di interesse religioso in Italia conta almeno 100mila chiese, oltre a consistenti volumi di conventi, monasteri, seminari e altre attrezzatture per la vita comune e la formazione. &hellip; <a href=\"https:\/\/www.diocesi.torino.it\/arte\/liturgia-e-architettura-progetti-per-le-chiese-e-il-patrimonio-ecclesiastico\/\" class=\"more-link\">Continua a leggere <span class=\"screen-reader-text\"><\/span> <span class=\"meta-nav\">&raquo;<\/span><\/a><\/p>\n","protected":false},"author":12,"featured_media":3534,"comment_status":"closed","ping_status":"closed","sticky":false,"template":"","format":"standard","meta":{"ip_address":"","user_agent":"","level":"","revision":"","cookie_id":"","page_referer":"","html_form":"","_expiration-date-status":"","_expiration-date":0,"_expiration-date-type":"","_expiration-date-categories":[],"_expiration-date-options":[]},"categories":[5,4,1],"tags":[],"acf":[],"yoast_head":"<!-- This site is optimized with the Yoast SEO plugin v20.8 - https:\/\/yoast.com\/wordpress\/plugins\/seo\/ -->\n<title>Liturgia e architettura. Progetti per le chiese e il patrimonio ecclesiastico - Beni Culturali ed Edilizia di Culto<\/title>\n<meta name=\"robots\" content=\"index, follow, max-snippet:-1, max-image-preview:large, max-video-preview:-1\" \/>\n<link rel=\"canonical\" href=\"https:\/\/www.diocesi.torino.it\/arte\/liturgia-e-architettura-progetti-per-le-chiese-e-il-patrimonio-ecclesiastico\/\" \/>\n<meta property=\"og:locale\" content=\"it_IT\" \/>\n<meta property=\"og:type\" content=\"article\" \/>\n<meta property=\"og:title\" content=\"Liturgia e architettura. Progetti per le chiese e il patrimonio ecclesiastico - Beni Culturali ed Edilizia di Culto\" \/>\n<meta property=\"og:description\" content=\"L&#8217;Ordine degli Architetti e la Fondazione per l&#8217;Architettura organizzano un corso su Liturgia e architettura. Progetti per le chiese e il patrimonio ecclesiastico CODICE CORSO\u00a0 \u00a02345-2350 CFP\u00a0 \u00a08+8 DATA INIZIO CORSO\u00a0\u00a009\/04\/24 DOVE\u00a0\u00a0Sede OAT\/Online SCADENZA ISCRIZIONI\u00a0 26\/03\/2024 Il patrimonio di interesse religioso in Italia conta almeno 100mila chiese, oltre a consistenti volumi di conventi, monasteri, seminari e altre attrezzatture per la vita comune e la formazione. &hellip; Continua a leggere &raquo;\" \/>\n<meta property=\"og:url\" content=\"https:\/\/www.diocesi.torino.it\/arte\/liturgia-e-architettura-progetti-per-le-chiese-e-il-patrimonio-ecclesiastico\/\" \/>\n<meta property=\"og:site_name\" content=\"Beni Culturali ed Edilizia di Culto\" \/>\n<meta property=\"article:published_time\" content=\"2024-03-30T11:16:45+00:00\" \/>\n<meta property=\"article:modified_time\" content=\"2024-04-09T06:20:51+00:00\" \/>\n<meta property=\"og:image\" content=\"https:\/\/www.diocesi.torino.it\/arte\/wp-content\/uploads\/sites\/19\/2024\/02\/liturgia-e-architettura-1-scaled.jpg\" \/>\n\t<meta property=\"og:image:width\" content=\"2560\" \/>\n\t<meta property=\"og:image:height\" content=\"1440\" \/>\n\t<meta property=\"og:image:type\" content=\"image\/jpeg\" \/>\n<meta name=\"author\" content=\"marisaguarneri\" \/>\n<meta name=\"twitter:card\" content=\"summary_large_image\" \/>\n<meta name=\"twitter:label1\" content=\"Scritto da\" \/>\n\t<meta name=\"twitter:data1\" content=\"marisaguarneri\" \/>\n\t<meta name=\"twitter:label2\" content=\"Tempo di lettura stimato\" \/>\n\t<meta name=\"twitter:data2\" content=\"4 minuti\" \/>\n<script type=\"application\/ld+json\" class=\"yoast-schema-graph\">{\"@context\":\"https:\/\/schema.org\",\"@graph\":[{\"@type\":\"WebPage\",\"@id\":\"https:\/\/www.diocesi.torino.it\/arte\/liturgia-e-architettura-progetti-per-le-chiese-e-il-patrimonio-ecclesiastico\/\",\"url\":\"https:\/\/www.diocesi.torino.it\/arte\/liturgia-e-architettura-progetti-per-le-chiese-e-il-patrimonio-ecclesiastico\/\",\"name\":\"Liturgia e architettura. Progetti per le chiese e il patrimonio ecclesiastico - Beni Culturali ed Edilizia di Culto\",\"isPartOf\":{\"@id\":\"https:\/\/www.diocesi.torino.it\/arte\/#website\"},\"datePublished\":\"2024-03-30T11:16:45+00:00\",\"dateModified\":\"2024-04-09T06:20:51+00:00\",\"author\":{\"@id\":\"https:\/\/www.diocesi.torino.it\/arte\/#\/schema\/person\/8e7f80668cb00f16be9cd44c3915fcdc\"},\"breadcrumb\":{\"@id\":\"https:\/\/www.diocesi.torino.it\/arte\/liturgia-e-architettura-progetti-per-le-chiese-e-il-patrimonio-ecclesiastico\/#breadcrumb\"},\"inLanguage\":\"it-IT\",\"potentialAction\":[{\"@type\":\"ReadAction\",\"target\":[\"https:\/\/www.diocesi.torino.it\/arte\/liturgia-e-architettura-progetti-per-le-chiese-e-il-patrimonio-ecclesiastico\/\"]}]},{\"@type\":\"BreadcrumbList\",\"@id\":\"https:\/\/www.diocesi.torino.it\/arte\/liturgia-e-architettura-progetti-per-le-chiese-e-il-patrimonio-ecclesiastico\/#breadcrumb\",\"itemListElement\":[{\"@type\":\"ListItem\",\"position\":1,\"name\":\"Home\",\"item\":\"https:\/\/www.diocesi.torino.it\/arte\/\"},{\"@type\":\"ListItem\",\"position\":2,\"name\":\"Liturgia e architettura. Progetti per le chiese e il patrimonio ecclesiastico\"}]},{\"@type\":\"WebSite\",\"@id\":\"https:\/\/www.diocesi.torino.it\/arte\/#website\",\"url\":\"https:\/\/www.diocesi.torino.it\/arte\/\",\"name\":\"Beni Culturali ed Edilizia di Culto\",\"description\":\"\",\"potentialAction\":[{\"@type\":\"SearchAction\",\"target\":{\"@type\":\"EntryPoint\",\"urlTemplate\":\"https:\/\/www.diocesi.torino.it\/arte\/?s={search_term_string}\"},\"query-input\":\"required name=search_term_string\"}],\"inLanguage\":\"it-IT\"},{\"@type\":\"Person\",\"@id\":\"https:\/\/www.diocesi.torino.it\/arte\/#\/schema\/person\/8e7f80668cb00f16be9cd44c3915fcdc\",\"name\":\"marisaguarneri\",\"image\":{\"@type\":\"ImageObject\",\"inLanguage\":\"it-IT\",\"@id\":\"https:\/\/www.diocesi.torino.it\/arte\/#\/schema\/person\/image\/\",\"url\":\"https:\/\/secure.gravatar.com\/avatar\/3f51b992ac592d4d140896567a3e5a14?s=96&d=mm&r=g\",\"contentUrl\":\"https:\/\/secure.gravatar.com\/avatar\/3f51b992ac592d4d140896567a3e5a14?s=96&d=mm&r=g\",\"caption\":\"marisaguarneri\"},\"url\":\"https:\/\/www.diocesi.torino.it\/arte\/author\/marisaguarneri\/\"}]}<\/script>\n<!-- \/ Yoast SEO plugin. -->","yoast_head_json":{"title":"Liturgia e architettura. Progetti per le chiese e il patrimonio ecclesiastico - Beni Culturali ed Edilizia di Culto","robots":{"index":"index","follow":"follow","max-snippet":"max-snippet:-1","max-image-preview":"max-image-preview:large","max-video-preview":"max-video-preview:-1"},"canonical":"https:\/\/www.diocesi.torino.it\/arte\/liturgia-e-architettura-progetti-per-le-chiese-e-il-patrimonio-ecclesiastico\/","og_locale":"it_IT","og_type":"article","og_title":"Liturgia e architettura. Progetti per le chiese e il patrimonio ecclesiastico - Beni Culturali ed Edilizia di Culto","og_description":"L&#8217;Ordine degli Architetti e la Fondazione per l&#8217;Architettura organizzano un corso su Liturgia e architettura. Progetti per le chiese e il patrimonio ecclesiastico CODICE CORSO\u00a0 \u00a02345-2350 CFP\u00a0 \u00a08+8 DATA INIZIO CORSO\u00a0\u00a009\/04\/24 DOVE\u00a0\u00a0Sede OAT\/Online SCADENZA ISCRIZIONI\u00a0 26\/03\/2024 Il patrimonio di interesse religioso in Italia conta almeno 100mila chiese, oltre a consistenti volumi di conventi, monasteri, seminari e altre attrezzatture per la vita comune e la formazione. &hellip; Continua a leggere &raquo;","og_url":"https:\/\/www.diocesi.torino.it\/arte\/liturgia-e-architettura-progetti-per-le-chiese-e-il-patrimonio-ecclesiastico\/","og_site_name":"Beni Culturali ed Edilizia di Culto","article_published_time":"2024-03-30T11:16:45+00:00","article_modified_time":"2024-04-09T06:20:51+00:00","og_image":[{"width":2560,"height":1440,"url":"https:\/\/www.diocesi.torino.it\/arte\/wp-content\/uploads\/sites\/19\/2024\/02\/liturgia-e-architettura-1-scaled.jpg","type":"image\/jpeg"}],"author":"marisaguarneri","twitter_card":"summary_large_image","twitter_misc":{"Scritto da":"marisaguarneri","Tempo di lettura stimato":"4 minuti"},"schema":{"@context":"https:\/\/schema.org","@graph":[{"@type":"WebPage","@id":"https:\/\/www.diocesi.torino.it\/arte\/liturgia-e-architettura-progetti-per-le-chiese-e-il-patrimonio-ecclesiastico\/","url":"https:\/\/www.diocesi.torino.it\/arte\/liturgia-e-architettura-progetti-per-le-chiese-e-il-patrimonio-ecclesiastico\/","name":"Liturgia e architettura. Progetti per le chiese e il patrimonio ecclesiastico - Beni Culturali ed Edilizia di Culto","isPartOf":{"@id":"https:\/\/www.diocesi.torino.it\/arte\/#website"},"datePublished":"2024-03-30T11:16:45+00:00","dateModified":"2024-04-09T06:20:51+00:00","author":{"@id":"https:\/\/www.diocesi.torino.it\/arte\/#\/schema\/person\/8e7f80668cb00f16be9cd44c3915fcdc"},"breadcrumb":{"@id":"https:\/\/www.diocesi.torino.it\/arte\/liturgia-e-architettura-progetti-per-le-chiese-e-il-patrimonio-ecclesiastico\/#breadcrumb"},"inLanguage":"it-IT","potentialAction":[{"@type":"ReadAction","target":["https:\/\/www.diocesi.torino.it\/arte\/liturgia-e-architettura-progetti-per-le-chiese-e-il-patrimonio-ecclesiastico\/"]}]},{"@type":"BreadcrumbList","@id":"https:\/\/www.diocesi.torino.it\/arte\/liturgia-e-architettura-progetti-per-le-chiese-e-il-patrimonio-ecclesiastico\/#breadcrumb","itemListElement":[{"@type":"ListItem","position":1,"name":"Home","item":"https:\/\/www.diocesi.torino.it\/arte\/"},{"@type":"ListItem","position":2,"name":"Liturgia e architettura. Progetti per le chiese e il patrimonio ecclesiastico"}]},{"@type":"WebSite","@id":"https:\/\/www.diocesi.torino.it\/arte\/#website","url":"https:\/\/www.diocesi.torino.it\/arte\/","name":"Beni Culturali ed Edilizia di Culto","description":"","potentialAction":[{"@type":"SearchAction","target":{"@type":"EntryPoint","urlTemplate":"https:\/\/www.diocesi.torino.it\/arte\/?s={search_term_string}"},"query-input":"required name=search_term_string"}],"inLanguage":"it-IT"},{"@type":"Person","@id":"https:\/\/www.diocesi.torino.it\/arte\/#\/schema\/person\/8e7f80668cb00f16be9cd44c3915fcdc","name":"marisaguarneri","image":{"@type":"ImageObject","inLanguage":"it-IT","@id":"https:\/\/www.diocesi.torino.it\/arte\/#\/schema\/person\/image\/","url":"https:\/\/secure.gravatar.com\/avatar\/3f51b992ac592d4d140896567a3e5a14?s=96&d=mm&r=g","contentUrl":"https:\/\/secure.gravatar.com\/avatar\/3f51b992ac592d4d140896567a3e5a14?s=96&d=mm&r=g","caption":"marisaguarneri"},"url":"https:\/\/www.diocesi.torino.it\/arte\/author\/marisaguarneri\/"}]}},"_links":{"self":[{"href":"https:\/\/www.diocesi.torino.it\/arte\/wp-json\/wp\/v2\/posts\/3525"}],"collection":[{"href":"https:\/\/www.diocesi.torino.it\/arte\/wp-json\/wp\/v2\/posts"}],"about":[{"href":"https:\/\/www.diocesi.torino.it\/arte\/wp-json\/wp\/v2\/types\/post"}],"author":[{"embeddable":true,"href":"https:\/\/www.diocesi.torino.it\/arte\/wp-json\/wp\/v2\/users\/12"}],"replies":[{"embeddable":true,"href":"https:\/\/www.diocesi.torino.it\/arte\/wp-json\/wp\/v2\/comments?post=3525"}],"version-history":[{"count":7,"href":"https:\/\/www.diocesi.torino.it\/arte\/wp-json\/wp\/v2\/posts\/3525\/revisions"}],"predecessor-version":[{"id":3533,"href":"https:\/\/www.diocesi.torino.it\/arte\/wp-json\/wp\/v2\/posts\/3525\/revisions\/3533"}],"wp:featuredmedia":[{"embeddable":true,"href":"https:\/\/www.diocesi.torino.it\/arte\/wp-json\/wp\/v2\/media\/3534"}],"wp:attachment":[{"href":"https:\/\/www.diocesi.torino.it\/arte\/wp-json\/wp\/v2\/media?parent=3525"}],"wp:term":[{"taxonomy":"category","embeddable":true,"href":"https:\/\/www.diocesi.torino.it\/arte\/wp-json\/wp\/v2\/categories?post=3525"},{"taxonomy":"post_tag","embeddable":true,"href":"https:\/\/www.diocesi.torino.it\/arte\/wp-json\/wp\/v2\/tags?post=3525"}],"curies":[{"name":"wp","href":"https:\/\/api.w.org\/{rel}","templated":true}]}}