{"id":732,"date":"2019-03-11T10:30:47","date_gmt":"2019-03-11T09:30:47","guid":{"rendered":"http:\/\/www.diocesi.torino.it\/arte\/?post_type=wd-appuntamenti&#038;p=732"},"modified":"2020-06-08T17:33:52","modified_gmt":"2020-06-08T15:33:52","slug":"fondazione-crt-arte-e-cultura-erogazioni-ordinarie","status":"publish","type":"post","link":"https:\/\/www.diocesi.torino.it\/arte\/fondazione-crt-arte-e-cultura-erogazioni-ordinarie\/","title":{"rendered":"Fondazione CRT: Arte e Cultura Erogazioni Ordinarie"},"content":{"rendered":"<p style=\"text-align: left\">Il Bando della Fondazione CRT &#8220;Erogazioni Oridinarie 2019&#8221; \u00e8 aperto.<\/p>\n<p style=\"text-align: left\"><strong>Si invita a prestare particolarmente attenzione alle date di scadenza poich\u00e9 sono variate rispetto all&#8217;anno precedente. In particolare la prima sessione del Bando Richieste Ordinarie \u00e8 stata anticipata al 29 marzo<\/strong>, al fine di armonizzare il complesso delle attivit\u00e0\u00a0 e di poter concludere l&#8217;istruttoria in tempi pi\u00f9 coerenti con le aspettative dei potenziali beneficiari. Di seguito le scadenze 2019:<\/p>\n<ul>\n<li style=\"margin: 10px 0px 0px;padding: 0px 0px 0px 40px;border: 0px #666666;font-family: Arial,Helvetica,sans-serif\">1\u00aa sessione:\u00a0<strong>29 marzo 2019 ore 15.00<\/strong><\/li>\n<li style=\"margin: 10px 0px 0px;padding: 0px 0px 0px 40px;border: 0px #666666;font-family: Arial,Helvetica,sans-serif\">2\u00aa sessione:\u00a0<strong>apertura bando 1\u00b0 luglio 2019<\/strong>. Scadenza\u00a0<strong>16 settembre 2019 ore 15.00<\/strong><\/li>\n<\/ul>\n<p>&nbsp;<\/p>\n<p>Per presentare una richiesta a valere sul bando Erogazioni Ordinarie 2019 \u00e8 necessario:<\/p>\n<ul>\n<li style=\"margin: 10px 0px 0px;padding: 0px 0px 0px 40px;border: 0px #666666;font-family: Arial,Helvetica,sans-serif\">Consultare il\u00a0<strong><a href=\"http:\/\/www.fondazionecrt.it\/documenti\/2019-regolamento-erogazione.pdf\" target=\"_blank\" rel=\"noopener noreferrer\">Regolamento generale di erogazione 2019<\/a><\/strong><\/li>\n<li style=\"margin: 10px 0px 0px;padding: 0px 0px 0px 40px;border: 0px #666666;font-family: Arial,Helvetica,sans-serif\">Consultare il\u00a0<strong><a href=\"http:\/\/www.fondazionecrt.it\/documenti\/2019-bando-ordinarie.pdf\" target=\"_blank\" rel=\"noopener noreferrer\">Bando\u00a0Erogazioni Ordinarie 2019<\/a><br \/>\n<\/strong><\/li>\n<li style=\"margin: 10px 0px 0px;padding: 0px 0px 0px 40px;border: 0px #666666;font-family: Arial,Helvetica,sans-serif\">Accedere al\u00a0<a href=\"http:\/\/rol.fondazionecrt.it\/\"><strong>Servizio di compilazione delle Richieste On line<\/strong>\u00a0<\/a>e compilare il Modulo specifico per il Bando Erogazioni Ordinarie<\/li>\n<\/ul>\n<h4>Per maggiori informazioni consultare il sito della <a href=\"http:\/\/www.fondazionecrt.it\/attivit\u00e0\/arte-e-cultura\/2019-arteecultura-ordinarie.html\" target=\"_blank\" rel=\"noopener noreferrer\">Fondazione CRT<\/a><\/h4>\n","protected":false},"excerpt":{"rendered":"<p>Il Bando della Fondazione CRT &#8220;Erogazioni Oridinarie 2019&#8221; \u00e8 aperto. Si invita a prestare particolarmente attenzione alle date di scadenza poich\u00e9 sono variate rispetto all&#8217;anno precedente. In particolare la prima sessione del Bando Richieste Ordinarie \u00e8 stata anticipata al 29 marzo, al fine di armonizzare il complesso delle attivit\u00e0\u00a0 e di poter concludere l&#8217;istruttoria in tempi pi\u00f9 coerenti con le aspettative dei potenziali beneficiari. Di &hellip; <a href=\"https:\/\/www.diocesi.torino.it\/arte\/fondazione-crt-arte-e-cultura-erogazioni-ordinarie\/\" class=\"more-link\">Continua a leggere <span class=\"screen-reader-text\"><\/span> <span class=\"meta-nav\">&raquo;<\/span><\/a><\/p>\n","protected":false},"author":12,"featured_media":733,"comment_status":"closed","ping_status":"closed","sticky":false,"template":"","format":"standard","meta":{"ip_address":"","user_agent":"","level":"","revision":"","cookie_id":"","page_referer":"","html_form":"","_expiration-date-status":"","_expiration-date":0,"_expiration-date-type":"","_expiration-date-categories":[],"_expiration-date-options":[]},"categories":[5,4],"tags":[],"acf":[],"yoast_head":"<!-- This site is optimized with the Yoast SEO plugin v20.8 - https:\/\/yoast.com\/wordpress\/plugins\/seo\/ -->\n<title>Fondazione CRT: Arte e Cultura Erogazioni Ordinarie - Beni Culturali ed Edilizia di Culto<\/title>\n<meta name=\"robots\" content=\"index, follow, max-snippet:-1, max-image-preview:large, max-video-preview:-1\" \/>\n<link rel=\"canonical\" href=\"https:\/\/www.diocesi.torino.it\/arte\/fondazione-crt-arte-e-cultura-erogazioni-ordinarie\/\" \/>\n<meta property=\"og:locale\" content=\"it_IT\" \/>\n<meta property=\"og:type\" content=\"article\" \/>\n<meta property=\"og:title\" content=\"Fondazione CRT: Arte e Cultura Erogazioni Ordinarie - Beni Culturali ed Edilizia di Culto\" \/>\n<meta property=\"og:description\" content=\"Il Bando della Fondazione CRT &#8220;Erogazioni Oridinarie 2019&#8221; \u00e8 aperto. Si invita a prestare particolarmente attenzione alle date di scadenza poich\u00e9 sono variate rispetto all&#8217;anno precedente. In particolare la prima sessione del Bando Richieste Ordinarie \u00e8 stata anticipata al 29 marzo, al fine di armonizzare il complesso delle attivit\u00e0\u00a0 e di poter concludere l&#8217;istruttoria in tempi pi\u00f9 coerenti con le aspettative dei potenziali beneficiari. Di &hellip; Continua a leggere &raquo;\" \/>\n<meta property=\"og:url\" content=\"https:\/\/www.diocesi.torino.it\/arte\/fondazione-crt-arte-e-cultura-erogazioni-ordinarie\/\" \/>\n<meta property=\"og:site_name\" content=\"Beni Culturali ed Edilizia di Culto\" \/>\n<meta property=\"article:published_time\" content=\"2019-03-11T09:30:47+00:00\" \/>\n<meta property=\"article:modified_time\" content=\"2020-06-08T15:33:52+00:00\" \/>\n<meta property=\"og:image\" content=\"https:\/\/www.diocesi.torino.it\/arte\/wp-content\/uploads\/sites\/19\/2019\/03\/arte-cultura-neg.jpg\" \/>\n\t<meta property=\"og:image:width\" content=\"380\" \/>\n\t<meta property=\"og:image:height\" content=\"220\" \/>\n\t<meta property=\"og:image:type\" content=\"image\/jpeg\" \/>\n<meta name=\"author\" content=\"marisaguarneri\" \/>\n<meta name=\"twitter:card\" content=\"summary_large_image\" \/>\n<meta name=\"twitter:label1\" content=\"Scritto da\" \/>\n\t<meta name=\"twitter:data1\" content=\"marisaguarneri\" \/>\n\t<meta name=\"twitter:label2\" content=\"Tempo di lettura stimato\" \/>\n\t<meta name=\"twitter:data2\" content=\"1 minuto\" \/>\n<script type=\"application\/ld+json\" class=\"yoast-schema-graph\">{\"@context\":\"https:\/\/schema.org\",\"@graph\":[{\"@type\":\"WebPage\",\"@id\":\"https:\/\/www.diocesi.torino.it\/arte\/fondazione-crt-arte-e-cultura-erogazioni-ordinarie\/\",\"url\":\"https:\/\/www.diocesi.torino.it\/arte\/fondazione-crt-arte-e-cultura-erogazioni-ordinarie\/\",\"name\":\"Fondazione CRT: Arte e Cultura Erogazioni Ordinarie - Beni Culturali ed Edilizia di Culto\",\"isPartOf\":{\"@id\":\"https:\/\/www.diocesi.torino.it\/arte\/#website\"},\"datePublished\":\"2019-03-11T09:30:47+00:00\",\"dateModified\":\"2020-06-08T15:33:52+00:00\",\"author\":{\"@id\":\"https:\/\/www.diocesi.torino.it\/arte\/#\/schema\/person\/8e7f80668cb00f16be9cd44c3915fcdc\"},\"breadcrumb\":{\"@id\":\"https:\/\/www.diocesi.torino.it\/arte\/fondazione-crt-arte-e-cultura-erogazioni-ordinarie\/#breadcrumb\"},\"inLanguage\":\"it-IT\",\"potentialAction\":[{\"@type\":\"ReadAction\",\"target\":[\"https:\/\/www.diocesi.torino.it\/arte\/fondazione-crt-arte-e-cultura-erogazioni-ordinarie\/\"]}]},{\"@type\":\"BreadcrumbList\",\"@id\":\"https:\/\/www.diocesi.torino.it\/arte\/fondazione-crt-arte-e-cultura-erogazioni-ordinarie\/#breadcrumb\",\"itemListElement\":[{\"@type\":\"ListItem\",\"position\":1,\"name\":\"Home\",\"item\":\"https:\/\/www.diocesi.torino.it\/arte\/\"},{\"@type\":\"ListItem\",\"position\":2,\"name\":\"Fondazione CRT: Arte e Cultura Erogazioni Ordinarie\"}]},{\"@type\":\"WebSite\",\"@id\":\"https:\/\/www.diocesi.torino.it\/arte\/#website\",\"url\":\"https:\/\/www.diocesi.torino.it\/arte\/\",\"name\":\"Beni Culturali ed Edilizia di Culto\",\"description\":\"\",\"potentialAction\":[{\"@type\":\"SearchAction\",\"target\":{\"@type\":\"EntryPoint\",\"urlTemplate\":\"https:\/\/www.diocesi.torino.it\/arte\/?s={search_term_string}\"},\"query-input\":\"required name=search_term_string\"}],\"inLanguage\":\"it-IT\"},{\"@type\":\"Person\",\"@id\":\"https:\/\/www.diocesi.torino.it\/arte\/#\/schema\/person\/8e7f80668cb00f16be9cd44c3915fcdc\",\"name\":\"marisaguarneri\",\"image\":{\"@type\":\"ImageObject\",\"inLanguage\":\"it-IT\",\"@id\":\"https:\/\/www.diocesi.torino.it\/arte\/#\/schema\/person\/image\/\",\"url\":\"https:\/\/secure.gravatar.com\/avatar\/3f51b992ac592d4d140896567a3e5a14?s=96&d=mm&r=g\",\"contentUrl\":\"https:\/\/secure.gravatar.com\/avatar\/3f51b992ac592d4d140896567a3e5a14?s=96&d=mm&r=g\",\"caption\":\"marisaguarneri\"},\"url\":\"https:\/\/www.diocesi.torino.it\/arte\/author\/marisaguarneri\/\"}]}<\/script>\n<!-- \/ Yoast SEO plugin. -->","yoast_head_json":{"title":"Fondazione CRT: Arte e Cultura Erogazioni Ordinarie - Beni Culturali ed Edilizia di Culto","robots":{"index":"index","follow":"follow","max-snippet":"max-snippet:-1","max-image-preview":"max-image-preview:large","max-video-preview":"max-video-preview:-1"},"canonical":"https:\/\/www.diocesi.torino.it\/arte\/fondazione-crt-arte-e-cultura-erogazioni-ordinarie\/","og_locale":"it_IT","og_type":"article","og_title":"Fondazione CRT: Arte e Cultura Erogazioni Ordinarie - Beni Culturali ed Edilizia di Culto","og_description":"Il Bando della Fondazione CRT &#8220;Erogazioni Oridinarie 2019&#8221; \u00e8 aperto. Si invita a prestare particolarmente attenzione alle date di scadenza poich\u00e9 sono variate rispetto all&#8217;anno precedente. In particolare la prima sessione del Bando Richieste Ordinarie \u00e8 stata anticipata al 29 marzo, al fine di armonizzare il complesso delle attivit\u00e0\u00a0 e di poter concludere l&#8217;istruttoria in tempi pi\u00f9 coerenti con le aspettative dei potenziali beneficiari. Di &hellip; Continua a leggere &raquo;","og_url":"https:\/\/www.diocesi.torino.it\/arte\/fondazione-crt-arte-e-cultura-erogazioni-ordinarie\/","og_site_name":"Beni Culturali ed Edilizia di Culto","article_published_time":"2019-03-11T09:30:47+00:00","article_modified_time":"2020-06-08T15:33:52+00:00","og_image":[{"width":380,"height":220,"url":"https:\/\/www.diocesi.torino.it\/arte\/wp-content\/uploads\/sites\/19\/2019\/03\/arte-cultura-neg.jpg","type":"image\/jpeg"}],"author":"marisaguarneri","twitter_card":"summary_large_image","twitter_misc":{"Scritto da":"marisaguarneri","Tempo di lettura stimato":"1 minuto"},"schema":{"@context":"https:\/\/schema.org","@graph":[{"@type":"WebPage","@id":"https:\/\/www.diocesi.torino.it\/arte\/fondazione-crt-arte-e-cultura-erogazioni-ordinarie\/","url":"https:\/\/www.diocesi.torino.it\/arte\/fondazione-crt-arte-e-cultura-erogazioni-ordinarie\/","name":"Fondazione CRT: Arte e Cultura Erogazioni Ordinarie - Beni Culturali ed Edilizia di Culto","isPartOf":{"@id":"https:\/\/www.diocesi.torino.it\/arte\/#website"},"datePublished":"2019-03-11T09:30:47+00:00","dateModified":"2020-06-08T15:33:52+00:00","author":{"@id":"https:\/\/www.diocesi.torino.it\/arte\/#\/schema\/person\/8e7f80668cb00f16be9cd44c3915fcdc"},"breadcrumb":{"@id":"https:\/\/www.diocesi.torino.it\/arte\/fondazione-crt-arte-e-cultura-erogazioni-ordinarie\/#breadcrumb"},"inLanguage":"it-IT","potentialAction":[{"@type":"ReadAction","target":["https:\/\/www.diocesi.torino.it\/arte\/fondazione-crt-arte-e-cultura-erogazioni-ordinarie\/"]}]},{"@type":"BreadcrumbList","@id":"https:\/\/www.diocesi.torino.it\/arte\/fondazione-crt-arte-e-cultura-erogazioni-ordinarie\/#breadcrumb","itemListElement":[{"@type":"ListItem","position":1,"name":"Home","item":"https:\/\/www.diocesi.torino.it\/arte\/"},{"@type":"ListItem","position":2,"name":"Fondazione CRT: Arte e Cultura Erogazioni Ordinarie"}]},{"@type":"WebSite","@id":"https:\/\/www.diocesi.torino.it\/arte\/#website","url":"https:\/\/www.diocesi.torino.it\/arte\/","name":"Beni Culturali ed Edilizia di Culto","description":"","potentialAction":[{"@type":"SearchAction","target":{"@type":"EntryPoint","urlTemplate":"https:\/\/www.diocesi.torino.it\/arte\/?s={search_term_string}"},"query-input":"required name=search_term_string"}],"inLanguage":"it-IT"},{"@type":"Person","@id":"https:\/\/www.diocesi.torino.it\/arte\/#\/schema\/person\/8e7f80668cb00f16be9cd44c3915fcdc","name":"marisaguarneri","image":{"@type":"ImageObject","inLanguage":"it-IT","@id":"https:\/\/www.diocesi.torino.it\/arte\/#\/schema\/person\/image\/","url":"https:\/\/secure.gravatar.com\/avatar\/3f51b992ac592d4d140896567a3e5a14?s=96&d=mm&r=g","contentUrl":"https:\/\/secure.gravatar.com\/avatar\/3f51b992ac592d4d140896567a3e5a14?s=96&d=mm&r=g","caption":"marisaguarneri"},"url":"https:\/\/www.diocesi.torino.it\/arte\/author\/marisaguarneri\/"}]}},"_links":{"self":[{"href":"https:\/\/www.diocesi.torino.it\/arte\/wp-json\/wp\/v2\/posts\/732"}],"collection":[{"href":"https:\/\/www.diocesi.torino.it\/arte\/wp-json\/wp\/v2\/posts"}],"about":[{"href":"https:\/\/www.diocesi.torino.it\/arte\/wp-json\/wp\/v2\/types\/post"}],"author":[{"embeddable":true,"href":"https:\/\/www.diocesi.torino.it\/arte\/wp-json\/wp\/v2\/users\/12"}],"replies":[{"embeddable":true,"href":"https:\/\/www.diocesi.torino.it\/arte\/wp-json\/wp\/v2\/comments?post=732"}],"version-history":[{"count":2,"href":"https:\/\/www.diocesi.torino.it\/arte\/wp-json\/wp\/v2\/posts\/732\/revisions"}],"predecessor-version":[{"id":1518,"href":"https:\/\/www.diocesi.torino.it\/arte\/wp-json\/wp\/v2\/posts\/732\/revisions\/1518"}],"wp:featuredmedia":[{"embeddable":true,"href":"https:\/\/www.diocesi.torino.it\/arte\/wp-json\/wp\/v2\/media\/733"}],"wp:attachment":[{"href":"https:\/\/www.diocesi.torino.it\/arte\/wp-json\/wp\/v2\/media?parent=732"}],"wp:term":[{"taxonomy":"category","embeddable":true,"href":"https:\/\/www.diocesi.torino.it\/arte\/wp-json\/wp\/v2\/categories?post=732"},{"taxonomy":"post_tag","embeddable":true,"href":"https:\/\/www.diocesi.torino.it\/arte\/wp-json\/wp\/v2\/tags?post=732"}],"curies":[{"name":"wp","href":"https:\/\/api.w.org\/{rel}","templated":true}]}}