{"id":1218,"date":"2024-01-24T13:07:27","date_gmt":"2024-01-24T12:07:27","guid":{"rendered":"https:\/\/www.diocesi.torino.it\/caritas\/?p=1218"},"modified":"2024-01-25T14:18:23","modified_gmt":"2024-01-25T13:18:23","slug":"pane-nostro-torna-nelle-scuole-della-diocesi-di-torino","status":"publish","type":"post","link":"https:\/\/www.diocesi.torino.it\/caritas\/pane-nostro-torna-nelle-scuole-della-diocesi-di-torino\/","title":{"rendered":"&#8220;Pane Nostro&#8221; torna nelle scuole della diocesi di Torino"},"content":{"rendered":"<p>Per il sesto anno consecutivo <strong>Caritas Diocesana<\/strong> e <strong>Ufficio Scuola <\/strong>diocesano, con il patrocinio della <strong>Citt\u00e0 di Torino<\/strong> e in collaborazione con <strong>Banco Alimentare del Piemonte<\/strong> e <strong>Ufficio Scolastico Territoriale<\/strong> di Torino, promuovono nelle classi delle scuole primarie e secondarie il progetto \u00ab<em>Pane Nostro\u00bb<\/em>, una <strong>raccolta volontaria di generi alimentari<\/strong> a lunga conservazione donati gratuitamente dagli alunni per condividerli con persone in difficolt\u00e0 grazie al servizio delle parrocchie, che li distribuiscono alle famiglie del territorio che quotidianamente chiedono aiuto.<\/p>\n<p>La raccolta si terr\u00e0 fra i prossimi mesi di marzo e maggio, ma <strong>le scuole e le parrocchie interessate a partecipare devono comunicarlo entro il 9 febbraio<\/strong>. Per formalizzare la partecipazione \u00e8 sufficiente compilare il modulo online a cui si pu\u00f2 accedere tramite il sito web <a href=\"http:\/\/www.caritas.torino.it\/panenostro\">www.caritas.torino.it\/panenostro<\/a> e per informazioni operative \u00e8 possibile contattare la segreteria, scrivendo a <a href=\"mailto:panenostro@diocesi.to.it\">panenostro@diocesi.to.it<\/a> o telefonicamente al numero 011 5156 358 (dal luned\u00ec al venerd\u00ec \u2013 ore 9.00 \u00f7 12.00).<\/p>\n<p>Le azioni del raccogliere e del donare, precedute da una offerta educativa in ambito scolastico, vogliono sensibilizzare studenti e loro famiglie sui temi dell\u2019attenzione al cibo, della solidariet\u00e0 e della condivisione partecipata nei confronti della povert\u00e0 e del dono gratuito come fonte relazionale. Il progetto, inizialmente rivolto alle scuole primarie della sola Citt\u00e0 di Torino, si \u00e8 poi orientato anche alle secondarie di primo grado coinvolgendo tutto il territorio della Diocesi, accogliendo anche la partecipazione di scuole dell\u2019infanzia e della secondaria di secondo grado.<\/p>\n<p>Nel sessennio di attivit\u00e0 l\u2019adesione \u00e8 aumentata arrivando a coinvolgere un <strong>totale di 210 PLESSI SCOLASTICI<\/strong> di cui 133 in citt\u00e0 e 77 nel resto del territorio diocesano. Se nel 2019 le <strong>CLASSI attivate<\/strong> erano 638, nel 2023 sono state <strong>1.377<\/strong>, passando dal coinvolgimento di 13.831 ragazzi il primo anno a <strong>28.478 STUDENTI<\/strong> nell\u2019anno scorso.<\/p>\n<p>Nel <strong>2023<\/strong> in Torino citt\u00e0 hanno aderito all\u2019iniziativa 87 scuole (11 dell\u2019infanzia, 53 primarie, 22 secondarie di primo grado e 1 secondaria di secondo grado), per un totale di 970 classi e 20.937 alunni coinvolti. Nel territorio diocesano extraurbano 58 scuole, per 407 classi da infanzia a secondaria di secondo grado, con 7.541 alunni.<\/p>\n<p><strong>73 tonnellate e 457 chili di ALIMENTI<\/strong> raccolti in quattro anni (il 2020 causa Covid non ha comportato questa parte del progetto), sempre in aumento fino ai <strong>20.385 chilogrammi del 2023<\/strong>, ma dal 2021 non si \u00e8 mai scesi al di sotto dei 20.000 chili annuali. Il gesto concreto di raccolta dei generi alimentati avviene nei singoli plessi scolastici, dove vengono confezionati in appositi scatoloni forniti dal <em>Banco Alimentare<\/em> \u2013 che svolge anche una funzione di supervisione e di logistica per facilitare il processo -, pesati e raccolti. Nei cinque anni si sono contati in <strong>totale 9.175 SCATOLONI<\/strong>, 2.661 nel solo 2023.<\/p>\n<p>I volontari dei gruppi caritativi delle parrocchie vicine al territorio dove sorge la scuola ritirano i prodotti e, utilizzando la solita rete di distribuzione, li \u201crestituiscono\u201d alle persone in difficolt\u00e0 quasi in tempo reale. \u00a0Le <strong>PARROCCHIE<\/strong> che hanno aderito e, quindi, ricevuto a beneficio dei loro servizi caritativi i beni raccolti sono <strong>in totale 147<\/strong>, di cui 79 in citt\u00e0 e 68 nel resto del territorio diocesano. Nel <strong>2023 sono state 104<\/strong>, pi\u00f9 fuori citt\u00e0 (54) che in Torino (50).<\/p>\n<p>\u00ab<em>Il valore dell\u2019iniziativa non \u00e8, per\u00f2, misurato in chili: \u00e8 tanto pi\u00f9 utile quanto pi\u00f9 riesce a dare il via ad un <strong>processo educativo<\/strong> capace di accompagnare i ragazzi verso un modo nuovo di sentirsi parte attiva del bene comune e vicini agli altri nella fraternit\u00e0<\/em>\u00bb rimarcano da Caritas e Pastorale Scolastica Pierluigi Dovis e don Roberto Gottardo. Per sostenere questo processo viene messo a disposizione degli insegnanti del materiale educativo (kit didattici, indicazioni di letture, schede, giochi, video, ecc.) utile a sensibilizzare gli studenti sul tema della solidariet\u00e0 ed \u00e8 offerta la possibilit\u00e0 di prevedere un momento di incontro e di testimonianza con i volontari parrocchiali o del Banco Alimentare.<\/p>\n<p>&nbsp;<\/p>\n","protected":false},"excerpt":{"rendered":"<p>Per il sesto anno consecutivo Caritas Diocesana e Ufficio Scuola diocesano, con il patrocinio della Citt\u00e0 di Torino e in collaborazione con Banco Alimentare del Piemonte e Ufficio Scolastico Territoriale di Torino, promuovono nelle classi delle scuole primarie e secondarie il progetto \u00abPane Nostro\u00bb, una raccolta volontaria di generi alimentari a lunga conservazione donati gratuitamente dagli alunni per condividerli con persone in difficolt\u00e0 grazie al &hellip; <a href=\"https:\/\/www.diocesi.torino.it\/caritas\/pane-nostro-torna-nelle-scuole-della-diocesi-di-torino\/\" class=\"more-link\">Continua a leggere <span class=\"screen-reader-text\"><\/span> <span class=\"meta-nav\">&raquo;<\/span><\/a><\/p>\n","protected":false},"author":63,"featured_media":1219,"comment_status":"closed","ping_status":"closed","sticky":false,"template":"","format":"standard","meta":{"ip_address":"","user_agent":"","level":"","revision":"","cookie_id":"","page_referer":"","html_form":"","_expiration-date-status":"","_expiration-date":0,"_expiration-date-type":"","_expiration-date-categories":[],"_expiration-date-options":[]},"categories":[93,94,92],"tags":[],"acf":[],"yoast_head":"<!-- This site is optimized with the Yoast SEO plugin v20.8 - https:\/\/yoast.com\/wordpress\/plugins\/seo\/ -->\n<title>&quot;Pane Nostro&quot; torna nelle scuole della diocesi di Torino - Caritas Diocesana<\/title>\n<meta name=\"robots\" content=\"index, follow, max-snippet:-1, max-image-preview:large, max-video-preview:-1\" \/>\n<link rel=\"canonical\" href=\"https:\/\/www.diocesi.torino.it\/caritas\/pane-nostro-torna-nelle-scuole-della-diocesi-di-torino\/\" \/>\n<meta property=\"og:locale\" content=\"it_IT\" \/>\n<meta property=\"og:type\" content=\"article\" \/>\n<meta property=\"og:title\" content=\"&quot;Pane Nostro&quot; torna nelle scuole della diocesi di Torino - Caritas Diocesana\" \/>\n<meta property=\"og:description\" content=\"Per il sesto anno consecutivo Caritas Diocesana e Ufficio Scuola diocesano, con il patrocinio della Citt\u00e0 di Torino e in collaborazione con Banco Alimentare del Piemonte e Ufficio Scolastico Territoriale di Torino, promuovono nelle classi delle scuole primarie e secondarie il progetto \u00abPane Nostro\u00bb, una raccolta volontaria di generi alimentari a lunga conservazione donati gratuitamente dagli alunni per condividerli con persone in difficolt\u00e0 grazie al &hellip; Continua a leggere &raquo;\" \/>\n<meta property=\"og:url\" content=\"https:\/\/www.diocesi.torino.it\/caritas\/pane-nostro-torna-nelle-scuole-della-diocesi-di-torino\/\" \/>\n<meta property=\"og:site_name\" content=\"Caritas Diocesana\" \/>\n<meta property=\"article:published_time\" content=\"2024-01-24T12:07:27+00:00\" \/>\n<meta property=\"article:modified_time\" content=\"2024-01-25T13:18:23+00:00\" \/>\n<meta property=\"og:image\" content=\"https:\/\/www.diocesi.torino.it\/caritas\/wp-content\/uploads\/sites\/5\/2024\/01\/00446_a_page-0001.jpg\" \/>\n\t<meta property=\"og:image:width\" content=\"843\" \/>\n\t<meta property=\"og:image:height\" content=\"709\" \/>\n\t<meta property=\"og:image:type\" content=\"image\/jpeg\" \/>\n<meta name=\"author\" content=\"ivanandreis\" \/>\n<meta name=\"twitter:card\" content=\"summary_large_image\" \/>\n<meta name=\"twitter:label1\" content=\"Scritto da\" \/>\n\t<meta name=\"twitter:data1\" content=\"ivanandreis\" \/>\n\t<meta name=\"twitter:label2\" content=\"Tempo di lettura stimato\" \/>\n\t<meta name=\"twitter:data2\" content=\"4 minuti\" \/>\n<script type=\"application\/ld+json\" class=\"yoast-schema-graph\">{\"@context\":\"https:\/\/schema.org\",\"@graph\":[{\"@type\":\"WebPage\",\"@id\":\"https:\/\/www.diocesi.torino.it\/caritas\/pane-nostro-torna-nelle-scuole-della-diocesi-di-torino\/\",\"url\":\"https:\/\/www.diocesi.torino.it\/caritas\/pane-nostro-torna-nelle-scuole-della-diocesi-di-torino\/\",\"name\":\"\\\"Pane Nostro\\\" torna nelle scuole della diocesi di Torino - Caritas Diocesana\",\"isPartOf\":{\"@id\":\"https:\/\/www.diocesi.torino.it\/caritas\/#website\"},\"datePublished\":\"2024-01-24T12:07:27+00:00\",\"dateModified\":\"2024-01-25T13:18:23+00:00\",\"author\":{\"@id\":\"https:\/\/www.diocesi.torino.it\/caritas\/#\/schema\/person\/ca6e90ef515f67ef775f029a77cbb114\"},\"breadcrumb\":{\"@id\":\"https:\/\/www.diocesi.torino.it\/caritas\/pane-nostro-torna-nelle-scuole-della-diocesi-di-torino\/#breadcrumb\"},\"inLanguage\":\"it-IT\",\"potentialAction\":[{\"@type\":\"ReadAction\",\"target\":[\"https:\/\/www.diocesi.torino.it\/caritas\/pane-nostro-torna-nelle-scuole-della-diocesi-di-torino\/\"]}]},{\"@type\":\"BreadcrumbList\",\"@id\":\"https:\/\/www.diocesi.torino.it\/caritas\/pane-nostro-torna-nelle-scuole-della-diocesi-di-torino\/#breadcrumb\",\"itemListElement\":[{\"@type\":\"ListItem\",\"position\":1,\"name\":\"Home\",\"item\":\"https:\/\/www.diocesi.torino.it\/caritas\/\"},{\"@type\":\"ListItem\",\"position\":2,\"name\":\"&#8220;Pane Nostro&#8221; torna nelle scuole della diocesi di Torino\"}]},{\"@type\":\"WebSite\",\"@id\":\"https:\/\/www.diocesi.torino.it\/caritas\/#website\",\"url\":\"https:\/\/www.diocesi.torino.it\/caritas\/\",\"name\":\"Caritas Diocesana\",\"description\":\"\",\"potentialAction\":[{\"@type\":\"SearchAction\",\"target\":{\"@type\":\"EntryPoint\",\"urlTemplate\":\"https:\/\/www.diocesi.torino.it\/caritas\/?s={search_term_string}\"},\"query-input\":\"required name=search_term_string\"}],\"inLanguage\":\"it-IT\"},{\"@type\":\"Person\",\"@id\":\"https:\/\/www.diocesi.torino.it\/caritas\/#\/schema\/person\/ca6e90ef515f67ef775f029a77cbb114\",\"name\":\"ivanandreis\",\"image\":{\"@type\":\"ImageObject\",\"inLanguage\":\"it-IT\",\"@id\":\"https:\/\/www.diocesi.torino.it\/caritas\/#\/schema\/person\/image\/\",\"url\":\"https:\/\/secure.gravatar.com\/avatar\/2f59e55a722d01dd713aecde99e40fbb?s=96&d=mm&r=g\",\"contentUrl\":\"https:\/\/secure.gravatar.com\/avatar\/2f59e55a722d01dd713aecde99e40fbb?s=96&d=mm&r=g\",\"caption\":\"ivanandreis\"},\"url\":\"https:\/\/www.diocesi.torino.it\/caritas\/author\/ivanandreis\/\"}]}<\/script>\n<!-- \/ Yoast SEO plugin. -->","yoast_head_json":{"title":"\"Pane Nostro\" torna nelle scuole della diocesi di Torino - Caritas Diocesana","robots":{"index":"index","follow":"follow","max-snippet":"max-snippet:-1","max-image-preview":"max-image-preview:large","max-video-preview":"max-video-preview:-1"},"canonical":"https:\/\/www.diocesi.torino.it\/caritas\/pane-nostro-torna-nelle-scuole-della-diocesi-di-torino\/","og_locale":"it_IT","og_type":"article","og_title":"\"Pane Nostro\" torna nelle scuole della diocesi di Torino - Caritas Diocesana","og_description":"Per il sesto anno consecutivo Caritas Diocesana e Ufficio Scuola diocesano, con il patrocinio della Citt\u00e0 di Torino e in collaborazione con Banco Alimentare del Piemonte e Ufficio Scolastico Territoriale di Torino, promuovono nelle classi delle scuole primarie e secondarie il progetto \u00abPane Nostro\u00bb, una raccolta volontaria di generi alimentari a lunga conservazione donati gratuitamente dagli alunni per condividerli con persone in difficolt\u00e0 grazie al &hellip; Continua a leggere &raquo;","og_url":"https:\/\/www.diocesi.torino.it\/caritas\/pane-nostro-torna-nelle-scuole-della-diocesi-di-torino\/","og_site_name":"Caritas Diocesana","article_published_time":"2024-01-24T12:07:27+00:00","article_modified_time":"2024-01-25T13:18:23+00:00","og_image":[{"width":843,"height":709,"url":"https:\/\/www.diocesi.torino.it\/caritas\/wp-content\/uploads\/sites\/5\/2024\/01\/00446_a_page-0001.jpg","type":"image\/jpeg"}],"author":"ivanandreis","twitter_card":"summary_large_image","twitter_misc":{"Scritto da":"ivanandreis","Tempo di lettura stimato":"4 minuti"},"schema":{"@context":"https:\/\/schema.org","@graph":[{"@type":"WebPage","@id":"https:\/\/www.diocesi.torino.it\/caritas\/pane-nostro-torna-nelle-scuole-della-diocesi-di-torino\/","url":"https:\/\/www.diocesi.torino.it\/caritas\/pane-nostro-torna-nelle-scuole-della-diocesi-di-torino\/","name":"\"Pane Nostro\" torna nelle scuole della diocesi di Torino - Caritas Diocesana","isPartOf":{"@id":"https:\/\/www.diocesi.torino.it\/caritas\/#website"},"datePublished":"2024-01-24T12:07:27+00:00","dateModified":"2024-01-25T13:18:23+00:00","author":{"@id":"https:\/\/www.diocesi.torino.it\/caritas\/#\/schema\/person\/ca6e90ef515f67ef775f029a77cbb114"},"breadcrumb":{"@id":"https:\/\/www.diocesi.torino.it\/caritas\/pane-nostro-torna-nelle-scuole-della-diocesi-di-torino\/#breadcrumb"},"inLanguage":"it-IT","potentialAction":[{"@type":"ReadAction","target":["https:\/\/www.diocesi.torino.it\/caritas\/pane-nostro-torna-nelle-scuole-della-diocesi-di-torino\/"]}]},{"@type":"BreadcrumbList","@id":"https:\/\/www.diocesi.torino.it\/caritas\/pane-nostro-torna-nelle-scuole-della-diocesi-di-torino\/#breadcrumb","itemListElement":[{"@type":"ListItem","position":1,"name":"Home","item":"https:\/\/www.diocesi.torino.it\/caritas\/"},{"@type":"ListItem","position":2,"name":"&#8220;Pane Nostro&#8221; torna nelle scuole della diocesi di Torino"}]},{"@type":"WebSite","@id":"https:\/\/www.diocesi.torino.it\/caritas\/#website","url":"https:\/\/www.diocesi.torino.it\/caritas\/","name":"Caritas Diocesana","description":"","potentialAction":[{"@type":"SearchAction","target":{"@type":"EntryPoint","urlTemplate":"https:\/\/www.diocesi.torino.it\/caritas\/?s={search_term_string}"},"query-input":"required name=search_term_string"}],"inLanguage":"it-IT"},{"@type":"Person","@id":"https:\/\/www.diocesi.torino.it\/caritas\/#\/schema\/person\/ca6e90ef515f67ef775f029a77cbb114","name":"ivanandreis","image":{"@type":"ImageObject","inLanguage":"it-IT","@id":"https:\/\/www.diocesi.torino.it\/caritas\/#\/schema\/person\/image\/","url":"https:\/\/secure.gravatar.com\/avatar\/2f59e55a722d01dd713aecde99e40fbb?s=96&d=mm&r=g","contentUrl":"https:\/\/secure.gravatar.com\/avatar\/2f59e55a722d01dd713aecde99e40fbb?s=96&d=mm&r=g","caption":"ivanandreis"},"url":"https:\/\/www.diocesi.torino.it\/caritas\/author\/ivanandreis\/"}]}},"_links":{"self":[{"href":"https:\/\/www.diocesi.torino.it\/caritas\/wp-json\/wp\/v2\/posts\/1218"}],"collection":[{"href":"https:\/\/www.diocesi.torino.it\/caritas\/wp-json\/wp\/v2\/posts"}],"about":[{"href":"https:\/\/www.diocesi.torino.it\/caritas\/wp-json\/wp\/v2\/types\/post"}],"author":[{"embeddable":true,"href":"https:\/\/www.diocesi.torino.it\/caritas\/wp-json\/wp\/v2\/users\/63"}],"replies":[{"embeddable":true,"href":"https:\/\/www.diocesi.torino.it\/caritas\/wp-json\/wp\/v2\/comments?post=1218"}],"version-history":[{"count":3,"href":"https:\/\/www.diocesi.torino.it\/caritas\/wp-json\/wp\/v2\/posts\/1218\/revisions"}],"predecessor-version":[{"id":1222,"href":"https:\/\/www.diocesi.torino.it\/caritas\/wp-json\/wp\/v2\/posts\/1218\/revisions\/1222"}],"wp:featuredmedia":[{"embeddable":true,"href":"https:\/\/www.diocesi.torino.it\/caritas\/wp-json\/wp\/v2\/media\/1219"}],"wp:attachment":[{"href":"https:\/\/www.diocesi.torino.it\/caritas\/wp-json\/wp\/v2\/media?parent=1218"}],"wp:term":[{"taxonomy":"category","embeddable":true,"href":"https:\/\/www.diocesi.torino.it\/caritas\/wp-json\/wp\/v2\/categories?post=1218"},{"taxonomy":"post_tag","embeddable":true,"href":"https:\/\/www.diocesi.torino.it\/caritas\/wp-json\/wp\/v2\/tags?post=1218"}],"curies":[{"name":"wp","href":"https:\/\/api.w.org\/{rel}","templated":true}]}}