{"id":6069,"date":"2026-09-04T09:00:36","date_gmt":"2026-09-04T07:00:36","guid":{"rendered":"https:\/\/www.diocesi.torino.it\/caritas\/?p=6069"},"modified":"2026-09-04T10:34:54","modified_gmt":"2026-09-04T08:34:54","slug":"nepal-emergenza-umanitaria-dopo-lalluvione","status":"publish","type":"post","link":"https:\/\/www.diocesi.torino.it\/caritas\/nepal-emergenza-umanitaria-dopo-lalluvione\/","title":{"rendered":"Nepal: emergenza umanitaria dopo l\u2019alluvione"},"content":{"rendered":"<p>Nel nord del Nepal, l\u2019alluvione del 26 agosto ha lasciato migliaia di persone in condizioni di estrema vulnerabilit\u00e0. Le necessit\u00e0 pi\u00f9 urgenti riguardano ripari, cibo, assistenza sanitaria e psicologica, protezione delle persone pi\u00f9 fragili. Anche il sistema scolastico \u00e8 stato duramente colpito: almeno 38 scuole sono state distrutte o danneggiate.<\/p>\n<p>Caritas Nepal \u00e8 operativa e lavora coordinandosi con il Governo del Nepal. Tra gli interventi previsti figurano 60 cucine comunitarie, la distribuzione di beni essenziali, kit WASH, materiali sanitari, medicine e il ripristino dei servizi scolastici. Sono in corso interventi di \u201ccash-for-work\u201d per la rimozione dei detriti e le prime attivit\u00e0 di ricostruzione.<\/p>\n<p>Particolare attenzione \u00e8 rivolta alle comunit\u00e0 pi\u00f9 isolate. Gli operatori locali stanno raggiungendo alcuni villaggi in moto e attraverso sentieri di montagna, garantendo pasti agli sfollati, distribuendo lampade solari e power bank e preparando interventi di sostegno psicosociale per bambini e famiglie.<\/p>\n<p>Il quadro dell\u2019emergenza resta molto grave. Secondo gli ultimi dati ufficiali, sono 903 le vittime confermate e 4.247 persone risultano disperse, oltre 10.451 evacuati.<\/p>\n<p>Il governo ha centralizzato il coordinamento degli aiuti seguendo la \u201cone-door policy\u201d, mentre Caritas Nepal, insieme alla rete Caritas e partner locali, sta effettuando interventi di assistenza immediata e pianificando la ricostruzione.<\/p>\n<p>Caritas Italiana resta in costante contatto con Caritas Nepal e raccomanda di non inviare direttamente cibo, vestiti, medicinali o altri materiali, privilegiando invece eventuali donazioni in denaro. Grazie al supporto e alle donazioni ricevute, Caritas Italiana sta inviando una prima somma di emergenza a Caritas Nepal per sostenere la risposta immediata e accompagnare le comunit\u00e0 colpite.<\/p>\n<p>Aggiornamenti disponibili su: <a href=\"https:\/\/www.caritas.it\/\">caritas.it<\/a><\/p>\n<p>Link per donare: <a href=\"https:\/\/donazioni.caritas.it\/causale\/emergenza-nepal\">Emergenza Nepal<\/a><\/p>\n<p><a href=\"https:\/\/www.caritas.it\/wp-content\/uploads\/sites\/2\/2026\/09\/Nepal_completo.png\" data-rel=\"lightbox-image-0\" data-rl_title=\"\" data-rl_caption=\"\" title=\"\">Locandina donazioni<\/a><\/p>\n<p>Al\u00a0<a href=\"https:\/\/drive.google.com\/file\/d\/1xbvjHiwvoingQVirY9hN_E8ICH-z8aGT\/view?usp=sharing\" target=\"_blank\" rel=\"noopener\">link un video in inglese<\/a>, realizzato da Caritas Nepal<\/p>\n<p><em>[Fonte: Caritas Italiana]<\/em><\/p>\n<p>Aggiornato il 3 settembre 2026<\/p>\n","protected":false},"excerpt":{"rendered":"<p>Nel nord del Nepal, l\u2019alluvione del 26 agosto ha lasciato migliaia di persone in condizioni di estrema vulnerabilit\u00e0. Le necessit\u00e0 pi\u00f9 urgenti riguardano ripari, cibo, assistenza sanitaria e psicologica, protezione delle persone pi\u00f9 fragili. Anche il sistema scolastico \u00e8 stato duramente colpito: almeno 38 scuole sono state distrutte o danneggiate. Caritas Nepal \u00e8 operativa e lavora coordinandosi con il Governo del Nepal. Tra gli interventi &hellip; <a href=\"https:\/\/www.diocesi.torino.it\/caritas\/nepal-emergenza-umanitaria-dopo-lalluvione\/\" class=\"more-link\">Continua a leggere <span class=\"screen-reader-text\"><\/span> <span class=\"meta-nav\">&raquo;<\/span><\/a><\/p>\n","protected":false},"author":63,"featured_media":6074,"comment_status":"closed","ping_status":"closed","sticky":false,"template":"","format":"standard","meta":{"ip_address":"","user_agent":"","level":"","revision":"","cookie_id":"","page_referer":"","html_form":"","_expiration-date-status":"","_expiration-date":0,"_expiration-date-type":"","_expiration-date-categories":[],"_expiration-date-options":[]},"categories":[93,94,92],"tags":[],"acf":[],"yoast_head":"<!-- This site is optimized with the Yoast SEO plugin v20.8 - https:\/\/yoast.com\/wordpress\/plugins\/seo\/ -->\n<title>Nepal: emergenza umanitaria dopo l\u2019alluvione - Caritas Diocesana<\/title>\n<meta name=\"robots\" content=\"index, follow, max-snippet:-1, max-image-preview:large, max-video-preview:-1\" \/>\n<link rel=\"canonical\" href=\"https:\/\/www.diocesi.torino.it\/caritas\/nepal-emergenza-umanitaria-dopo-lalluvione\/\" \/>\n<meta property=\"og:locale\" content=\"it_IT\" \/>\n<meta property=\"og:type\" content=\"article\" \/>\n<meta property=\"og:title\" content=\"Nepal: emergenza umanitaria dopo l\u2019alluvione - Caritas Diocesana\" \/>\n<meta property=\"og:description\" content=\"Nel nord del Nepal, l\u2019alluvione del 26 agosto ha lasciato migliaia di persone in condizioni di estrema vulnerabilit\u00e0. Le necessit\u00e0 pi\u00f9 urgenti riguardano ripari, cibo, assistenza sanitaria e psicologica, protezione delle persone pi\u00f9 fragili. Anche il sistema scolastico \u00e8 stato duramente colpito: almeno 38 scuole sono state distrutte o danneggiate. Caritas Nepal \u00e8 operativa e lavora coordinandosi con il Governo del Nepal. Tra gli interventi &hellip; Continua a leggere &raquo;\" \/>\n<meta property=\"og:url\" content=\"https:\/\/www.diocesi.torino.it\/caritas\/nepal-emergenza-umanitaria-dopo-lalluvione\/\" \/>\n<meta property=\"og:site_name\" content=\"Caritas Diocesana\" \/>\n<meta property=\"article:published_time\" content=\"2026-09-04T07:00:36+00:00\" \/>\n<meta property=\"article:modified_time\" content=\"2026-09-04T08:34:54+00:00\" \/>\n<meta property=\"og:image\" content=\"https:\/\/www.diocesi.torino.it\/caritas\/wp-content\/uploads\/sites\/5\/2026\/09\/Nepal.jpg\" \/>\n\t<meta property=\"og:image:width\" content=\"555\" \/>\n\t<meta property=\"og:image:height\" content=\"444\" \/>\n\t<meta property=\"og:image:type\" content=\"image\/jpeg\" \/>\n<meta name=\"author\" content=\"ivanandreis\" \/>\n<meta name=\"twitter:card\" content=\"summary_large_image\" \/>\n<meta name=\"twitter:label1\" content=\"Scritto da\" \/>\n\t<meta name=\"twitter:data1\" content=\"ivanandreis\" \/>\n\t<meta name=\"twitter:label2\" content=\"Tempo di lettura stimato\" \/>\n\t<meta name=\"twitter:data2\" content=\"2 minuti\" \/>\n<script type=\"application\/ld+json\" class=\"yoast-schema-graph\">{\"@context\":\"https:\/\/schema.org\",\"@graph\":[{\"@type\":\"WebPage\",\"@id\":\"https:\/\/www.diocesi.torino.it\/caritas\/nepal-emergenza-umanitaria-dopo-lalluvione\/\",\"url\":\"https:\/\/www.diocesi.torino.it\/caritas\/nepal-emergenza-umanitaria-dopo-lalluvione\/\",\"name\":\"Nepal: emergenza umanitaria dopo l\u2019alluvione - Caritas Diocesana\",\"isPartOf\":{\"@id\":\"https:\/\/www.diocesi.torino.it\/caritas\/#website\"},\"datePublished\":\"2026-09-04T07:00:36+00:00\",\"dateModified\":\"2026-09-04T08:34:54+00:00\",\"author\":{\"@id\":\"https:\/\/www.diocesi.torino.it\/caritas\/#\/schema\/person\/ca6e90ef515f67ef775f029a77cbb114\"},\"breadcrumb\":{\"@id\":\"https:\/\/www.diocesi.torino.it\/caritas\/nepal-emergenza-umanitaria-dopo-lalluvione\/#breadcrumb\"},\"inLanguage\":\"it-IT\",\"potentialAction\":[{\"@type\":\"ReadAction\",\"target\":[\"https:\/\/www.diocesi.torino.it\/caritas\/nepal-emergenza-umanitaria-dopo-lalluvione\/\"]}]},{\"@type\":\"BreadcrumbList\",\"@id\":\"https:\/\/www.diocesi.torino.it\/caritas\/nepal-emergenza-umanitaria-dopo-lalluvione\/#breadcrumb\",\"itemListElement\":[{\"@type\":\"ListItem\",\"position\":1,\"name\":\"Home\",\"item\":\"https:\/\/www.diocesi.torino.it\/caritas\/\"},{\"@type\":\"ListItem\",\"position\":2,\"name\":\"Nepal: emergenza umanitaria dopo l\u2019alluvione\"}]},{\"@type\":\"WebSite\",\"@id\":\"https:\/\/www.diocesi.torino.it\/caritas\/#website\",\"url\":\"https:\/\/www.diocesi.torino.it\/caritas\/\",\"name\":\"Caritas Diocesana\",\"description\":\"\",\"potentialAction\":[{\"@type\":\"SearchAction\",\"target\":{\"@type\":\"EntryPoint\",\"urlTemplate\":\"https:\/\/www.diocesi.torino.it\/caritas\/?s={search_term_string}\"},\"query-input\":\"required name=search_term_string\"}],\"inLanguage\":\"it-IT\"},{\"@type\":\"Person\",\"@id\":\"https:\/\/www.diocesi.torino.it\/caritas\/#\/schema\/person\/ca6e90ef515f67ef775f029a77cbb114\",\"name\":\"ivanandreis\",\"image\":{\"@type\":\"ImageObject\",\"inLanguage\":\"it-IT\",\"@id\":\"https:\/\/www.diocesi.torino.it\/caritas\/#\/schema\/person\/image\/\",\"url\":\"https:\/\/secure.gravatar.com\/avatar\/2f59e55a722d01dd713aecde99e40fbb?s=96&d=mm&r=g\",\"contentUrl\":\"https:\/\/secure.gravatar.com\/avatar\/2f59e55a722d01dd713aecde99e40fbb?s=96&d=mm&r=g\",\"caption\":\"ivanandreis\"},\"url\":\"https:\/\/www.diocesi.torino.it\/caritas\/author\/ivanandreis\/\"}]}<\/script>\n<!-- \/ Yoast SEO plugin. -->","yoast_head_json":{"title":"Nepal: emergenza umanitaria dopo l\u2019alluvione - Caritas Diocesana","robots":{"index":"index","follow":"follow","max-snippet":"max-snippet:-1","max-image-preview":"max-image-preview:large","max-video-preview":"max-video-preview:-1"},"canonical":"https:\/\/www.diocesi.torino.it\/caritas\/nepal-emergenza-umanitaria-dopo-lalluvione\/","og_locale":"it_IT","og_type":"article","og_title":"Nepal: emergenza umanitaria dopo l\u2019alluvione - Caritas Diocesana","og_description":"Nel nord del Nepal, l\u2019alluvione del 26 agosto ha lasciato migliaia di persone in condizioni di estrema vulnerabilit\u00e0. Le necessit\u00e0 pi\u00f9 urgenti riguardano ripari, cibo, assistenza sanitaria e psicologica, protezione delle persone pi\u00f9 fragili. Anche il sistema scolastico \u00e8 stato duramente colpito: almeno 38 scuole sono state distrutte o danneggiate. Caritas Nepal \u00e8 operativa e lavora coordinandosi con il Governo del Nepal. Tra gli interventi &hellip; Continua a leggere &raquo;","og_url":"https:\/\/www.diocesi.torino.it\/caritas\/nepal-emergenza-umanitaria-dopo-lalluvione\/","og_site_name":"Caritas Diocesana","article_published_time":"2026-09-04T07:00:36+00:00","article_modified_time":"2026-09-04T08:34:54+00:00","og_image":[{"width":555,"height":444,"url":"https:\/\/www.diocesi.torino.it\/caritas\/wp-content\/uploads\/sites\/5\/2026\/09\/Nepal.jpg","type":"image\/jpeg"}],"author":"ivanandreis","twitter_card":"summary_large_image","twitter_misc":{"Scritto da":"ivanandreis","Tempo di lettura stimato":"2 minuti"},"schema":{"@context":"https:\/\/schema.org","@graph":[{"@type":"WebPage","@id":"https:\/\/www.diocesi.torino.it\/caritas\/nepal-emergenza-umanitaria-dopo-lalluvione\/","url":"https:\/\/www.diocesi.torino.it\/caritas\/nepal-emergenza-umanitaria-dopo-lalluvione\/","name":"Nepal: emergenza umanitaria dopo l\u2019alluvione - Caritas Diocesana","isPartOf":{"@id":"https:\/\/www.diocesi.torino.it\/caritas\/#website"},"datePublished":"2026-09-04T07:00:36+00:00","dateModified":"2026-09-04T08:34:54+00:00","author":{"@id":"https:\/\/www.diocesi.torino.it\/caritas\/#\/schema\/person\/ca6e90ef515f67ef775f029a77cbb114"},"breadcrumb":{"@id":"https:\/\/www.diocesi.torino.it\/caritas\/nepal-emergenza-umanitaria-dopo-lalluvione\/#breadcrumb"},"inLanguage":"it-IT","potentialAction":[{"@type":"ReadAction","target":["https:\/\/www.diocesi.torino.it\/caritas\/nepal-emergenza-umanitaria-dopo-lalluvione\/"]}]},{"@type":"BreadcrumbList","@id":"https:\/\/www.diocesi.torino.it\/caritas\/nepal-emergenza-umanitaria-dopo-lalluvione\/#breadcrumb","itemListElement":[{"@type":"ListItem","position":1,"name":"Home","item":"https:\/\/www.diocesi.torino.it\/caritas\/"},{"@type":"ListItem","position":2,"name":"Nepal: emergenza umanitaria dopo l\u2019alluvione"}]},{"@type":"WebSite","@id":"https:\/\/www.diocesi.torino.it\/caritas\/#website","url":"https:\/\/www.diocesi.torino.it\/caritas\/","name":"Caritas Diocesana","description":"","potentialAction":[{"@type":"SearchAction","target":{"@type":"EntryPoint","urlTemplate":"https:\/\/www.diocesi.torino.it\/caritas\/?s={search_term_string}"},"query-input":"required name=search_term_string"}],"inLanguage":"it-IT"},{"@type":"Person","@id":"https:\/\/www.diocesi.torino.it\/caritas\/#\/schema\/person\/ca6e90ef515f67ef775f029a77cbb114","name":"ivanandreis","image":{"@type":"ImageObject","inLanguage":"it-IT","@id":"https:\/\/www.diocesi.torino.it\/caritas\/#\/schema\/person\/image\/","url":"https:\/\/secure.gravatar.com\/avatar\/2f59e55a722d01dd713aecde99e40fbb?s=96&d=mm&r=g","contentUrl":"https:\/\/secure.gravatar.com\/avatar\/2f59e55a722d01dd713aecde99e40fbb?s=96&d=mm&r=g","caption":"ivanandreis"},"url":"https:\/\/www.diocesi.torino.it\/caritas\/author\/ivanandreis\/"}]}},"_links":{"self":[{"href":"https:\/\/www.diocesi.torino.it\/caritas\/wp-json\/wp\/v2\/posts\/6069"}],"collection":[{"href":"https:\/\/www.diocesi.torino.it\/caritas\/wp-json\/wp\/v2\/posts"}],"about":[{"href":"https:\/\/www.diocesi.torino.it\/caritas\/wp-json\/wp\/v2\/types\/post"}],"author":[{"embeddable":true,"href":"https:\/\/www.diocesi.torino.it\/caritas\/wp-json\/wp\/v2\/users\/63"}],"replies":[{"embeddable":true,"href":"https:\/\/www.diocesi.torino.it\/caritas\/wp-json\/wp\/v2\/comments?post=6069"}],"version-history":[{"count":15,"href":"https:\/\/www.diocesi.torino.it\/caritas\/wp-json\/wp\/v2\/posts\/6069\/revisions"}],"predecessor-version":[{"id":6110,"href":"https:\/\/www.diocesi.torino.it\/caritas\/wp-json\/wp\/v2\/posts\/6069\/revisions\/6110"}],"wp:featuredmedia":[{"embeddable":true,"href":"https:\/\/www.diocesi.torino.it\/caritas\/wp-json\/wp\/v2\/media\/6074"}],"wp:attachment":[{"href":"https:\/\/www.diocesi.torino.it\/caritas\/wp-json\/wp\/v2\/media?parent=6069"}],"wp:term":[{"taxonomy":"category","embeddable":true,"href":"https:\/\/www.diocesi.torino.it\/caritas\/wp-json\/wp\/v2\/categories?post=6069"},{"taxonomy":"post_tag","embeddable":true,"href":"https:\/\/www.diocesi.torino.it\/caritas\/wp-json\/wp\/v2\/tags?post=6069"}],"curies":[{"name":"wp","href":"https:\/\/api.w.org\/{rel}","templated":true}]}}