{"id":2313,"date":"2020-06-17T11:35:05","date_gmt":"2020-06-17T09:35:05","guid":{"rendered":"http:\/\/www.diocesi.torino.it\/catechistico\/?p=2313"},"modified":"2022-12-07T12:49:29","modified_gmt":"2022-12-07T11:49:29","slug":"lettera-ai-catechisti-delli-c-7-12-anni","status":"publish","type":"post","link":"https:\/\/www.diocesi.torino.it\/catechistico\/lettera-ai-catechisti-delli-c-7-12-anni\/","title":{"rendered":"Lettera ai catechisti dell&#8217;I.C. 7-12 anni"},"content":{"rendered":"<p>Carissimi catechisti,<\/p>\n<p>questo \u00e8 il periodo in cui solitamente facevamo i nostri bilanci di lavoro, ci salutavamo e ci davamo appuntamento per settembre. Quest\u2019anno \u00e8 tutto diverso! Si pu\u00f2 essere colti dallo scoramento. Proviamo invece a pensare come salutare i nostri ragazzi e le loro famiglie. In questi mesi ogni catechista avr\u00e0 cercato un modo adatto e discreto per tenere il filo con il proprio gruppo e con ciascuno. Sentendo i vostri interventi, ci sono coloro che hanno inviato pi\u00f9 materiale e chi meno, chi ha avuto contatti telefonici e chi no, e ci sono tante altre sfumature che caratterizzano il nostro modo di relazionarci.<\/p>\n<p>Per questo saluto \u201cdi fine anno\u201d abbiamo pensato di suggerirvi alcune possibilit\u00e0: potete fare una telefonata personale se avete ragazzi pi\u00f9 grandi, mandare un wa personale ad ogni bambino o famigliare (evitando un unico messaggio di gruppo sulla chat) o se vi piace il sapore antico di carta e penna inviare a ciascuno un biglietto o una cartolina di saluto. Quest\u2019ultimo modo sorprender\u00e0 i bambini e i ragazzi che non sono pi\u00f9 abituati a ricevere alcunch\u00e9 nella buca delle lettere. Potreste anche chiedere loro di rispondervi con un saluto di arrivederci con un messaggio vocale, o un pensiero su wa, quasi foste diventati dei pen-friends versione 2.0. Quale che sia la scelta, siate positivi: se i prossimi mesi non sono ancora ben programmabili saranno sempre e comunque dedicati all\u2019annuncio della Parola di Dio. Parola che ci invita a perseverare senza paura, tutti insieme armati di sorriso e tanta voglia di fare cose belle e buone.<\/p>\n<p>Buona estate dagli amici di Tobia<\/p>\n","protected":false},"excerpt":{"rendered":"<p>Carissimi catechisti, questo \u00e8 il periodo in cui solitamente facevamo i nostri bilanci di lavoro, ci salutavamo e ci davamo appuntamento per settembre. Quest\u2019anno \u00e8 tutto diverso! Si pu\u00f2 essere colti dallo scoramento. Proviamo invece a pensare come salutare i nostri ragazzi e le loro famiglie. In questi mesi ogni catechista avr\u00e0 cercato un modo adatto e discreto per tenere il filo con il proprio &hellip; <a href=\"https:\/\/www.diocesi.torino.it\/catechistico\/lettera-ai-catechisti-delli-c-7-12-anni\/\" class=\"more-link\">Continua a leggere <span class=\"screen-reader-text\"><\/span> <span class=\"meta-nav\">&raquo;<\/span><\/a><\/p>\n","protected":false},"author":5,"featured_media":2314,"comment_status":"closed","ping_status":"closed","sticky":false,"template":"","format":"standard","meta":{"ip_address":"","user_agent":"","level":"","revision":"","cookie_id":"","page_referer":"","html_form":"","_expiration-date-status":"","_expiration-date":0,"_expiration-date-type":"","_expiration-date-categories":[],"_expiration-date-options":[]},"categories":[93],"tags":[],"acf":[],"yoast_head":"<!-- This site is optimized with the Yoast SEO plugin v20.8 - https:\/\/yoast.com\/wordpress\/plugins\/seo\/ -->\n<title>Lettera ai catechisti dell&#039;I.C. 7-12 anni - Pastorale CATECHISTICA<\/title>\n<meta name=\"robots\" content=\"index, follow, max-snippet:-1, max-image-preview:large, max-video-preview:-1\" \/>\n<link rel=\"canonical\" href=\"https:\/\/www.diocesi.torino.it\/catechistico\/lettera-ai-catechisti-delli-c-7-12-anni\/\" \/>\n<meta property=\"og:locale\" content=\"it_IT\" \/>\n<meta property=\"og:type\" content=\"article\" \/>\n<meta property=\"og:title\" content=\"Lettera ai catechisti dell&#039;I.C. 7-12 anni - Pastorale CATECHISTICA\" \/>\n<meta property=\"og:description\" content=\"Carissimi catechisti, questo \u00e8 il periodo in cui solitamente facevamo i nostri bilanci di lavoro, ci salutavamo e ci davamo appuntamento per settembre. Quest\u2019anno \u00e8 tutto diverso! Si pu\u00f2 essere colti dallo scoramento. Proviamo invece a pensare come salutare i nostri ragazzi e le loro famiglie. In questi mesi ogni catechista avr\u00e0 cercato un modo adatto e discreto per tenere il filo con il proprio &hellip; Continua a leggere &raquo;\" \/>\n<meta property=\"og:url\" content=\"https:\/\/www.diocesi.torino.it\/catechistico\/lettera-ai-catechisti-delli-c-7-12-anni\/\" \/>\n<meta property=\"og:site_name\" content=\"Pastorale CATECHISTICA\" \/>\n<meta property=\"article:published_time\" content=\"2020-06-17T09:35:05+00:00\" \/>\n<meta property=\"article:modified_time\" content=\"2022-12-07T11:49:29+00:00\" \/>\n<meta property=\"og:image\" content=\"https:\/\/www.diocesi.torino.it\/catechistico\/wp-content\/uploads\/sites\/3\/2020\/06\/copertina-2.jpg\" \/>\n\t<meta property=\"og:image:width\" content=\"768\" \/>\n\t<meta property=\"og:image:height\" content=\"549\" \/>\n\t<meta property=\"og:image:type\" content=\"image\/jpeg\" \/>\n<meta name=\"author\" content=\"annamocci\" \/>\n<meta name=\"twitter:card\" content=\"summary_large_image\" \/>\n<meta name=\"twitter:label1\" content=\"Scritto da\" \/>\n\t<meta name=\"twitter:data1\" content=\"annamocci\" \/>\n\t<meta name=\"twitter:label2\" content=\"Tempo di lettura stimato\" \/>\n\t<meta name=\"twitter:data2\" content=\"2 minuti\" \/>\n<script type=\"application\/ld+json\" class=\"yoast-schema-graph\">{\"@context\":\"https:\/\/schema.org\",\"@graph\":[{\"@type\":\"WebPage\",\"@id\":\"https:\/\/www.diocesi.torino.it\/catechistico\/lettera-ai-catechisti-delli-c-7-12-anni\/\",\"url\":\"https:\/\/www.diocesi.torino.it\/catechistico\/lettera-ai-catechisti-delli-c-7-12-anni\/\",\"name\":\"Lettera ai catechisti dell'I.C. 7-12 anni - Pastorale CATECHISTICA\",\"isPartOf\":{\"@id\":\"https:\/\/www.diocesi.torino.it\/catechistico\/#website\"},\"datePublished\":\"2020-06-17T09:35:05+00:00\",\"dateModified\":\"2022-12-07T11:49:29+00:00\",\"author\":{\"@id\":\"https:\/\/www.diocesi.torino.it\/catechistico\/#\/schema\/person\/3f4ae0f9bd0898118ff68d9a8f3ccd8f\"},\"breadcrumb\":{\"@id\":\"https:\/\/www.diocesi.torino.it\/catechistico\/lettera-ai-catechisti-delli-c-7-12-anni\/#breadcrumb\"},\"inLanguage\":\"it-IT\",\"potentialAction\":[{\"@type\":\"ReadAction\",\"target\":[\"https:\/\/www.diocesi.torino.it\/catechistico\/lettera-ai-catechisti-delli-c-7-12-anni\/\"]}]},{\"@type\":\"BreadcrumbList\",\"@id\":\"https:\/\/www.diocesi.torino.it\/catechistico\/lettera-ai-catechisti-delli-c-7-12-anni\/#breadcrumb\",\"itemListElement\":[{\"@type\":\"ListItem\",\"position\":1,\"name\":\"Home\",\"item\":\"https:\/\/www.diocesi.torino.it\/catechistico\/\"},{\"@type\":\"ListItem\",\"position\":2,\"name\":\"Lettera ai catechisti dell&#8217;I.C. 7-12 anni\"}]},{\"@type\":\"WebSite\",\"@id\":\"https:\/\/www.diocesi.torino.it\/catechistico\/#website\",\"url\":\"https:\/\/www.diocesi.torino.it\/catechistico\/\",\"name\":\"Pastorale CATECHISTICA\",\"description\":\"\",\"potentialAction\":[{\"@type\":\"SearchAction\",\"target\":{\"@type\":\"EntryPoint\",\"urlTemplate\":\"https:\/\/www.diocesi.torino.it\/catechistico\/?s={search_term_string}\"},\"query-input\":\"required name=search_term_string\"}],\"inLanguage\":\"it-IT\"},{\"@type\":\"Person\",\"@id\":\"https:\/\/www.diocesi.torino.it\/catechistico\/#\/schema\/person\/3f4ae0f9bd0898118ff68d9a8f3ccd8f\",\"name\":\"annamocci\",\"image\":{\"@type\":\"ImageObject\",\"inLanguage\":\"it-IT\",\"@id\":\"https:\/\/www.diocesi.torino.it\/catechistico\/#\/schema\/person\/image\/\",\"url\":\"https:\/\/secure.gravatar.com\/avatar\/50db42edc49e737beb052f9c85f5f04b?s=96&d=mm&r=g\",\"contentUrl\":\"https:\/\/secure.gravatar.com\/avatar\/50db42edc49e737beb052f9c85f5f04b?s=96&d=mm&r=g\",\"caption\":\"annamocci\"},\"url\":\"https:\/\/www.diocesi.torino.it\/catechistico\/author\/annamocci\/\"}]}<\/script>\n<!-- \/ Yoast SEO plugin. -->","yoast_head_json":{"title":"Lettera ai catechisti dell'I.C. 7-12 anni - Pastorale CATECHISTICA","robots":{"index":"index","follow":"follow","max-snippet":"max-snippet:-1","max-image-preview":"max-image-preview:large","max-video-preview":"max-video-preview:-1"},"canonical":"https:\/\/www.diocesi.torino.it\/catechistico\/lettera-ai-catechisti-delli-c-7-12-anni\/","og_locale":"it_IT","og_type":"article","og_title":"Lettera ai catechisti dell'I.C. 7-12 anni - Pastorale CATECHISTICA","og_description":"Carissimi catechisti, questo \u00e8 il periodo in cui solitamente facevamo i nostri bilanci di lavoro, ci salutavamo e ci davamo appuntamento per settembre. Quest\u2019anno \u00e8 tutto diverso! Si pu\u00f2 essere colti dallo scoramento. Proviamo invece a pensare come salutare i nostri ragazzi e le loro famiglie. In questi mesi ogni catechista avr\u00e0 cercato un modo adatto e discreto per tenere il filo con il proprio &hellip; Continua a leggere &raquo;","og_url":"https:\/\/www.diocesi.torino.it\/catechistico\/lettera-ai-catechisti-delli-c-7-12-anni\/","og_site_name":"Pastorale CATECHISTICA","article_published_time":"2020-06-17T09:35:05+00:00","article_modified_time":"2022-12-07T11:49:29+00:00","og_image":[{"width":768,"height":549,"url":"https:\/\/www.diocesi.torino.it\/catechistico\/wp-content\/uploads\/sites\/3\/2020\/06\/copertina-2.jpg","type":"image\/jpeg"}],"author":"annamocci","twitter_card":"summary_large_image","twitter_misc":{"Scritto da":"annamocci","Tempo di lettura stimato":"2 minuti"},"schema":{"@context":"https:\/\/schema.org","@graph":[{"@type":"WebPage","@id":"https:\/\/www.diocesi.torino.it\/catechistico\/lettera-ai-catechisti-delli-c-7-12-anni\/","url":"https:\/\/www.diocesi.torino.it\/catechistico\/lettera-ai-catechisti-delli-c-7-12-anni\/","name":"Lettera ai catechisti dell'I.C. 7-12 anni - Pastorale CATECHISTICA","isPartOf":{"@id":"https:\/\/www.diocesi.torino.it\/catechistico\/#website"},"datePublished":"2020-06-17T09:35:05+00:00","dateModified":"2022-12-07T11:49:29+00:00","author":{"@id":"https:\/\/www.diocesi.torino.it\/catechistico\/#\/schema\/person\/3f4ae0f9bd0898118ff68d9a8f3ccd8f"},"breadcrumb":{"@id":"https:\/\/www.diocesi.torino.it\/catechistico\/lettera-ai-catechisti-delli-c-7-12-anni\/#breadcrumb"},"inLanguage":"it-IT","potentialAction":[{"@type":"ReadAction","target":["https:\/\/www.diocesi.torino.it\/catechistico\/lettera-ai-catechisti-delli-c-7-12-anni\/"]}]},{"@type":"BreadcrumbList","@id":"https:\/\/www.diocesi.torino.it\/catechistico\/lettera-ai-catechisti-delli-c-7-12-anni\/#breadcrumb","itemListElement":[{"@type":"ListItem","position":1,"name":"Home","item":"https:\/\/www.diocesi.torino.it\/catechistico\/"},{"@type":"ListItem","position":2,"name":"Lettera ai catechisti dell&#8217;I.C. 7-12 anni"}]},{"@type":"WebSite","@id":"https:\/\/www.diocesi.torino.it\/catechistico\/#website","url":"https:\/\/www.diocesi.torino.it\/catechistico\/","name":"Pastorale CATECHISTICA","description":"","potentialAction":[{"@type":"SearchAction","target":{"@type":"EntryPoint","urlTemplate":"https:\/\/www.diocesi.torino.it\/catechistico\/?s={search_term_string}"},"query-input":"required name=search_term_string"}],"inLanguage":"it-IT"},{"@type":"Person","@id":"https:\/\/www.diocesi.torino.it\/catechistico\/#\/schema\/person\/3f4ae0f9bd0898118ff68d9a8f3ccd8f","name":"annamocci","image":{"@type":"ImageObject","inLanguage":"it-IT","@id":"https:\/\/www.diocesi.torino.it\/catechistico\/#\/schema\/person\/image\/","url":"https:\/\/secure.gravatar.com\/avatar\/50db42edc49e737beb052f9c85f5f04b?s=96&d=mm&r=g","contentUrl":"https:\/\/secure.gravatar.com\/avatar\/50db42edc49e737beb052f9c85f5f04b?s=96&d=mm&r=g","caption":"annamocci"},"url":"https:\/\/www.diocesi.torino.it\/catechistico\/author\/annamocci\/"}]}},"_links":{"self":[{"href":"https:\/\/www.diocesi.torino.it\/catechistico\/wp-json\/wp\/v2\/posts\/2313"}],"collection":[{"href":"https:\/\/www.diocesi.torino.it\/catechistico\/wp-json\/wp\/v2\/posts"}],"about":[{"href":"https:\/\/www.diocesi.torino.it\/catechistico\/wp-json\/wp\/v2\/types\/post"}],"author":[{"embeddable":true,"href":"https:\/\/www.diocesi.torino.it\/catechistico\/wp-json\/wp\/v2\/users\/5"}],"replies":[{"embeddable":true,"href":"https:\/\/www.diocesi.torino.it\/catechistico\/wp-json\/wp\/v2\/comments?post=2313"}],"version-history":[{"count":3,"href":"https:\/\/www.diocesi.torino.it\/catechistico\/wp-json\/wp\/v2\/posts\/2313\/revisions"}],"predecessor-version":[{"id":2317,"href":"https:\/\/www.diocesi.torino.it\/catechistico\/wp-json\/wp\/v2\/posts\/2313\/revisions\/2317"}],"wp:featuredmedia":[{"embeddable":true,"href":"https:\/\/www.diocesi.torino.it\/catechistico\/wp-json\/wp\/v2\/media\/2314"}],"wp:attachment":[{"href":"https:\/\/www.diocesi.torino.it\/catechistico\/wp-json\/wp\/v2\/media?parent=2313"}],"wp:term":[{"taxonomy":"category","embeddable":true,"href":"https:\/\/www.diocesi.torino.it\/catechistico\/wp-json\/wp\/v2\/categories?post=2313"},{"taxonomy":"post_tag","embeddable":true,"href":"https:\/\/www.diocesi.torino.it\/catechistico\/wp-json\/wp\/v2\/tags?post=2313"}],"curies":[{"name":"wp","href":"https:\/\/api.w.org\/{rel}","templated":true}]}}