{"id":2318,"date":"2020-06-18T12:25:04","date_gmt":"2020-06-18T10:25:04","guid":{"rendered":"http:\/\/www.diocesi.torino.it\/catechistico\/?p=2318"},"modified":"2022-12-07T12:48:28","modified_gmt":"2022-12-07T11:48:28","slug":"ri-organizzazione-o-ripartenza-della-catechesi","status":"publish","type":"post","link":"https:\/\/www.diocesi.torino.it\/catechistico\/ri-organizzazione-o-ripartenza-della-catechesi\/","title":{"rendered":"Ri-organizzazione o ripartenza della catechesi?"},"content":{"rendered":"<p>Il \u00abvirus della verit\u00e0\u00bb &#8211; come qualcuno ha definito il Coronavirus \u2013 ha interrotto le consuetudini della catechesi parrocchiale e porta alla luce i pieni e i vuoti, le potenzialit\u00e0 e i limiti.<\/p>\n<p>Nulla potr\u00e0 essere pi\u00f9 come prima, neppure le nostre proposte pastorali e catechistiche. Ma ad una condizione e cio\u00e8 che uscire dalla fase 1 del Coronavirus non significhi solo <em>riprendere<\/em> da dove eravamo rimasti ma <em>ricominciare <\/em>con uno sguardo diverso, rinnovato. Questa condizione \u00e8 una scelta da presupporre e da condividere.<\/p>\n<p>In qualche modo il virus ha funzionato come un catalizzatore offrendoci un anticipo del \u00abfuturo vicino\u00bb (Thomas Hal\u00edk) con cui la chiesa e quindi anche la catechesi, dovranno fare i conti. Che cosa rester\u00e0 delle forme catechistiche cui eravamo abituati e a cui con passione ci dedicavamo? Nemmeno i numeri, con molta probabilit\u00e0, saranno gli stessi. E se fosse l\u2019occasione per una presa di coscienza condivisa, per una reale conversione delle pratiche pastorali e catechistiche, anzich\u00e9 per un programma a breve termine?<\/p>\n<p>La vita di questo tempo non si \u00e8 interrotta: neppure quella di fede. \u00c8 avvenuta <em>diversamente<\/em> e in luoghi altri, diversi dalla parrocchia. Che cosa come comunit\u00e0 cristiana possiamo imparare anche da questo periodo? Quale legittimit\u00e0 siamo disposti a riconoscere ad altre modalit\u00e0 di vivere la fede, ad altri contesti in cui si \u00e8 iniziati ad essa? E quali strumenti ci diamo per riconoscerli?<\/p>\n<p>Nel mezzo di una situazione ancora in evoluzione abbozziamo un indice provvisorio di attenzioni con cui la ripartenza della catechesi \u2013 non solo dei bambini \u2013 avr\u00e0 a che fare.<\/p>\n<p><strong>La cura delle relazioni nel segno della reciprocit\u00e0,<\/strong><\/p>\n<p>Il Covid rimette al centro, non senza contraddizioni, le relazioni e il bisogno di vicinanza. Ci ha fatto riscoprire che siamo tutti impastati della stessa carne. La ripartenza della catechesi implicher\u00e0 un modo nuovo nel modo di relazionarsi con tutti: facendosi presenti in modo gratuito, senza proselitismo, solo perch\u00e8 \u00absi ha desiderio e nostalgia dell\u2019altro\u00bb (C. Le Chevalier)<\/p>\n<p><strong>Il bisogno di raccontare, di essere ascoltati e di ascoltare: la sfida della interiorit\u00e0. <\/strong><\/p>\n<p>Emerge, in questi giorni, il bisogno di raccontarsi e di racconti che offrano prospettive differenti. Oltre all\u2019esigenza di essere ascoltati quello che qui \u00e8 in gioco \u00e8 una dinamica di ricerca di senso che incoraggia la catechesi a ripercorrere la strada narrativa (che rimette al centro l\u2019importanza della Scrittura) e permette di ricollocare l\u2019annuncio dentro le trame dell\u2019esistenza.<\/p>\n<p><strong>I racconti della fede<\/strong><\/p>\n<p>Questo tempo riporta la catechesi al cuore del Vangelo, la invita a ricentrarsi sull\u2019<em>annuncio<\/em> <em>primo<\/em>: il kerigma di un amore pi\u00f9 forte della morte. Il duello tra la morte e la vita che il virus ha portato davanti ai nostri occhi \u00e8 anche il cuore della nostra fede pasquale.<\/p>\n<p>Si (ri)apre lo spazio per i racconti della fede che offrono il punto di vista evangelico e possono rivelarsi come interessanti cornici per interpretare la vita. Con un\u2019attenzione che il riferimento al <em>primo annuncio<\/em> porta con s\u00e9: il richiamo all\u2019essenzialit\u00e0, di proposte libere e gratuite,\u00a0 semplici e significative.<\/p>\n<p>Il futuro della catechesi passa per la capacit\u00e0 di stare insieme nel presente riconoscendo il nuovo che Dio continua a fare nascere, consapevoli che la chiesa che verr\u00e0 non sar\u00e0 anzitutto il frutto della nostra progettazione ma della capacit\u00e0 di lasciarsi interpellale e convertire da questo tempo che \u00absta seminando un cambiamento\u00bb (G. Costa) <a href=\"#_ftn1\" name=\"_ftnref1\">[1]<\/a>.<\/p>\n<p style=\"text-align: right;\">don Michele Roselli &#8211; direttore dell&#8217;Ufficio Catechistico<\/p>\n<p><a href=\"#_ftnref1\" name=\"_ftn1\">[1]<\/a> G. Costa, <em>Ricominciare, con un altro sguardo<\/em>, in <em>Aggiornamenti Sociali<\/em>, 4\/2020, 269-276. Qui 270.<\/p>\n","protected":false},"excerpt":{"rendered":"<p>Il \u00abvirus della verit\u00e0\u00bb &#8211; come qualcuno ha definito il Coronavirus \u2013 ha interrotto le consuetudini della catechesi parrocchiale e porta alla luce i pieni e i vuoti, le potenzialit\u00e0 e i limiti. Nulla potr\u00e0 essere pi\u00f9 come prima, neppure le nostre proposte pastorali e catechistiche. Ma ad una condizione e cio\u00e8 che uscire dalla fase 1 del Coronavirus non significhi solo riprendere da dove &hellip; <a href=\"https:\/\/www.diocesi.torino.it\/catechistico\/ri-organizzazione-o-ripartenza-della-catechesi\/\" class=\"more-link\">Continua a leggere <span class=\"screen-reader-text\"><\/span> <span class=\"meta-nav\">&raquo;<\/span><\/a><\/p>\n","protected":false},"author":2,"featured_media":2319,"comment_status":"closed","ping_status":"closed","sticky":false,"template":"","format":"standard","meta":{"ip_address":"","user_agent":"","level":"","revision":"","cookie_id":"","page_referer":"","html_form":"","_expiration-date-status":"","_expiration-date":0,"_expiration-date-type":"","_expiration-date-categories":[],"_expiration-date-options":[]},"categories":[93],"tags":[],"acf":[],"yoast_head":"<!-- This site is optimized with the Yoast SEO plugin v20.8 - https:\/\/yoast.com\/wordpress\/plugins\/seo\/ -->\n<title>Ri-organizzazione o ripartenza della catechesi? - Pastorale CATECHISTICA<\/title>\n<meta name=\"robots\" content=\"index, follow, max-snippet:-1, max-image-preview:large, max-video-preview:-1\" \/>\n<link rel=\"canonical\" href=\"https:\/\/www.diocesi.torino.it\/catechistico\/ri-organizzazione-o-ripartenza-della-catechesi\/\" \/>\n<meta property=\"og:locale\" content=\"it_IT\" \/>\n<meta property=\"og:type\" content=\"article\" \/>\n<meta property=\"og:title\" content=\"Ri-organizzazione o ripartenza della catechesi? - Pastorale CATECHISTICA\" \/>\n<meta property=\"og:description\" content=\"Il \u00abvirus della verit\u00e0\u00bb &#8211; come qualcuno ha definito il Coronavirus \u2013 ha interrotto le consuetudini della catechesi parrocchiale e porta alla luce i pieni e i vuoti, le potenzialit\u00e0 e i limiti. Nulla potr\u00e0 essere pi\u00f9 come prima, neppure le nostre proposte pastorali e catechistiche. Ma ad una condizione e cio\u00e8 che uscire dalla fase 1 del Coronavirus non significhi solo riprendere da dove &hellip; Continua a leggere &raquo;\" \/>\n<meta property=\"og:url\" content=\"https:\/\/www.diocesi.torino.it\/catechistico\/ri-organizzazione-o-ripartenza-della-catechesi\/\" \/>\n<meta property=\"og:site_name\" content=\"Pastorale CATECHISTICA\" \/>\n<meta property=\"article:published_time\" content=\"2020-06-18T10:25:04+00:00\" \/>\n<meta property=\"article:modified_time\" content=\"2022-12-07T11:48:28+00:00\" \/>\n<meta property=\"og:image\" content=\"https:\/\/www.diocesi.torino.it\/catechistico\/wp-content\/uploads\/sites\/3\/2020\/06\/nonno-nipote1.jpg\" \/>\n\t<meta property=\"og:image:width\" content=\"1024\" \/>\n\t<meta property=\"og:image:height\" content=\"815\" \/>\n\t<meta property=\"og:image:type\" content=\"image\/jpeg\" \/>\n<meta name=\"author\" content=\"larareale\" \/>\n<meta name=\"twitter:card\" content=\"summary_large_image\" \/>\n<meta name=\"twitter:label1\" content=\"Scritto da\" \/>\n\t<meta name=\"twitter:data1\" content=\"larareale\" \/>\n\t<meta name=\"twitter:label2\" content=\"Tempo di lettura stimato\" \/>\n\t<meta name=\"twitter:data2\" content=\"4 minuti\" \/>\n<script type=\"application\/ld+json\" class=\"yoast-schema-graph\">{\"@context\":\"https:\/\/schema.org\",\"@graph\":[{\"@type\":\"WebPage\",\"@id\":\"https:\/\/www.diocesi.torino.it\/catechistico\/ri-organizzazione-o-ripartenza-della-catechesi\/\",\"url\":\"https:\/\/www.diocesi.torino.it\/catechistico\/ri-organizzazione-o-ripartenza-della-catechesi\/\",\"name\":\"Ri-organizzazione o ripartenza della catechesi? - Pastorale CATECHISTICA\",\"isPartOf\":{\"@id\":\"https:\/\/www.diocesi.torino.it\/catechistico\/#website\"},\"datePublished\":\"2020-06-18T10:25:04+00:00\",\"dateModified\":\"2022-12-07T11:48:28+00:00\",\"author\":{\"@id\":\"https:\/\/www.diocesi.torino.it\/catechistico\/#\/schema\/person\/56b55c0a40c3fcb07f3dcb3d78757beb\"},\"breadcrumb\":{\"@id\":\"https:\/\/www.diocesi.torino.it\/catechistico\/ri-organizzazione-o-ripartenza-della-catechesi\/#breadcrumb\"},\"inLanguage\":\"it-IT\",\"potentialAction\":[{\"@type\":\"ReadAction\",\"target\":[\"https:\/\/www.diocesi.torino.it\/catechistico\/ri-organizzazione-o-ripartenza-della-catechesi\/\"]}]},{\"@type\":\"BreadcrumbList\",\"@id\":\"https:\/\/www.diocesi.torino.it\/catechistico\/ri-organizzazione-o-ripartenza-della-catechesi\/#breadcrumb\",\"itemListElement\":[{\"@type\":\"ListItem\",\"position\":1,\"name\":\"Home\",\"item\":\"https:\/\/www.diocesi.torino.it\/catechistico\/\"},{\"@type\":\"ListItem\",\"position\":2,\"name\":\"Ri-organizzazione o ripartenza della catechesi?\"}]},{\"@type\":\"WebSite\",\"@id\":\"https:\/\/www.diocesi.torino.it\/catechistico\/#website\",\"url\":\"https:\/\/www.diocesi.torino.it\/catechistico\/\",\"name\":\"Pastorale CATECHISTICA\",\"description\":\"\",\"potentialAction\":[{\"@type\":\"SearchAction\",\"target\":{\"@type\":\"EntryPoint\",\"urlTemplate\":\"https:\/\/www.diocesi.torino.it\/catechistico\/?s={search_term_string}\"},\"query-input\":\"required name=search_term_string\"}],\"inLanguage\":\"it-IT\"},{\"@type\":\"Person\",\"@id\":\"https:\/\/www.diocesi.torino.it\/catechistico\/#\/schema\/person\/56b55c0a40c3fcb07f3dcb3d78757beb\",\"name\":\"larareale\",\"image\":{\"@type\":\"ImageObject\",\"inLanguage\":\"it-IT\",\"@id\":\"https:\/\/www.diocesi.torino.it\/catechistico\/#\/schema\/person\/image\/\",\"url\":\"https:\/\/secure.gravatar.com\/avatar\/bd6d2c622061a23404d73429d58b9674?s=96&d=mm&r=g\",\"contentUrl\":\"https:\/\/secure.gravatar.com\/avatar\/bd6d2c622061a23404d73429d58b9674?s=96&d=mm&r=g\",\"caption\":\"larareale\"},\"url\":\"https:\/\/www.diocesi.torino.it\/catechistico\/author\/larareale\/\"}]}<\/script>\n<!-- \/ Yoast SEO plugin. -->","yoast_head_json":{"title":"Ri-organizzazione o ripartenza della catechesi? - Pastorale CATECHISTICA","robots":{"index":"index","follow":"follow","max-snippet":"max-snippet:-1","max-image-preview":"max-image-preview:large","max-video-preview":"max-video-preview:-1"},"canonical":"https:\/\/www.diocesi.torino.it\/catechistico\/ri-organizzazione-o-ripartenza-della-catechesi\/","og_locale":"it_IT","og_type":"article","og_title":"Ri-organizzazione o ripartenza della catechesi? - Pastorale CATECHISTICA","og_description":"Il \u00abvirus della verit\u00e0\u00bb &#8211; come qualcuno ha definito il Coronavirus \u2013 ha interrotto le consuetudini della catechesi parrocchiale e porta alla luce i pieni e i vuoti, le potenzialit\u00e0 e i limiti. Nulla potr\u00e0 essere pi\u00f9 come prima, neppure le nostre proposte pastorali e catechistiche. Ma ad una condizione e cio\u00e8 che uscire dalla fase 1 del Coronavirus non significhi solo riprendere da dove &hellip; Continua a leggere &raquo;","og_url":"https:\/\/www.diocesi.torino.it\/catechistico\/ri-organizzazione-o-ripartenza-della-catechesi\/","og_site_name":"Pastorale CATECHISTICA","article_published_time":"2020-06-18T10:25:04+00:00","article_modified_time":"2022-12-07T11:48:28+00:00","og_image":[{"width":1024,"height":815,"url":"https:\/\/www.diocesi.torino.it\/catechistico\/wp-content\/uploads\/sites\/3\/2020\/06\/nonno-nipote1.jpg","type":"image\/jpeg"}],"author":"larareale","twitter_card":"summary_large_image","twitter_misc":{"Scritto da":"larareale","Tempo di lettura stimato":"4 minuti"},"schema":{"@context":"https:\/\/schema.org","@graph":[{"@type":"WebPage","@id":"https:\/\/www.diocesi.torino.it\/catechistico\/ri-organizzazione-o-ripartenza-della-catechesi\/","url":"https:\/\/www.diocesi.torino.it\/catechistico\/ri-organizzazione-o-ripartenza-della-catechesi\/","name":"Ri-organizzazione o ripartenza della catechesi? - Pastorale CATECHISTICA","isPartOf":{"@id":"https:\/\/www.diocesi.torino.it\/catechistico\/#website"},"datePublished":"2020-06-18T10:25:04+00:00","dateModified":"2022-12-07T11:48:28+00:00","author":{"@id":"https:\/\/www.diocesi.torino.it\/catechistico\/#\/schema\/person\/56b55c0a40c3fcb07f3dcb3d78757beb"},"breadcrumb":{"@id":"https:\/\/www.diocesi.torino.it\/catechistico\/ri-organizzazione-o-ripartenza-della-catechesi\/#breadcrumb"},"inLanguage":"it-IT","potentialAction":[{"@type":"ReadAction","target":["https:\/\/www.diocesi.torino.it\/catechistico\/ri-organizzazione-o-ripartenza-della-catechesi\/"]}]},{"@type":"BreadcrumbList","@id":"https:\/\/www.diocesi.torino.it\/catechistico\/ri-organizzazione-o-ripartenza-della-catechesi\/#breadcrumb","itemListElement":[{"@type":"ListItem","position":1,"name":"Home","item":"https:\/\/www.diocesi.torino.it\/catechistico\/"},{"@type":"ListItem","position":2,"name":"Ri-organizzazione o ripartenza della catechesi?"}]},{"@type":"WebSite","@id":"https:\/\/www.diocesi.torino.it\/catechistico\/#website","url":"https:\/\/www.diocesi.torino.it\/catechistico\/","name":"Pastorale CATECHISTICA","description":"","potentialAction":[{"@type":"SearchAction","target":{"@type":"EntryPoint","urlTemplate":"https:\/\/www.diocesi.torino.it\/catechistico\/?s={search_term_string}"},"query-input":"required name=search_term_string"}],"inLanguage":"it-IT"},{"@type":"Person","@id":"https:\/\/www.diocesi.torino.it\/catechistico\/#\/schema\/person\/56b55c0a40c3fcb07f3dcb3d78757beb","name":"larareale","image":{"@type":"ImageObject","inLanguage":"it-IT","@id":"https:\/\/www.diocesi.torino.it\/catechistico\/#\/schema\/person\/image\/","url":"https:\/\/secure.gravatar.com\/avatar\/bd6d2c622061a23404d73429d58b9674?s=96&d=mm&r=g","contentUrl":"https:\/\/secure.gravatar.com\/avatar\/bd6d2c622061a23404d73429d58b9674?s=96&d=mm&r=g","caption":"larareale"},"url":"https:\/\/www.diocesi.torino.it\/catechistico\/author\/larareale\/"}]}},"_links":{"self":[{"href":"https:\/\/www.diocesi.torino.it\/catechistico\/wp-json\/wp\/v2\/posts\/2318"}],"collection":[{"href":"https:\/\/www.diocesi.torino.it\/catechistico\/wp-json\/wp\/v2\/posts"}],"about":[{"href":"https:\/\/www.diocesi.torino.it\/catechistico\/wp-json\/wp\/v2\/types\/post"}],"author":[{"embeddable":true,"href":"https:\/\/www.diocesi.torino.it\/catechistico\/wp-json\/wp\/v2\/users\/2"}],"replies":[{"embeddable":true,"href":"https:\/\/www.diocesi.torino.it\/catechistico\/wp-json\/wp\/v2\/comments?post=2318"}],"version-history":[{"count":1,"href":"https:\/\/www.diocesi.torino.it\/catechistico\/wp-json\/wp\/v2\/posts\/2318\/revisions"}],"predecessor-version":[{"id":2320,"href":"https:\/\/www.diocesi.torino.it\/catechistico\/wp-json\/wp\/v2\/posts\/2318\/revisions\/2320"}],"wp:featuredmedia":[{"embeddable":true,"href":"https:\/\/www.diocesi.torino.it\/catechistico\/wp-json\/wp\/v2\/media\/2319"}],"wp:attachment":[{"href":"https:\/\/www.diocesi.torino.it\/catechistico\/wp-json\/wp\/v2\/media?parent=2318"}],"wp:term":[{"taxonomy":"category","embeddable":true,"href":"https:\/\/www.diocesi.torino.it\/catechistico\/wp-json\/wp\/v2\/categories?post=2318"},{"taxonomy":"post_tag","embeddable":true,"href":"https:\/\/www.diocesi.torino.it\/catechistico\/wp-json\/wp\/v2\/tags?post=2318"}],"curies":[{"name":"wp","href":"https:\/\/api.w.org\/{rel}","templated":true}]}}