{"id":4912,"date":"2024-09-13T10:32:44","date_gmt":"2024-09-13T08:32:44","guid":{"rendered":"https:\/\/www.diocesi.torino.it\/catechistico\/?p=4912"},"modified":"2024-09-13T10:43:13","modified_gmt":"2024-09-13T08:43:13","slug":"in-cammino-con-luca-a-cura-del-settore-apostolato-biblico-sab","status":"publish","type":"post","link":"https:\/\/www.diocesi.torino.it\/catechistico\/in-cammino-con-luca-a-cura-del-settore-apostolato-biblico-sab\/","title":{"rendered":"In Cammino con Luca a cura del Settore Apostolato Biblico (SAB)"},"content":{"rendered":"<p class=\"xmsonormal\"><span style=\"font-size: 14.0pt; color: black;\">Il Settore Apostolato Biblico (SAB) dell\u2019Ufficio Catechistico Diocesano organizza un percorso dal titolo \u201cIn cammino con Luca\u201d. L\u2019itinerario, guida all\u2019approfondimento del Vangelo che leggeremo nel prossimo anno liturgico.<\/span><\/p>\n<p class=\"xmsonormal\"><span style=\"font-size: 14.0pt; color: black;\">Il SAB \u00e8 disponibile a condurre questo \u201cformat\u201d nelle Parrocchie o Unit\u00e0 Pastorali che ne faranno richiesta con tempi e modalit\u00e0 da concordare.<\/span><\/p>\n<p class=\"xmsonormal\"><span style=\"font-size: 14.0pt; color: black;\">Il percorso biblico \u00e8 rivolto a: catechisti, operatori pastorali e a chiunque lo desideri.<\/span><\/p>\n<p class=\"xmsonormal\"><span style=\"font-size: 14.0pt; color: black;\">In allegato trovate il volantino con i dettagli degli incontri.<\/span><\/p>\n<p class=\"xmsonormal\"><span style=\"font-size: 14.0pt; color: black;\">Per informazioni, si pu\u00f2 inviare una mail a: <a href=\"mailto:apostolato.biblico@diocesi.to.it\">apostolato.biblico@diocesi.to.it<\/a><\/span><\/p>\n<hr class=\"wpba_attachment_hr\"><div id='wpba_attachment_list' class='wpba wpba-wrap'>\n<ul class='wpba-attachment-list unstyled'><li id='wpba_attachment_list_4913' class='wpba-list-item pull-left'><img src='https:\/\/www.diocesi.torino.it\/catechistico\/wp-content\/themes\/wp-starter-so\/icons\/document.png' width='16' height='20' class='wpba-icon pull-left'><a href='https:\/\/www.diocesi.torino.it\/catechistico\/wp-content\/uploads\/sites\/3\/2024\/09\/VOLANTINO-IN-CAMMINO-CON-LUCA.pdf' title='VOLANTINO IN CAMMINO CON LUCA' class='wpba-link pull-left' target=\"_blank\">VOLANTINO IN CAMMINO CON LUCA<\/a><\/li>\n<\/ul><\/div>\n","protected":false},"excerpt":{"rendered":"<p>Il Settore Apostolato Biblico (SAB) dell\u2019Ufficio Catechistico Diocesano organizza un percorso dal titolo \u201cIn cammino con Luca\u201d. L\u2019itinerario, guida all\u2019approfondimento del Vangelo che leggeremo nel prossimo anno liturgico. Il SAB \u00e8 disponibile a condurre questo \u201cformat\u201d nelle Parrocchie o Unit\u00e0 Pastorali che ne faranno richiesta con tempi e modalit\u00e0 da concordare. Il percorso biblico \u00e8 rivolto a: catechisti, operatori pastorali e a chiunque lo desideri. &hellip; <a href=\"https:\/\/www.diocesi.torino.it\/catechistico\/in-cammino-con-luca-a-cura-del-settore-apostolato-biblico-sab\/\" class=\"more-link\">Continua a leggere <span class=\"screen-reader-text\"><\/span> <span class=\"meta-nav\">&raquo;<\/span><\/a><\/p>\n","protected":false},"author":78,"featured_media":2943,"comment_status":"closed","ping_status":"closed","sticky":false,"template":"","format":"standard","meta":{"ip_address":"","user_agent":"","level":"","revision":"","cookie_id":"","page_referer":"","html_form":"","_expiration-date-status":"","_expiration-date":0,"_expiration-date-type":"","_expiration-date-categories":[],"_expiration-date-options":[]},"categories":[92,93],"tags":[],"acf":[],"yoast_head":"<!-- This site is optimized with the Yoast SEO plugin v20.8 - https:\/\/yoast.com\/wordpress\/plugins\/seo\/ -->\n<title>In Cammino con Luca a cura del Settore Apostolato Biblico (SAB) - Pastorale CATECHISTICA<\/title>\n<meta name=\"robots\" content=\"index, follow, max-snippet:-1, max-image-preview:large, max-video-preview:-1\" \/>\n<link rel=\"canonical\" href=\"https:\/\/www.diocesi.torino.it\/catechistico\/in-cammino-con-luca-a-cura-del-settore-apostolato-biblico-sab\/\" \/>\n<meta property=\"og:locale\" content=\"it_IT\" \/>\n<meta property=\"og:type\" content=\"article\" \/>\n<meta property=\"og:title\" content=\"In Cammino con Luca a cura del Settore Apostolato Biblico (SAB) - Pastorale CATECHISTICA\" \/>\n<meta property=\"og:description\" content=\"Il Settore Apostolato Biblico (SAB) dell\u2019Ufficio Catechistico Diocesano organizza un percorso dal titolo \u201cIn cammino con Luca\u201d. L\u2019itinerario, guida all\u2019approfondimento del Vangelo che leggeremo nel prossimo anno liturgico. Il SAB \u00e8 disponibile a condurre questo \u201cformat\u201d nelle Parrocchie o Unit\u00e0 Pastorali che ne faranno richiesta con tempi e modalit\u00e0 da concordare. Il percorso biblico \u00e8 rivolto a: catechisti, operatori pastorali e a chiunque lo desideri. &hellip; Continua a leggere &raquo;\" \/>\n<meta property=\"og:url\" content=\"https:\/\/www.diocesi.torino.it\/catechistico\/in-cammino-con-luca-a-cura-del-settore-apostolato-biblico-sab\/\" \/>\n<meta property=\"og:site_name\" content=\"Pastorale CATECHISTICA\" \/>\n<meta property=\"article:published_time\" content=\"2024-09-13T08:32:44+00:00\" \/>\n<meta property=\"article:modified_time\" content=\"2024-09-13T08:43:13+00:00\" \/>\n<meta property=\"og:image\" content=\"https:\/\/www.diocesi.torino.it\/catechistico\/wp-content\/uploads\/sites\/3\/2021\/10\/copertina-2.jpg\" \/>\n\t<meta property=\"og:image:width\" content=\"768\" \/>\n\t<meta property=\"og:image:height\" content=\"549\" \/>\n\t<meta property=\"og:image:type\" content=\"image\/jpeg\" \/>\n<meta name=\"author\" content=\"lucaastolfi\" \/>\n<meta name=\"twitter:card\" content=\"summary_large_image\" \/>\n<meta name=\"twitter:label1\" content=\"Scritto da\" \/>\n\t<meta name=\"twitter:data1\" content=\"lucaastolfi\" \/>\n\t<meta name=\"twitter:label2\" content=\"Tempo di lettura stimato\" \/>\n\t<meta name=\"twitter:data2\" content=\"1 minuto\" \/>\n<script type=\"application\/ld+json\" class=\"yoast-schema-graph\">{\"@context\":\"https:\/\/schema.org\",\"@graph\":[{\"@type\":\"WebPage\",\"@id\":\"https:\/\/www.diocesi.torino.it\/catechistico\/in-cammino-con-luca-a-cura-del-settore-apostolato-biblico-sab\/\",\"url\":\"https:\/\/www.diocesi.torino.it\/catechistico\/in-cammino-con-luca-a-cura-del-settore-apostolato-biblico-sab\/\",\"name\":\"In Cammino con Luca a cura del Settore Apostolato Biblico (SAB) - Pastorale CATECHISTICA\",\"isPartOf\":{\"@id\":\"https:\/\/www.diocesi.torino.it\/catechistico\/#website\"},\"datePublished\":\"2024-09-13T08:32:44+00:00\",\"dateModified\":\"2024-09-13T08:43:13+00:00\",\"author\":{\"@id\":\"https:\/\/www.diocesi.torino.it\/catechistico\/#\/schema\/person\/f9d552f38a7eeecb37b07635475fc498\"},\"breadcrumb\":{\"@id\":\"https:\/\/www.diocesi.torino.it\/catechistico\/in-cammino-con-luca-a-cura-del-settore-apostolato-biblico-sab\/#breadcrumb\"},\"inLanguage\":\"it-IT\",\"potentialAction\":[{\"@type\":\"ReadAction\",\"target\":[\"https:\/\/www.diocesi.torino.it\/catechistico\/in-cammino-con-luca-a-cura-del-settore-apostolato-biblico-sab\/\"]}]},{\"@type\":\"BreadcrumbList\",\"@id\":\"https:\/\/www.diocesi.torino.it\/catechistico\/in-cammino-con-luca-a-cura-del-settore-apostolato-biblico-sab\/#breadcrumb\",\"itemListElement\":[{\"@type\":\"ListItem\",\"position\":1,\"name\":\"Home\",\"item\":\"https:\/\/www.diocesi.torino.it\/catechistico\/\"},{\"@type\":\"ListItem\",\"position\":2,\"name\":\"In Cammino con Luca a cura del Settore Apostolato Biblico (SAB)\"}]},{\"@type\":\"WebSite\",\"@id\":\"https:\/\/www.diocesi.torino.it\/catechistico\/#website\",\"url\":\"https:\/\/www.diocesi.torino.it\/catechistico\/\",\"name\":\"Pastorale CATECHISTICA\",\"description\":\"\",\"potentialAction\":[{\"@type\":\"SearchAction\",\"target\":{\"@type\":\"EntryPoint\",\"urlTemplate\":\"https:\/\/www.diocesi.torino.it\/catechistico\/?s={search_term_string}\"},\"query-input\":\"required name=search_term_string\"}],\"inLanguage\":\"it-IT\"},{\"@type\":\"Person\",\"@id\":\"https:\/\/www.diocesi.torino.it\/catechistico\/#\/schema\/person\/f9d552f38a7eeecb37b07635475fc498\",\"name\":\"lucaastolfi\",\"image\":{\"@type\":\"ImageObject\",\"inLanguage\":\"it-IT\",\"@id\":\"https:\/\/www.diocesi.torino.it\/catechistico\/#\/schema\/person\/image\/\",\"url\":\"https:\/\/secure.gravatar.com\/avatar\/9f6fae024c3bac415abd6bfb4b0c3f2f?s=96&d=mm&r=g\",\"contentUrl\":\"https:\/\/secure.gravatar.com\/avatar\/9f6fae024c3bac415abd6bfb4b0c3f2f?s=96&d=mm&r=g\",\"caption\":\"lucaastolfi\"},\"url\":\"https:\/\/www.diocesi.torino.it\/catechistico\/author\/lucaastolfi\/\"}]}<\/script>\n<!-- \/ Yoast SEO plugin. -->","yoast_head_json":{"title":"In Cammino con Luca a cura del Settore Apostolato Biblico (SAB) - Pastorale CATECHISTICA","robots":{"index":"index","follow":"follow","max-snippet":"max-snippet:-1","max-image-preview":"max-image-preview:large","max-video-preview":"max-video-preview:-1"},"canonical":"https:\/\/www.diocesi.torino.it\/catechistico\/in-cammino-con-luca-a-cura-del-settore-apostolato-biblico-sab\/","og_locale":"it_IT","og_type":"article","og_title":"In Cammino con Luca a cura del Settore Apostolato Biblico (SAB) - Pastorale CATECHISTICA","og_description":"Il Settore Apostolato Biblico (SAB) dell\u2019Ufficio Catechistico Diocesano organizza un percorso dal titolo \u201cIn cammino con Luca\u201d. L\u2019itinerario, guida all\u2019approfondimento del Vangelo che leggeremo nel prossimo anno liturgico. Il SAB \u00e8 disponibile a condurre questo \u201cformat\u201d nelle Parrocchie o Unit\u00e0 Pastorali che ne faranno richiesta con tempi e modalit\u00e0 da concordare. Il percorso biblico \u00e8 rivolto a: catechisti, operatori pastorali e a chiunque lo desideri. &hellip; Continua a leggere &raquo;","og_url":"https:\/\/www.diocesi.torino.it\/catechistico\/in-cammino-con-luca-a-cura-del-settore-apostolato-biblico-sab\/","og_site_name":"Pastorale CATECHISTICA","article_published_time":"2024-09-13T08:32:44+00:00","article_modified_time":"2024-09-13T08:43:13+00:00","og_image":[{"width":768,"height":549,"url":"https:\/\/www.diocesi.torino.it\/catechistico\/wp-content\/uploads\/sites\/3\/2021\/10\/copertina-2.jpg","type":"image\/jpeg"}],"author":"lucaastolfi","twitter_card":"summary_large_image","twitter_misc":{"Scritto da":"lucaastolfi","Tempo di lettura stimato":"1 minuto"},"schema":{"@context":"https:\/\/schema.org","@graph":[{"@type":"WebPage","@id":"https:\/\/www.diocesi.torino.it\/catechistico\/in-cammino-con-luca-a-cura-del-settore-apostolato-biblico-sab\/","url":"https:\/\/www.diocesi.torino.it\/catechistico\/in-cammino-con-luca-a-cura-del-settore-apostolato-biblico-sab\/","name":"In Cammino con Luca a cura del Settore Apostolato Biblico (SAB) - Pastorale CATECHISTICA","isPartOf":{"@id":"https:\/\/www.diocesi.torino.it\/catechistico\/#website"},"datePublished":"2024-09-13T08:32:44+00:00","dateModified":"2024-09-13T08:43:13+00:00","author":{"@id":"https:\/\/www.diocesi.torino.it\/catechistico\/#\/schema\/person\/f9d552f38a7eeecb37b07635475fc498"},"breadcrumb":{"@id":"https:\/\/www.diocesi.torino.it\/catechistico\/in-cammino-con-luca-a-cura-del-settore-apostolato-biblico-sab\/#breadcrumb"},"inLanguage":"it-IT","potentialAction":[{"@type":"ReadAction","target":["https:\/\/www.diocesi.torino.it\/catechistico\/in-cammino-con-luca-a-cura-del-settore-apostolato-biblico-sab\/"]}]},{"@type":"BreadcrumbList","@id":"https:\/\/www.diocesi.torino.it\/catechistico\/in-cammino-con-luca-a-cura-del-settore-apostolato-biblico-sab\/#breadcrumb","itemListElement":[{"@type":"ListItem","position":1,"name":"Home","item":"https:\/\/www.diocesi.torino.it\/catechistico\/"},{"@type":"ListItem","position":2,"name":"In Cammino con Luca a cura del Settore Apostolato Biblico (SAB)"}]},{"@type":"WebSite","@id":"https:\/\/www.diocesi.torino.it\/catechistico\/#website","url":"https:\/\/www.diocesi.torino.it\/catechistico\/","name":"Pastorale CATECHISTICA","description":"","potentialAction":[{"@type":"SearchAction","target":{"@type":"EntryPoint","urlTemplate":"https:\/\/www.diocesi.torino.it\/catechistico\/?s={search_term_string}"},"query-input":"required name=search_term_string"}],"inLanguage":"it-IT"},{"@type":"Person","@id":"https:\/\/www.diocesi.torino.it\/catechistico\/#\/schema\/person\/f9d552f38a7eeecb37b07635475fc498","name":"lucaastolfi","image":{"@type":"ImageObject","inLanguage":"it-IT","@id":"https:\/\/www.diocesi.torino.it\/catechistico\/#\/schema\/person\/image\/","url":"https:\/\/secure.gravatar.com\/avatar\/9f6fae024c3bac415abd6bfb4b0c3f2f?s=96&d=mm&r=g","contentUrl":"https:\/\/secure.gravatar.com\/avatar\/9f6fae024c3bac415abd6bfb4b0c3f2f?s=96&d=mm&r=g","caption":"lucaastolfi"},"url":"https:\/\/www.diocesi.torino.it\/catechistico\/author\/lucaastolfi\/"}]}},"_links":{"self":[{"href":"https:\/\/www.diocesi.torino.it\/catechistico\/wp-json\/wp\/v2\/posts\/4912"}],"collection":[{"href":"https:\/\/www.diocesi.torino.it\/catechistico\/wp-json\/wp\/v2\/posts"}],"about":[{"href":"https:\/\/www.diocesi.torino.it\/catechistico\/wp-json\/wp\/v2\/types\/post"}],"author":[{"embeddable":true,"href":"https:\/\/www.diocesi.torino.it\/catechistico\/wp-json\/wp\/v2\/users\/78"}],"replies":[{"embeddable":true,"href":"https:\/\/www.diocesi.torino.it\/catechistico\/wp-json\/wp\/v2\/comments?post=4912"}],"version-history":[{"count":2,"href":"https:\/\/www.diocesi.torino.it\/catechistico\/wp-json\/wp\/v2\/posts\/4912\/revisions"}],"predecessor-version":[{"id":4915,"href":"https:\/\/www.diocesi.torino.it\/catechistico\/wp-json\/wp\/v2\/posts\/4912\/revisions\/4915"}],"wp:featuredmedia":[{"embeddable":true,"href":"https:\/\/www.diocesi.torino.it\/catechistico\/wp-json\/wp\/v2\/media\/2943"}],"wp:attachment":[{"href":"https:\/\/www.diocesi.torino.it\/catechistico\/wp-json\/wp\/v2\/media?parent=4912"}],"wp:term":[{"taxonomy":"category","embeddable":true,"href":"https:\/\/www.diocesi.torino.it\/catechistico\/wp-json\/wp\/v2\/categories?post=4912"},{"taxonomy":"post_tag","embeddable":true,"href":"https:\/\/www.diocesi.torino.it\/catechistico\/wp-json\/wp\/v2\/tags?post=4912"}],"curies":[{"name":"wp","href":"https:\/\/api.w.org\/{rel}","templated":true}]}}