{"id":2349,"date":"2025-10-08T15:41:23","date_gmt":"2025-10-08T13:41:23","guid":{"rendered":"https:\/\/www.diocesi.torino.it\/donazioni\/?p=2349"},"modified":"2025-10-09T08:49:18","modified_gmt":"2025-10-09T06:49:18","slug":"colletta-giornata-missionaria-mondiale-2025","status":"publish","type":"post","link":"https:\/\/www.diocesi.torino.it\/donazioni\/2025\/10\/08\/colletta-giornata-missionaria-mondiale-2025\/","title":{"rendered":"Colletta Giornata Missionaria Mondiale"},"content":{"rendered":"<p><strong>&#8220;MISSIONARI DI SPERANZA TRA LE GENTI&#8221;<\/strong><\/p>\n<p>L<strong>\u2019ottobre missionario<\/strong> di quest\u2019anno, <strong>2025<\/strong>, si pone in piena sintonia con il grande Giubileo ordinario dedicato al tema della Speranza. come cristiani siamo chiamati a <strong>mantenere viva la certezza che Dio non \u00e8 assente a queste nostre preoccupazioni e ci chiama ad una \u201cmissione speciale\u201d:\u00a0<\/strong><em>\u00ablasciarci guidare dallo Spirito di Dio e ardere di santo zelo per una nuova stagione evangelizzatrice della Chiesa, inviata a <strong>rianimare la speranza in un mondo su cui gravano ombre oscure<\/strong>\u00bb<\/em>\u00a0(Messaggio del Santo Padre per la Giornata Missionaria Mondiale 2025).<\/p>\n<p>Il Papa rinnova l\u2019invito a valorizzare la <strong>Giornata Missionaria Mondiale<\/strong> nel suo <strong>carattere universale<\/strong>: <em>\u00abInsisto ancora \u2026 sul servizio delle Pontificie Opere Missionarie nel promuovere la responsabilit\u00e0 missionaria dei battezzati e sostenere le nuove Chiese particolari\u00bb<\/em> (ibidem). Ricordiamo ci\u00f2 che ci dice il Decreto \u201cAd Gentes\u201d: <em>\u00abA queste opere infatti deve essere giustamente riservato il primo posto, perch\u00e9 costituiscono altrettanti mezzi sia per infondere nei cattolici, fin dalla pi\u00f9 tenera et\u00e0, uno spirito veramente universale e missionario, sia per favorire una adeguata raccolta di sussidi a vantaggio di tutte le missioni e secondo le necessit\u00e0 di ciascuna\u00bb<\/em>\u00a0(Decr.\u00a0<em>Ad gentes<\/em>, 38).<\/p>\n<blockquote><p><strong>Nella Giornata missionaria mondiale tutte le parrocchie e le comunit\u00e0 del mondo raccolgono il frutto delle loro collette\u00a0 e le fanno confluire al <a href=\"https:\/\/www.diocesi.torino.it\/donazioni\/rendiconti-missio\/\">Fondo di solidariet\u00e0 della Chiesa universale<\/a><\/strong>\u00a0 (vedi anche <a href=\"https:\/\/www.diocesi.torino.it\/donazioni\/wp-content\/uploads\/sites\/39\/2025\/09\/Estratto-Contributo-Diocesi-Italiane-al-Fondo-universale-solidarieta-POM-2024.pdf\">estratto &#8220;Il contributo delle diocesi italiane 2024&#8221; a cura di MISSIO<\/a>). Ad ogni direzione nazionale di Missio sono affidati alcuni progetti pervenuti dalle Chiese locali bisognose che si impegnano a loro volta, al ricevimento dei fondi, a presentare un resoconto sull\u2019utilizzo degli stessi. Per l\u2019anno 2024 la somma delle offerte pervenute da tutte le diocesi italiane \u00e8 di <strong>6.693.619,74, in crescita di oltre 400mila euro rispetto all\u2019anno precedente<\/strong>, a questo <a href=\"https:\/\/www.missioitalia.it\/progetti-finanziati-2024-2025\/\"><strong>link alcuni dei progetti finanziati nel 2024\/2025<\/strong><\/a>. Nell&#8217;animatore missionario, inviato dalla Direzione Nazionale a tutte le Parrocchie, troverete invece alcuni dei <a href=\"https:\/\/www.diocesi.torino.it\/donazioni\/rendiconti-missio\/progetti-finanziati-da-missio-per-il-2025-2026\/\"><strong>PROGETTI AFFIDATI ALLE DIOCESI ITALIANE PER IL 2025\/2026.<\/strong><\/a><\/p>\n<p>Ci permettiamo di ricordare che le\u00a0<strong>offerte raccolte<\/strong>\u00a0durante le Celebrazioni Eucaristiche della\u00a0<a href=\"https:\/\/www.diocesi.torino.it\/donazioni\/giornata-missionaria-mondiale\/\"><strong>Giornata Missionaria<\/strong>\u00a0<\/a>sono destinate alle Pontificie Opere Missionarie: vi chiediamo il favore di<strong>\u00a0trasmetterle allo<a href=\"https:\/\/www.diocesi.torino.it\/donazioni\/come-donare\/\">\u00a0Sportello diocesano collette e donazioni\u00a0<\/a>entro il 26 gennaio 2026<\/strong>, per permettere a nostra volta di inviarle alle Pontificie Opere Missionarie per la Chiesa universale entro il 31 gennaio, come richiesto dalla Direzione Nazionale di Fondazione Missio. In allegato trovate il rendiconto della offerte <a href=\"https:\/\/www.diocesi.torino.it\/donazioni\/wp-content\/uploads\/sites\/39\/2025\/09\/OFFERTE-RACCOLTE-E-RIMESSE-2024_2025-MISSIO.pdf\"><strong>Raccolte e Rimesse nella nostra Diocesi per il 2024_2025<\/strong><\/a><\/p>\n<p>Riportiamo qui di seguito le modalit\u00e0 con cui dovr\u00e0 essere effettuato il versamento della colletta:<\/p>\n<ul>\n<li>In\u00a0<strong>contanti<\/strong>\u00a0o con\u00a0<strong>assegno<\/strong> intestato a &#8220;<strong>ARCIDIOCESI DI TORINO &#8211; COLLETTE E DONAZIONI<\/strong>&#8221; direttamente allo Sportello in Curia.<\/li>\n<li>Con\u00a0<strong>bonifico<\/strong> bancario a\u00a0 <strong>ARCIDIOCESI DI TORINO \u2013 COLLETTE E DONAZIONI &#8211; IBAN\u00a0IT28 U030 6909 6061 0000 0110 790<\/strong> indicando nella causale: <strong>Giornata Missionaria Mondiale &#8211; Ente &#8211; Comune<\/strong><\/li>\n<\/ul>\n<\/blockquote>\n<p>Sul sito diocesano della\u00a0<a href=\"http:\/\/www.diocesi.torino.it\/missionario\"><strong>PASTORALE MISSIONARIA<\/strong><\/a> a breve trovate inoltre tutte le proposte ed <strong>iniziative diocesane per l&#8217;animazione e formazione per l&#8217;Ottobre e l&#8217;Anno Pastorale 2025\/2026.<\/strong><\/p>\n<h5><\/h5>\n<div>\n<p class=\"entry-content-page\"><strong>STRUMENTI DI ANIMAZIONE E PREGHIERA PER L\u2019OTTOBRE MISSIONARIO 2025<\/strong><\/p>\n<p class=\"entry-content-page\"><a href=\"https:\/\/www.missioitalia.it\/wp-content\/uploads\/2025\/06\/Messaggio-del-Papa-GMM-2025.pdf\"><strong>M<\/strong><strong>essaggio del Santo Padre Francesco per la Giornata Missionaria Mondiale 2025<\/strong><\/a><strong><a href=\"https:\/\/www.missioitalia.it\/wp-content\/uploads\/2025\/06\/Animazione-liturgica-OK.pdf\">Animazione liturgica per le domeniche di Ottobre<\/a><br \/>\n<\/strong><strong><a href=\"https:\/\/www.missioitalia.it\/wp-content\/uploads\/2025\/06\/Veglia-per-la-Giornata-Missionaria-Mondiale-OK.pdf\">Veglia per la Giornata Missionaria Mondiale 2025<\/a><br \/>\n<\/strong><strong><a href=\"https:\/\/www.missioitalia.it\/wp-content\/uploads\/2025\/06\/Rosario-missionario-OK.pdf\">Rosario Missionario<\/a><br \/>\n<\/strong><strong><a href=\"https:\/\/www.missioitalia.it\/wp-content\/uploads\/2025\/06\/Adorazione-Eucaristica-OK.pdf\">Adorazione Eucaristica<\/a><br \/>\n<a href=\"https:\/\/www.missioitalia.it\/wp-content\/uploads\/2025\/07\/OTTOBRE-MISSIONARIO-2025-Animazione-missionaria-per-bambini-e-preadolescenti.pdf\">Proposta di animazione per ragazzi<\/a><br \/>\n<\/strong><a href=\"https:\/\/www.missioitalia.it\/wp-content\/uploads\/2025\/06\/Manifesto-GMM-2025.pdf\"><strong>Manifesto Giornata Missionaria Mondiale<\/strong><\/a><\/p>\n<div class=\"entry-content-page\">\n<p><strong style=\"font-size: inherit;\">SPUNTI DI RIFLESSIONE SUL TEMA PER L\u2019ANNO PASTORALE 2025\/2026<\/strong><\/p>\n<p class=\"attachments\"><strong><a href=\"https:\/\/www.missioitalia.it\/wp-content\/uploads\/2025\/06\/Riflessione-biblica-Alice-Bianchi-OK-.pdf\">Riflessione biblica di Alice Bianchi<\/a><\/strong><br \/>\n<strong><a href=\"https:\/\/www.missioitalia.it\/wp-content\/uploads\/2025\/06\/Riflessione-teologica-pastorale-don-Ezio-Falavegna-OK.pdf\">Riflessione teologia-pastorale di don Ezio Falavegna<\/a><\/strong><\/p>\n<\/div>\n<\/div>\n<div><\/div>\n<div><\/div>\n<div class=\"entry-content-page\">\n<div class=\"attachments\"><\/div>\n<div><\/div>\n<\/div>\n<p>&nbsp;<\/p>\n<hr class=\"wpba_attachment_hr\"><div id='wpba_attachment_list' class='wpba wpba-wrap'>\n<ul class='wpba-attachment-list unstyled'><li id='wpba_attachment_list_2423' class='wpba-list-item pull-left'><img src='https:\/\/www.diocesi.torino.it\/donazioni\/wp-content\/themes\/wp-starter-so\/icons\/document.png' width='16' height='20' class='wpba-icon pull-left'><a href='https:\/\/www.diocesi.torino.it\/donazioni\/wp-content\/uploads\/sites\/39\/2025\/09\/Estratto-Contributo-Diocesi-Italiane-al-Fondo-universale-solidarieta-POM-2024.pdf' title='Estratto Contributo Diocesi Italiane al Fondo universale solidarieta POM 2024' class='wpba-link pull-left' target=\"_blank\">Estratto Contributo Diocesi Italiane al Fondo universale solidarieta POM 2024<\/a><\/li>\n<li id='wpba_attachment_list_2368' class='wpba-list-item pull-left'><img src='https:\/\/www.diocesi.torino.it\/donazioni\/wp-content\/themes\/wp-starter-so\/icons\/document.png' width='16' height='20' class='wpba-icon pull-left'><a href='https:\/\/www.diocesi.torino.it\/donazioni\/wp-content\/uploads\/sites\/39\/2025\/09\/OFFERTE-RACCOLTE-E-RIMESSE-2024_2025-MISSIO.pdf' title='OFFERTE RACCOLTE E RIMESSE 2024_2025 MISSIO' class='wpba-link pull-left' target=\"_blank\">OFFERTE RACCOLTE E RIMESSE 2024_2025 MISSIO<\/a><\/li>\n<\/ul><\/div>\n","protected":false},"excerpt":{"rendered":"<p>&#8220;MISSIONARI DI SPERANZA TRA LE GENTI&#8221; L\u2019ottobre missionario di quest\u2019anno, 2025, si pone in piena sintonia con il grande Giubileo ordinario dedicato al tema della Speranza. come cristiani siamo chiamati a mantenere viva la certezza che Dio non \u00e8 assente a queste nostre preoccupazioni e ci chiama ad una \u201cmissione speciale\u201d:\u00a0\u00ablasciarci guidare dallo Spirito di Dio e ardere di santo zelo per una nuova stagione &hellip; <a href=\"https:\/\/www.diocesi.torino.it\/donazioni\/2025\/10\/08\/colletta-giornata-missionaria-mondiale-2025\/\" class=\"more-link\">Continua a leggere <span class=\"screen-reader-text\"><\/span> <span class=\"meta-nav\">&raquo;<\/span><\/a><\/p>\n","protected":false},"author":16,"featured_media":2355,"comment_status":"closed","ping_status":"closed","sticky":false,"template":"","format":"standard","meta":{"ip_address":"","user_agent":"","level":"","revision":"","cookie_id":"","page_referer":"","html_form":"","_expiration-date-status":"","_expiration-date":0,"_expiration-date-type":"","_expiration-date-categories":[],"_expiration-date-options":[]},"categories":[177],"tags":[],"acf":[],"_links":{"self":[{"href":"https:\/\/www.diocesi.torino.it\/donazioni\/wp-json\/wp\/v2\/posts\/2349"}],"collection":[{"href":"https:\/\/www.diocesi.torino.it\/donazioni\/wp-json\/wp\/v2\/posts"}],"about":[{"href":"https:\/\/www.diocesi.torino.it\/donazioni\/wp-json\/wp\/v2\/types\/post"}],"author":[{"embeddable":true,"href":"https:\/\/www.diocesi.torino.it\/donazioni\/wp-json\/wp\/v2\/users\/16"}],"replies":[{"embeddable":true,"href":"https:\/\/www.diocesi.torino.it\/donazioni\/wp-json\/wp\/v2\/comments?post=2349"}],"version-history":[{"count":30,"href":"https:\/\/www.diocesi.torino.it\/donazioni\/wp-json\/wp\/v2\/posts\/2349\/revisions"}],"predecessor-version":[{"id":2629,"href":"https:\/\/www.diocesi.torino.it\/donazioni\/wp-json\/wp\/v2\/posts\/2349\/revisions\/2629"}],"wp:featuredmedia":[{"embeddable":true,"href":"https:\/\/www.diocesi.torino.it\/donazioni\/wp-json\/wp\/v2\/media\/2355"}],"wp:attachment":[{"href":"https:\/\/www.diocesi.torino.it\/donazioni\/wp-json\/wp\/v2\/media?parent=2349"}],"wp:term":[{"taxonomy":"category","embeddable":true,"href":"https:\/\/www.diocesi.torino.it\/donazioni\/wp-json\/wp\/v2\/categories?post=2349"},{"taxonomy":"post_tag","embeddable":true,"href":"https:\/\/www.diocesi.torino.it\/donazioni\/wp-json\/wp\/v2\/tags?post=2349"}],"curies":[{"name":"wp","href":"https:\/\/api.w.org\/{rel}","templated":true}]}}