{"id":4244,"date":"2026-09-03T15:51:47","date_gmt":"2026-09-03T13:51:47","guid":{"rendered":"https:\/\/www.diocesi.torino.it\/donazioni\/?p=4244"},"modified":"2026-09-03T15:58:49","modified_gmt":"2026-09-03T13:58:49","slug":"giornata-mondiale-del-migrante-e-del-rifugiato","status":"publish","type":"post","link":"https:\/\/www.diocesi.torino.it\/donazioni\/2026\/09\/03\/giornata-mondiale-del-migrante-e-del-rifugiato\/","title":{"rendered":"Giornata Mondiale del Migrante e del Rifugiato"},"content":{"rendered":"<div data-sfc-cp=\"\" data-sfc-root=\"ep\"><\/div>\n<div data-sfc-cp=\"\" data-sfc-root=\"ep\">Il tema <strong class=\"rQesXe MPyX\" data-sfc-cp=\"\" data-sfc-root=\"ep\" data-complete=\"true\" data-processed=\"true\" data-copy-service-computed-style=\"font-family: &quot;Google Sans&quot;, Arial, sans-serif; font-size: 16px; font-weight: 700; margin: 0px; text-decoration: none; border-bottom: 0px rgb(10, 10, 10);\">\u201cAnche uno solo di questi bambini\u201d<!--TgQPHd|||[]--><\/strong> (ispirato al Vangelo di Matteo: <em class=\"zhvwWe\" data-sfc-cp=\"\" data-sfc-root=\"ep\" data-complete=\"true\" data-processed=\"true\" data-copy-service-computed-style=\"font-family: &quot;Google Sans&quot;, Arial, sans-serif; font-size: 16px; font-weight: 400; margin: 0px; text-decoration: none; border-bottom: 0px rgb(10, 10, 10);\">\u00abChi accoglier\u00e0 un solo bambino come questo nel mio nome, accoglie me\u00bb<!--TgQPHd|||[]--><\/em>), mette i <strong class=\"rQesXe MPyX\" data-sfc-cp=\"\" data-sfc-root=\"ep\" data-complete=\"true\" data-processed=\"true\" data-copy-service-computed-style=\"font-family: &quot;Google Sans&quot;, Arial, sans-serif; font-size: 16px; font-weight: 700; margin: 0px; text-decoration: none; border-bottom: 0px rgb(10, 10, 10);\">minori e gli adolescenti al centro<!--TgQPHd|||[]--><\/strong> della Giornata.<\/div>\n<div data-sfc-cp=\"\" data-sfc-root=\"ep\"><\/div>\n<div data-sfc-cp=\"\" data-sfc-root=\"ep\">\n<div class=\"n6owBd awi2gc\" data-sfc-cp=\"\" data-sfc-root=\"ep\" data-hveid=\"CAAIDxAA\" data-processed=\"true\" data-complete=\"true\" data-copy-service-computed-style=\"font-family: &quot;Google Sans&quot;, Arial, sans-serif; font-size: 16px; font-weight: 400; margin: 12px 0px 16px; text-decoration: none; border-bottom: 0px rgb(10, 10, 10);\">Nel suo <strong><a href=\"https:\/\/www.migrantes.it\/messaggio-del-santo-padre-per-la-112a-giornata-mondiale-del-migrante-e-del-rifugiato\/\">messaggio, Papa Leone XIV<\/a> <\/strong>sposta i riflettori sulle storie personali per diverse ragioni chiave:<!--TgQPHd|||[]--><\/div>\n<ul class=\"KsbFXc U6u95\" data-sfc-cp=\"\" data-sfc-root=\"ep\" data-ved=\"2ahUKEwia_PXawNKWAxXf8AIHHUp_DWYQ-7AUegYIAAgVEAA\" data-hveid=\"CAAIFRAA\" data-complete=\"true\" data-processed=\"true\" data-copy-service-computed-style=\"font-family: &quot;Google Sans&quot;, Arial, sans-serif; font-size: 16px; font-weight: 400; margin: 12px 0px 16px; text-decoration: none; border-bottom: 0px rgb(10, 10, 10);\">\n<li class=\"Z1qcYe\" data-sfc-cp=\"\" data-sfc-root=\"ep\" data-hveid=\"CAAIFRAC\" data-complete=\"true\" data-sae=\"\" data-copy-service-computed-style=\"font-family: &quot;Google Sans&quot;, Arial, sans-serif; font-size: 16px; font-weight: 400; margin: 0px 0px 12px; text-decoration: none; border-bottom: 0px rgb(10, 10, 10);\"><span class=\"iNqyIf\" data-sfc-cp=\"\" data-sfc-root=\"ep\" data-complete=\"true\" data-copy-service-computed-style=\"font-family: &quot;Google Sans&quot;, Arial, sans-serif; font-size: 16px; font-weight: 400; margin: 0px; text-decoration: none; border-bottom: 0px rgb(10, 10, 10);\"><strong class=\"rQesXe MPyX\" data-sfc-cp=\"\" data-sfc-root=\"ep\" data-complete=\"true\" data-copy-service-computed-style=\"font-family: &quot;Google Sans&quot;, Arial, sans-serif; font-size: 16px; font-weight: 700; margin: 0px; text-decoration: none; border-bottom: 0px rgb(10, 10, 10);\">Massima vulnerabilit\u00e0:<!--TgQPHd|||[]--><\/strong> I minori sono i soggetti pi\u00f9 fragili all&#8217;interno dei flussi migratori e il loro numero \u00e8 in drammatico aumento a causa di guerre, povert\u00e0 e disastri ambientali.<!--TgQPHd|||[]--><\/span>\u00a0<span data-copy-service-computed-style=\"font-family: &quot;Google Sans&quot;, Arial, sans-serif; font-size: 16px; font-weight: 400; margin: 0px; text-decoration: none; border-bottom: 0px rgb(10, 10, 10);\"><!--TgQPHd|||[]--><\/span><!--TgQPHd|||[]--><\/li>\n<li class=\"Z1qcYe\" data-sfc-cp=\"\" data-sfc-root=\"ep\" data-hveid=\"CAAIFRAH\" data-complete=\"true\" data-sae=\"\" data-copy-service-computed-style=\"font-family: &quot;Google Sans&quot;, Arial, sans-serif; font-size: 16px; font-weight: 400; margin: 0px 0px 12px; text-decoration: none; border-bottom: 0px rgb(10, 10, 10);\"><span class=\"iNqyIf\" data-sfc-cp=\"\" data-sfc-root=\"ep\" data-complete=\"true\" data-copy-service-computed-style=\"font-family: &quot;Google Sans&quot;, Arial, sans-serif; font-size: 16px; font-weight: 400; margin: 0px; text-decoration: none; border-bottom: 0px rgb(10, 10, 10);\"><strong class=\"rQesXe MPyX\" data-sfc-cp=\"\" data-sfc-root=\"ep\" data-complete=\"true\" data-copy-service-computed-style=\"font-family: &quot;Google Sans&quot;, Arial, sans-serif; font-size: 16px; font-weight: 700; margin: 0px; text-decoration: none; border-bottom: 0px rgb(10, 10, 10);\">Dai flussi ai diritti:<!--TgQPHd|||[]--><\/strong> Il Papa lancia un forte appello politico e istituzionale, chiedendo di <em class=\"zhvwWe\" data-sfc-cp=\"\" data-sfc-root=\"ep\" data-complete=\"true\" data-copy-service-computed-style=\"font-family: &quot;Google Sans&quot;, Arial, sans-serif; font-size: 16px; font-weight: 400; margin: 0px; text-decoration: none; border-bottom: 0px rgb(10, 10, 10);\">&#8220;spostare il dibattito dalla mera gestione dei flussi alla piena tutela dei diritti umani&#8221;<!--TgQPHd|||[]--><\/em>, riaffermando il principio del superiore interesse del minore.<!--TgQPHd|||[]--><\/span><\/li>\n<li class=\"Z1qcYe\" data-sfc-cp=\"\" data-sfc-root=\"ep\" data-hveid=\"CAAIFRAM\" data-complete=\"true\" data-sae=\"\" data-copy-service-computed-style=\"font-family: &quot;Google Sans&quot;, Arial, sans-serif; font-size: 16px; font-weight: 400; margin: 0px 0px 12px; text-decoration: none; border-bottom: 0px rgb(10, 10, 10);\"><span class=\"iNqyIf\" data-sfc-cp=\"\" data-sfc-root=\"ep\" data-complete=\"true\" data-copy-service-computed-style=\"font-family: &quot;Google Sans&quot;, Arial, sans-serif; font-size: 16px; font-weight: 400; margin: 0px; text-decoration: none; border-bottom: 0px rgb(10, 10, 10);\"><strong class=\"rQesXe MPyX\" data-sfc-cp=\"\" data-sfc-root=\"ep\" data-complete=\"true\" data-copy-service-computed-style=\"font-family: &quot;Google Sans&quot;, Arial, sans-serif; font-size: 16px; font-weight: 700; margin: 0px; text-decoration: none; border-bottom: 0px rgb(10, 10, 10);\">No alla burocrazia dei numeri:<\/strong> L&#8217;invito \u00e8 a <\/span>non considerare i piccoli migranti come statistiche, ma come persone portatrici di una dignit\u00e0 infinita, promuovendo azioni concrete come i ricongiungimenti familiari e l&#8217;inclusione educativa per prevenire l&#8217;isolamento e la radicalizzazione.<span style=\"font-size: inherit;\">\u00a0<\/span><\/li>\n<\/ul>\n<\/div>\n<div data-sfc-cp=\"\" data-sfc-root=\"ep\">La GMMR \u00e8 una ricorrenza annuale della Chiesa cattolica istituita nel 1914. Dopo lo spostamento eccezionale dell&#8217;anno scorso dovuto al calendario del Giubileo, la celebrazione torna a svolgersi nella sua collocazione tradizionale, ovvero l&#8217;ultima domenica di settembre. iamo invitati a ricordare questa giornata nelle celebrazioni delle nostre\u00a0<strong>comunit\u00e0<\/strong>, creando momenti di\u00a0<strong>preghiera<\/strong>\u00a0e\u00a0<strong>riflessione collettiva<\/strong>. Sul sito della Fondazione Migrantes \u00e8 gi\u00e0 disponibile il <a href=\"https:\/\/www.migrantes.it\/gmmr-2026-il-sussidio-liturgico\/\">sussidio liturgico.<\/a><\/div>\n<div data-sfc-cp=\"\" data-sfc-root=\"ep\"><\/div>\n<div data-sfc-cp=\"\" data-sfc-root=\"ep\">In occasione della giornata \u00e8 prevista la <strong>colletta nazionale della CEI per la Fondazione Migrantes<\/strong>, organismo pastorale che in Italia coordina le attivit\u00e0 a favore di migranti, rifugiati, rom, sinti e dello spettacolo viaggiante.\u00a0I fondi raccolti vengono impiegati su tre macro-aree:<\/div>\n<div data-sfc-cp=\"\" data-sfc-root=\"ep\"><strong>Accoglienza e Tutela Minori:<\/strong> Finanziamento di case-famiglia, corridoi umanitari per nuclei vulnerabili, percorsi di alfabetizzazione e supporto psicologico per superare i traumi dello sradicamento.<\/div>\n<div data-sfc-cp=\"\" data-sfc-root=\"ep\"><strong>Integrazione sul Territorio:<\/strong> Sportelli di orientamento legale, corsi di lingua italiana, laboratori professionali e borse di studio per favorire lo sviluppo umano integrale e l&#8217;autonomia dei giovani stranieri.<\/div>\n<div data-sfc-cp=\"\" data-sfc-root=\"ep\"><strong>Attivit\u00e0 Pastorali ed Ecclesiali:<\/strong> corsi, sussidi e supporto a sacertoti e laici <span class=\"iNqyIf\" data-sfc-cp=\"\" data-sfc-root=\"ep\" data-complete=\"true\" data-copy-service-computed-style=\"font-family: &quot;Google Sans&quot;, Arial, sans-serif; font-size: 16px; font-weight: 400; margin: 0px; text-decoration: none; border-bottom: 0px rgb(10, 10, 10);\">che offrono supporto spirituale e comunitario agli italiani emigrati nel mondo o <\/span><span class=\"iNqyIf\" data-sfc-cp=\"\" data-sfc-root=\"ep\" data-complete=\"true\" data-copy-service-computed-style=\"font-family: &quot;Google Sans&quot;, Arial, sans-serif; font-size: 16px; font-weight: 400; margin: 0px; text-decoration: none; border-bottom: 0px rgb(10, 10, 10);\">impegnati nelle parrocchie italiane, oltre agli uffici pastorale<\/span><span style=\"font-size: inherit;\"> Migrantes delle singole diocesi per creare una pastorale di comunione tra cattolici italiani e immigrati.<\/span><\/div>\n<div data-sfc-cp=\"\" data-sfc-root=\"ep\"><strong>Ricerca e sensibilizzazione:<\/strong> Pubblicazione di strumenti scientifici fondamentali come il <em class=\"zhvwWe\" data-sfc-cp=\"\" data-sfc-root=\"ep\" data-complete=\"true\" data-copy-service-computed-style=\"font-family: &quot;Google Sans&quot;, Arial, sans-serif; font-size: 14px; font-weight: 400; margin: 0px; text-decoration: none; border-bottom: 0px rgb(10, 10, 10);\">Rapporto Immigrazione Caritas-Migrantes<\/em> e il <em class=\"zhvwWe\" data-sfc-cp=\"\" data-sfc-root=\"ep\" data-complete=\"true\" data-copy-service-computed-style=\"font-family: &quot;Google Sans&quot;, Arial, sans-serif; font-size: 14px; font-weight: 400; margin: 0px; text-decoration: none; border-bottom: 0px rgb(10, 10, 10);\">Report Diritto d&#8217;Asilo<\/em>, necessari per mappare i bisogni e guidare le politiche di accoglienza locali.<\/div>\n<div data-sfc-cp=\"\" data-sfc-root=\"ep\"><\/div>\n<div data-sfc-cp=\"\" data-sfc-root=\"ep\">Come per le altre collette, le comunit\u00e0 parrocchiali diocesane potranno far pervenire le loro tramite lo <strong>Sportello Collette e Donazioni<\/strong> &#8211; <strong>Arcidiocesi di Torino<\/strong> (IBAN:\u00a0<strong>IT28 U030 6909 6061 0000 0110 790 <\/strong>indicando nella causale\u201cParrocchia &#8211; Localit\u00e0 \/ Comune &#8211; GMMR 2026\u201d).\u00a0<!--TgQPHd|||[]--><\/div>\n<div data-sfc-cp=\"\" data-sfc-root=\"ep\"><\/div>\n<div data-sfc-cp=\"\" data-sfc-root=\"ep\">Vi invitiamo, anche quest&#8217;anno, a seguire il<strong> <a href=\"https:\/\/www.upmtorino.it\/festival-accoglienza-2026\/\">Festival dell\u2019Accoglienza<\/a><\/strong>, giunto alla sua VI edizione, in programma tra venerd\u00ec\u00a0<strong><a href=\"https:\/\/www.upmtorino.it\/comincia-il-conto-alla-rovescia-per-il-festival-dellaccoglienza\/\">11 settembre e sabato 30 ottobre a Torino<\/a><\/strong>.\u00a0<!--TgQPHd|||[]--><\/div>\n<div data-sfc-root=\"ep\"><!--TgQPHd|||[]--><\/div>\n<div data-sfc-root=\"ep\"><!--TgQPHd|||[]--><\/div>\n<hr class=\"wpba_attachment_hr\"><div id='wpba_attachment_list' class='wpba wpba-wrap'>\n<ul class='wpba-attachment-list unstyled'><li id='wpba_attachment_list_4245' class='wpba-list-item pull-left'><img src='https:\/\/www.diocesi.torino.it\/donazioni\/wp-content\/themes\/wp-starter-so\/icons\/document.png' width='16' height='20' class='wpba-icon pull-left'><a href='https:\/\/www.diocesi.torino.it\/donazioni\/wp-content\/uploads\/sites\/39\/2026\/09\/Messaggio-del-Papa-per-GMMR-27092026.pdf' title='Messaggio del Papa per GMMR 27092026' class='wpba-link pull-left' target=\"_blank\">Messaggio del Papa per GMMR 27092026<\/a><\/li>\n<li id='wpba_attachment_list_4248' class='wpba-list-item pull-left'><img src='https:\/\/www.diocesi.torino.it\/donazioni\/wp-content\/themes\/wp-starter-so\/icons\/document.png' width='16' height='20' class='wpba-icon pull-left'><a href='https:\/\/www.diocesi.torino.it\/donazioni\/wp-content\/uploads\/sites\/39\/2026\/09\/GMMR_2026.pdf' title='GMMR_2026 Locandina' class='wpba-link pull-left' target=\"_blank\">GMMR_2026 Locandina<\/a><\/li>\n<\/ul><\/div>\n","protected":false},"excerpt":{"rendered":"<p>Il tema \u201cAnche uno solo di questi bambini\u201d (ispirato al Vangelo di Matteo: \u00abChi accoglier\u00e0 un solo bambino come questo nel mio nome, accoglie me\u00bb), mette i minori e gli adolescenti al centro della Giornata. Nel suo messaggio, Papa Leone XIV sposta i riflettori sulle storie personali per diverse ragioni chiave: Massima vulnerabilit\u00e0: I minori sono i soggetti pi\u00f9 fragili all&#8217;interno dei flussi migratori e &hellip; <a href=\"https:\/\/www.diocesi.torino.it\/donazioni\/2026\/09\/03\/giornata-mondiale-del-migrante-e-del-rifugiato\/\" class=\"more-link\">Continua a leggere <span class=\"screen-reader-text\"><\/span> <span class=\"meta-nav\">&raquo;<\/span><\/a><\/p>\n","protected":false},"author":16,"featured_media":4246,"comment_status":"closed","ping_status":"closed","sticky":false,"template":"","format":"standard","meta":{"ip_address":"","user_agent":"","level":"","revision":"","cookie_id":"","page_referer":"","html_form":"","_expiration-date-status":"","_expiration-date":0,"_expiration-date-type":"","_expiration-date-categories":[],"_expiration-date-options":[]},"categories":[177],"tags":[],"acf":[],"_links":{"self":[{"href":"https:\/\/www.diocesi.torino.it\/donazioni\/wp-json\/wp\/v2\/posts\/4244"}],"collection":[{"href":"https:\/\/www.diocesi.torino.it\/donazioni\/wp-json\/wp\/v2\/posts"}],"about":[{"href":"https:\/\/www.diocesi.torino.it\/donazioni\/wp-json\/wp\/v2\/types\/post"}],"author":[{"embeddable":true,"href":"https:\/\/www.diocesi.torino.it\/donazioni\/wp-json\/wp\/v2\/users\/16"}],"replies":[{"embeddable":true,"href":"https:\/\/www.diocesi.torino.it\/donazioni\/wp-json\/wp\/v2\/comments?post=4244"}],"version-history":[{"count":2,"href":"https:\/\/www.diocesi.torino.it\/donazioni\/wp-json\/wp\/v2\/posts\/4244\/revisions"}],"predecessor-version":[{"id":4249,"href":"https:\/\/www.diocesi.torino.it\/donazioni\/wp-json\/wp\/v2\/posts\/4244\/revisions\/4249"}],"wp:featuredmedia":[{"embeddable":true,"href":"https:\/\/www.diocesi.torino.it\/donazioni\/wp-json\/wp\/v2\/media\/4246"}],"wp:attachment":[{"href":"https:\/\/www.diocesi.torino.it\/donazioni\/wp-json\/wp\/v2\/media?parent=4244"}],"wp:term":[{"taxonomy":"category","embeddable":true,"href":"https:\/\/www.diocesi.torino.it\/donazioni\/wp-json\/wp\/v2\/categories?post=4244"},{"taxonomy":"post_tag","embeddable":true,"href":"https:\/\/www.diocesi.torino.it\/donazioni\/wp-json\/wp\/v2\/tags?post=4244"}],"curies":[{"name":"wp","href":"https:\/\/api.w.org\/{rel}","templated":true}]}}