{"id":2684,"date":"2020-12-03T09:07:57","date_gmt":"2020-12-03T08:07:57","guid":{"rendered":"http:\/\/www.diocesi.torino.it\/giovani\/?p=2684"},"modified":"2020-12-14T13:19:01","modified_gmt":"2020-12-14T12:19:01","slug":"novena-di-natale-online","status":"publish","type":"post","link":"https:\/\/www.diocesi.torino.it\/giovani\/novena-di-natale-online\/","title":{"rendered":"Novena di Natale in streaming con l\u2019Arcivescovo"},"content":{"rendered":"<p>Tra le proposte e le iniziative dell\u2019Avvento in preparazione al Natale che quest\u2019anno risultano incerte, anche la novena di Natale serale rischia di essere difficoltosa, circa la partecipazione in presenza.<\/p>\n<p>Cos\u00ec, in attesa di conoscere le nuove disposizioni normative per le feste natalizie in tempo di pandemia, viene proposta una forma inedita della novena di Natale, guidata dall\u2019Arcivescovo di Torino e Amministratore Apostolico di Susa, mons. Cesare Nosiglia. Dal 16 al 23 dicembre alle ore 21 e il 24 alle ore 15, sui canali social della Diocesi verr\u00e0 infatti trasmessa in diretta streaming tutta la novena di Natale. \u00c8 un\u2019iniziativa curata dell\u2019Ufficio di Pastorale Giovanile, con l\u2019intento di riproporre ai giovani questa antica forma di preghiera della nostra tradizione, ma di renderla fruibile anche per quanti sono impossibilitati a uscire di casa a causa della pandemia, soprattutto malati e anziani.<\/p>\n<p>Sar\u00e0 trasmessa dal salotto di casa dell\u2019Arcivescovo, in tono volutamente semplice e familiare, per continuare, anche se mediato da uno schermo, il tono colloquiale degli incontri vissuti nei territori, con i giovani e le comunit\u00e0.<\/p>\n<p>La forma scelta sar\u00e0 quella classica: aprir\u00e0 ogni momento di preghiera il rito del Lucernario con l\u2019accensione di una candela \u00a0e l\u2019invocazione propria per ogni giorno della Novena; seguir\u00e0 poi il melodioso canto delle profezie di Natale, cui ci si potr\u00e0 unire seguendo il testo trasmesso in contemporanea. Sar\u00e0 poi proclamato il Vangelo del giorno, commentato dall\u2019Arcivescovo, che consegner\u00e0 un messaggio rivolto innanzitutto ai giovani e, attraverso di loro, a tutte le comunit\u00e0 e soprattutto ai sofferenti. Si concluder\u00e0 con il canto delle \u00abantifone in \u201cO\u201d\u00bb al Magnificat e la preghiera finale alla Vergine dell\u2019Avvento.<\/p>\n<p>Sar\u00e0 possibile seguire la Novena attraverso i siti delle due Diocesi, le pagine Facebook della Diocesi di Torino e della Pastorale Giovanile e il canale YouTube @upgtorino.<\/p>\n<p>Possa questa proposta di preghiera accompagnare il cammino verso il Natale delle Diocesi di Torino e Susa, soprattutto dei giovani e degli ammalati.<\/p>\n<p><strong><em>don Luca Ramello\u00a0<\/em><\/strong><\/p>\n","protected":false},"excerpt":{"rendered":"<p>Tra le proposte e le iniziative dell\u2019Avvento in preparazione al Natale che quest\u2019anno risultano incerte, anche la novena di Natale serale rischia di essere difficoltosa, circa la partecipazione in presenza. Cos\u00ec, in attesa di conoscere le nuove disposizioni normative per le feste natalizie in tempo di pandemia, viene proposta una forma inedita della novena di Natale, guidata dall\u2019Arcivescovo di Torino e Amministratore Apostolico di Susa, &hellip; <a href=\"https:\/\/www.diocesi.torino.it\/giovani\/novena-di-natale-online\/\" class=\"more-link\">Continua a leggere <span class=\"screen-reader-text\"><\/span> <span class=\"meta-nav\">&raquo;<\/span><\/a><\/p>\n","protected":false},"author":6,"featured_media":2685,"comment_status":"closed","ping_status":"closed","sticky":false,"template":"","format":"standard","meta":{"ip_address":"","user_agent":"","level":"","revision":"","cookie_id":"","page_referer":"","html_form":"","_expiration-date-status":"saved","_expiration-date":0,"_expiration-date-type":"","_expiration-date-categories":[],"_expiration-date-options":[]},"categories":[4,5],"tags":[],"acf":[],"yoast_head":"<!-- This site is optimized with the Yoast SEO plugin v20.8 - https:\/\/yoast.com\/wordpress\/plugins\/seo\/ -->\n<title>Novena di Natale in streaming con l\u2019Arcivescovo - Pastorale dei GIOVANI e dei RAGAZZI<\/title>\n<meta name=\"robots\" content=\"index, follow, max-snippet:-1, max-image-preview:large, max-video-preview:-1\" \/>\n<link rel=\"canonical\" href=\"https:\/\/www.diocesi.torino.it\/giovani\/novena-di-natale-online\/\" \/>\n<meta property=\"og:locale\" content=\"it_IT\" \/>\n<meta property=\"og:type\" content=\"article\" \/>\n<meta property=\"og:title\" content=\"Novena di Natale in streaming con l\u2019Arcivescovo - Pastorale dei GIOVANI e dei RAGAZZI\" \/>\n<meta property=\"og:description\" content=\"Tra le proposte e le iniziative dell\u2019Avvento in preparazione al Natale che quest\u2019anno risultano incerte, anche la novena di Natale serale rischia di essere difficoltosa, circa la partecipazione in presenza. Cos\u00ec, in attesa di conoscere le nuove disposizioni normative per le feste natalizie in tempo di pandemia, viene proposta una forma inedita della novena di Natale, guidata dall\u2019Arcivescovo di Torino e Amministratore Apostolico di Susa, &hellip; Continua a leggere &raquo;\" \/>\n<meta property=\"og:url\" content=\"https:\/\/www.diocesi.torino.it\/giovani\/novena-di-natale-online\/\" \/>\n<meta property=\"og:site_name\" content=\"Pastorale dei GIOVANI e dei RAGAZZI\" \/>\n<meta property=\"article:published_time\" content=\"2020-12-03T08:07:57+00:00\" \/>\n<meta property=\"article:modified_time\" content=\"2020-12-14T12:19:01+00:00\" \/>\n<meta property=\"og:image\" content=\"https:\/\/www.diocesi.torino.it\/giovani\/wp-content\/uploads\/sites\/14\/2020\/12\/novena.jpg\" \/>\n\t<meta property=\"og:image:width\" content=\"1684\" \/>\n\t<meta property=\"og:image:height\" content=\"1190\" \/>\n\t<meta property=\"og:image:type\" content=\"image\/jpeg\" \/>\n<meta name=\"author\" content=\"cristinafranze\" \/>\n<meta name=\"twitter:card\" content=\"summary_large_image\" \/>\n<meta name=\"twitter:label1\" content=\"Scritto da\" \/>\n\t<meta name=\"twitter:data1\" content=\"cristinafranze\" \/>\n\t<meta name=\"twitter:label2\" content=\"Tempo di lettura stimato\" \/>\n\t<meta name=\"twitter:data2\" content=\"2 minuti\" \/>\n<script type=\"application\/ld+json\" class=\"yoast-schema-graph\">{\"@context\":\"https:\/\/schema.org\",\"@graph\":[{\"@type\":\"WebPage\",\"@id\":\"https:\/\/www.diocesi.torino.it\/giovani\/novena-di-natale-online\/\",\"url\":\"https:\/\/www.diocesi.torino.it\/giovani\/novena-di-natale-online\/\",\"name\":\"Novena di Natale in streaming con l\u2019Arcivescovo - Pastorale dei GIOVANI e dei RAGAZZI\",\"isPartOf\":{\"@id\":\"https:\/\/www.diocesi.torino.it\/giovani\/#website\"},\"datePublished\":\"2020-12-03T08:07:57+00:00\",\"dateModified\":\"2020-12-14T12:19:01+00:00\",\"author\":{\"@id\":\"https:\/\/www.diocesi.torino.it\/giovani\/#\/schema\/person\/58bec1538a2d04c8cbfd8df40de3ec0d\"},\"breadcrumb\":{\"@id\":\"https:\/\/www.diocesi.torino.it\/giovani\/novena-di-natale-online\/#breadcrumb\"},\"inLanguage\":\"it-IT\",\"potentialAction\":[{\"@type\":\"ReadAction\",\"target\":[\"https:\/\/www.diocesi.torino.it\/giovani\/novena-di-natale-online\/\"]}]},{\"@type\":\"BreadcrumbList\",\"@id\":\"https:\/\/www.diocesi.torino.it\/giovani\/novena-di-natale-online\/#breadcrumb\",\"itemListElement\":[{\"@type\":\"ListItem\",\"position\":1,\"name\":\"Home\",\"item\":\"https:\/\/www.diocesi.torino.it\/giovani\/\"},{\"@type\":\"ListItem\",\"position\":2,\"name\":\"Novena di Natale in streaming con l\u2019Arcivescovo\"}]},{\"@type\":\"WebSite\",\"@id\":\"https:\/\/www.diocesi.torino.it\/giovani\/#website\",\"url\":\"https:\/\/www.diocesi.torino.it\/giovani\/\",\"name\":\"Pastorale dei GIOVANI e dei RAGAZZI\",\"description\":\"\",\"potentialAction\":[{\"@type\":\"SearchAction\",\"target\":{\"@type\":\"EntryPoint\",\"urlTemplate\":\"https:\/\/www.diocesi.torino.it\/giovani\/?s={search_term_string}\"},\"query-input\":\"required name=search_term_string\"}],\"inLanguage\":\"it-IT\"},{\"@type\":\"Person\",\"@id\":\"https:\/\/www.diocesi.torino.it\/giovani\/#\/schema\/person\/58bec1538a2d04c8cbfd8df40de3ec0d\",\"name\":\"cristinafranze\",\"image\":{\"@type\":\"ImageObject\",\"inLanguage\":\"it-IT\",\"@id\":\"https:\/\/www.diocesi.torino.it\/giovani\/#\/schema\/person\/image\/\",\"url\":\"https:\/\/secure.gravatar.com\/avatar\/f85b364cbc8d7257121e0cbaa811352a?s=96&d=mm&r=g\",\"contentUrl\":\"https:\/\/secure.gravatar.com\/avatar\/f85b364cbc8d7257121e0cbaa811352a?s=96&d=mm&r=g\",\"caption\":\"cristinafranze\"},\"url\":\"https:\/\/www.diocesi.torino.it\/giovani\/author\/cristinafranze\/\"}]}<\/script>\n<!-- \/ Yoast SEO plugin. -->","yoast_head_json":{"title":"Novena di Natale in streaming con l\u2019Arcivescovo - Pastorale dei GIOVANI e dei RAGAZZI","robots":{"index":"index","follow":"follow","max-snippet":"max-snippet:-1","max-image-preview":"max-image-preview:large","max-video-preview":"max-video-preview:-1"},"canonical":"https:\/\/www.diocesi.torino.it\/giovani\/novena-di-natale-online\/","og_locale":"it_IT","og_type":"article","og_title":"Novena di Natale in streaming con l\u2019Arcivescovo - Pastorale dei GIOVANI e dei RAGAZZI","og_description":"Tra le proposte e le iniziative dell\u2019Avvento in preparazione al Natale che quest\u2019anno risultano incerte, anche la novena di Natale serale rischia di essere difficoltosa, circa la partecipazione in presenza. Cos\u00ec, in attesa di conoscere le nuove disposizioni normative per le feste natalizie in tempo di pandemia, viene proposta una forma inedita della novena di Natale, guidata dall\u2019Arcivescovo di Torino e Amministratore Apostolico di Susa, &hellip; Continua a leggere &raquo;","og_url":"https:\/\/www.diocesi.torino.it\/giovani\/novena-di-natale-online\/","og_site_name":"Pastorale dei GIOVANI e dei RAGAZZI","article_published_time":"2020-12-03T08:07:57+00:00","article_modified_time":"2020-12-14T12:19:01+00:00","og_image":[{"width":1684,"height":1190,"url":"https:\/\/www.diocesi.torino.it\/giovani\/wp-content\/uploads\/sites\/14\/2020\/12\/novena.jpg","type":"image\/jpeg"}],"author":"cristinafranze","twitter_card":"summary_large_image","twitter_misc":{"Scritto da":"cristinafranze","Tempo di lettura stimato":"2 minuti"},"schema":{"@context":"https:\/\/schema.org","@graph":[{"@type":"WebPage","@id":"https:\/\/www.diocesi.torino.it\/giovani\/novena-di-natale-online\/","url":"https:\/\/www.diocesi.torino.it\/giovani\/novena-di-natale-online\/","name":"Novena di Natale in streaming con l\u2019Arcivescovo - Pastorale dei GIOVANI e dei RAGAZZI","isPartOf":{"@id":"https:\/\/www.diocesi.torino.it\/giovani\/#website"},"datePublished":"2020-12-03T08:07:57+00:00","dateModified":"2020-12-14T12:19:01+00:00","author":{"@id":"https:\/\/www.diocesi.torino.it\/giovani\/#\/schema\/person\/58bec1538a2d04c8cbfd8df40de3ec0d"},"breadcrumb":{"@id":"https:\/\/www.diocesi.torino.it\/giovani\/novena-di-natale-online\/#breadcrumb"},"inLanguage":"it-IT","potentialAction":[{"@type":"ReadAction","target":["https:\/\/www.diocesi.torino.it\/giovani\/novena-di-natale-online\/"]}]},{"@type":"BreadcrumbList","@id":"https:\/\/www.diocesi.torino.it\/giovani\/novena-di-natale-online\/#breadcrumb","itemListElement":[{"@type":"ListItem","position":1,"name":"Home","item":"https:\/\/www.diocesi.torino.it\/giovani\/"},{"@type":"ListItem","position":2,"name":"Novena di Natale in streaming con l\u2019Arcivescovo"}]},{"@type":"WebSite","@id":"https:\/\/www.diocesi.torino.it\/giovani\/#website","url":"https:\/\/www.diocesi.torino.it\/giovani\/","name":"Pastorale dei GIOVANI e dei RAGAZZI","description":"","potentialAction":[{"@type":"SearchAction","target":{"@type":"EntryPoint","urlTemplate":"https:\/\/www.diocesi.torino.it\/giovani\/?s={search_term_string}"},"query-input":"required name=search_term_string"}],"inLanguage":"it-IT"},{"@type":"Person","@id":"https:\/\/www.diocesi.torino.it\/giovani\/#\/schema\/person\/58bec1538a2d04c8cbfd8df40de3ec0d","name":"cristinafranze","image":{"@type":"ImageObject","inLanguage":"it-IT","@id":"https:\/\/www.diocesi.torino.it\/giovani\/#\/schema\/person\/image\/","url":"https:\/\/secure.gravatar.com\/avatar\/f85b364cbc8d7257121e0cbaa811352a?s=96&d=mm&r=g","contentUrl":"https:\/\/secure.gravatar.com\/avatar\/f85b364cbc8d7257121e0cbaa811352a?s=96&d=mm&r=g","caption":"cristinafranze"},"url":"https:\/\/www.diocesi.torino.it\/giovani\/author\/cristinafranze\/"}]}},"_links":{"self":[{"href":"https:\/\/www.diocesi.torino.it\/giovani\/wp-json\/wp\/v2\/posts\/2684"}],"collection":[{"href":"https:\/\/www.diocesi.torino.it\/giovani\/wp-json\/wp\/v2\/posts"}],"about":[{"href":"https:\/\/www.diocesi.torino.it\/giovani\/wp-json\/wp\/v2\/types\/post"}],"author":[{"embeddable":true,"href":"https:\/\/www.diocesi.torino.it\/giovani\/wp-json\/wp\/v2\/users\/6"}],"replies":[{"embeddable":true,"href":"https:\/\/www.diocesi.torino.it\/giovani\/wp-json\/wp\/v2\/comments?post=2684"}],"version-history":[{"count":3,"href":"https:\/\/www.diocesi.torino.it\/giovani\/wp-json\/wp\/v2\/posts\/2684\/revisions"}],"predecessor-version":[{"id":2703,"href":"https:\/\/www.diocesi.torino.it\/giovani\/wp-json\/wp\/v2\/posts\/2684\/revisions\/2703"}],"wp:featuredmedia":[{"embeddable":true,"href":"https:\/\/www.diocesi.torino.it\/giovani\/wp-json\/wp\/v2\/media\/2685"}],"wp:attachment":[{"href":"https:\/\/www.diocesi.torino.it\/giovani\/wp-json\/wp\/v2\/media?parent=2684"}],"wp:term":[{"taxonomy":"category","embeddable":true,"href":"https:\/\/www.diocesi.torino.it\/giovani\/wp-json\/wp\/v2\/categories?post=2684"},{"taxonomy":"post_tag","embeddable":true,"href":"https:\/\/www.diocesi.torino.it\/giovani\/wp-json\/wp\/v2\/tags?post=2684"}],"curies":[{"name":"wp","href":"https:\/\/api.w.org\/{rel}","templated":true}]}}