{"id":2713,"date":"2021-02-11T08:55:37","date_gmt":"2021-02-11T07:55:37","guid":{"rendered":"http:\/\/www.diocesi.torino.it\/giovani\/?p=2713"},"modified":"2021-02-11T16:18:11","modified_gmt":"2021-02-11T15:18:11","slug":"sperare-sempre-in-tempo-favorevole-e-sfavorevole","status":"publish","type":"post","link":"https:\/\/www.diocesi.torino.it\/giovani\/sperare-sempre-in-tempo-favorevole-e-sfavorevole\/","title":{"rendered":"Sperare sempre, in tempo favorevole e sfavorevole"},"content":{"rendered":"<p>L\u2019imminente tempo forte della Quaresima, che si aprir\u00e0 la prossima settimana e verr\u00e0 scandito da quattro incontri di preghiera di Taiz\u00e9. In attesa di conoscere e valutare le modalit\u00e0 di svolgimento del Capodanno europeo dei giovani di Taiz\u00e9 a Torino, previsto dal 28 dicembre 2021 al 1\u00ba gennaio 2022, tali proposte di preghiera, nello stile della comunit\u00e0 di Taiz\u00e8, \u00a0rappresenteranno una significativa tappa della preparazione di un evento eccezionale non solo per Torino ma per il Piemonte e l\u2019Italia.<em>\u00a0\u00a0<strong>\u00abSPERARE SEMPRE, in tempo favorevole e sfavorevole\u00bb\u00a0<\/strong><\/em>sar\u00e0 il titolo della preghiera nelle serate dei primi quattro venerd\u00ec di Quaresima,\u00a0<strong>19 e 26 febbraio, 5 e 12 marzo, nella Cattedrale di Torino, dalle ore 20.30 alle ore 21.30.<\/strong>\u00a0La traccia delle meditazioni e delle preghiera riprender\u00e0 l\u2019ultima \u00abLettera ai giovani\u00bb di fr\u00e8re Alois, dedicata alla rilettura del tempo della pandemia alla luce della speranza cristiana. Tutte le serate di preghiera saranno accompagnate dall\u2019Arcivescovo e, in modalit\u00e0 che saranno valutate, da un Fr\u00e8re della comunit\u00e0 di Taiz\u00e9. \u00a0La partecipazione sar\u00e0 possibile in presenza o attraverso lo\u00a0<strong>streaming sul canale YouTube e la pagina Facebook @upgtorino.<\/strong><\/p>\n<p>Anche la proposta settimanale per i giovani, all\u2019interno del\u00a0<a href=\"https:\/\/www.diocesi.torino.it\/wp-content\/uploads\/2021\/02\/QdF-2021_Sussidio_DiocesiTO.pdf\">sussidio della Quaresima di Fraternit\u00e0<\/a>\u00a0&#8211; disponibile sui siti diocesani &#8211; sar\u00e0 scandita dalle parole e dalle meditazioni di Fr\u00e8re Alois, priore della comunit\u00e0 di Taiz\u00e9.<\/p>\n<p><a href=\"http:\/\/www.upgtorino.it\/images\/Speraresemprearticolo.jpg\" data-rel=\"lightbox-image-0\" data-rl_title=\"\" data-rl_caption=\"\" title=\"\">Scarica la locandina<\/a><\/p>\n","protected":false},"excerpt":{"rendered":"<p>L\u2019imminente tempo forte della Quaresima, che si aprir\u00e0 la prossima settimana e verr\u00e0 scandito da quattro incontri di preghiera di Taiz\u00e9. In attesa di conoscere e valutare le modalit\u00e0 di svolgimento del Capodanno europeo dei giovani di Taiz\u00e9 a Torino, previsto dal 28 dicembre 2021 al 1\u00ba gennaio 2022, tali proposte di preghiera, nello stile della comunit\u00e0 di Taiz\u00e8, \u00a0rappresenteranno una significativa tappa della preparazione &hellip; <a href=\"https:\/\/www.diocesi.torino.it\/giovani\/sperare-sempre-in-tempo-favorevole-e-sfavorevole\/\" class=\"more-link\">Continua a leggere <span class=\"screen-reader-text\"><\/span> <span class=\"meta-nav\">&raquo;<\/span><\/a><\/p>\n","protected":false},"author":6,"featured_media":2714,"comment_status":"closed","ping_status":"closed","sticky":false,"template":"","format":"standard","meta":{"ip_address":"","user_agent":"","level":"","revision":"","cookie_id":"","page_referer":"","html_form":"","_expiration-date-status":"saved","_expiration-date":0,"_expiration-date-type":"","_expiration-date-categories":[],"_expiration-date-options":[]},"categories":[4,5],"tags":[],"acf":[],"yoast_head":"<!-- This site is optimized with the Yoast SEO plugin v20.8 - https:\/\/yoast.com\/wordpress\/plugins\/seo\/ -->\n<title>Sperare sempre, in tempo favorevole e sfavorevole - Pastorale dei GIOVANI e dei RAGAZZI<\/title>\n<meta name=\"robots\" content=\"index, follow, max-snippet:-1, max-image-preview:large, max-video-preview:-1\" \/>\n<link rel=\"canonical\" href=\"https:\/\/www.diocesi.torino.it\/giovani\/sperare-sempre-in-tempo-favorevole-e-sfavorevole\/\" \/>\n<meta property=\"og:locale\" content=\"it_IT\" \/>\n<meta property=\"og:type\" content=\"article\" \/>\n<meta property=\"og:title\" content=\"Sperare sempre, in tempo favorevole e sfavorevole - Pastorale dei GIOVANI e dei RAGAZZI\" \/>\n<meta property=\"og:description\" content=\"L\u2019imminente tempo forte della Quaresima, che si aprir\u00e0 la prossima settimana e verr\u00e0 scandito da quattro incontri di preghiera di Taiz\u00e9. In attesa di conoscere e valutare le modalit\u00e0 di svolgimento del Capodanno europeo dei giovani di Taiz\u00e9 a Torino, previsto dal 28 dicembre 2021 al 1\u00ba gennaio 2022, tali proposte di preghiera, nello stile della comunit\u00e0 di Taiz\u00e8, \u00a0rappresenteranno una significativa tappa della preparazione &hellip; Continua a leggere &raquo;\" \/>\n<meta property=\"og:url\" content=\"https:\/\/www.diocesi.torino.it\/giovani\/sperare-sempre-in-tempo-favorevole-e-sfavorevole\/\" \/>\n<meta property=\"og:site_name\" content=\"Pastorale dei GIOVANI e dei RAGAZZI\" \/>\n<meta property=\"article:published_time\" content=\"2021-02-11T07:55:37+00:00\" \/>\n<meta property=\"article:modified_time\" content=\"2021-02-11T15:18:11+00:00\" \/>\n<meta property=\"og:image\" content=\"https:\/\/www.diocesi.torino.it\/giovani\/wp-content\/uploads\/sites\/14\/2021\/02\/Speraresemprearticolo.jpg\" \/>\n\t<meta property=\"og:image:width\" content=\"400\" \/>\n\t<meta property=\"og:image:height\" content=\"273\" \/>\n\t<meta property=\"og:image:type\" content=\"image\/jpeg\" \/>\n<meta name=\"author\" content=\"cristinafranze\" \/>\n<meta name=\"twitter:card\" content=\"summary_large_image\" \/>\n<meta name=\"twitter:label1\" content=\"Scritto da\" \/>\n\t<meta name=\"twitter:data1\" content=\"cristinafranze\" \/>\n\t<meta name=\"twitter:label2\" content=\"Tempo di lettura stimato\" \/>\n\t<meta name=\"twitter:data2\" content=\"1 minuto\" \/>\n<script type=\"application\/ld+json\" class=\"yoast-schema-graph\">{\"@context\":\"https:\/\/schema.org\",\"@graph\":[{\"@type\":\"WebPage\",\"@id\":\"https:\/\/www.diocesi.torino.it\/giovani\/sperare-sempre-in-tempo-favorevole-e-sfavorevole\/\",\"url\":\"https:\/\/www.diocesi.torino.it\/giovani\/sperare-sempre-in-tempo-favorevole-e-sfavorevole\/\",\"name\":\"Sperare sempre, in tempo favorevole e sfavorevole - Pastorale dei GIOVANI e dei RAGAZZI\",\"isPartOf\":{\"@id\":\"https:\/\/www.diocesi.torino.it\/giovani\/#website\"},\"datePublished\":\"2021-02-11T07:55:37+00:00\",\"dateModified\":\"2021-02-11T15:18:11+00:00\",\"author\":{\"@id\":\"https:\/\/www.diocesi.torino.it\/giovani\/#\/schema\/person\/58bec1538a2d04c8cbfd8df40de3ec0d\"},\"breadcrumb\":{\"@id\":\"https:\/\/www.diocesi.torino.it\/giovani\/sperare-sempre-in-tempo-favorevole-e-sfavorevole\/#breadcrumb\"},\"inLanguage\":\"it-IT\",\"potentialAction\":[{\"@type\":\"ReadAction\",\"target\":[\"https:\/\/www.diocesi.torino.it\/giovani\/sperare-sempre-in-tempo-favorevole-e-sfavorevole\/\"]}]},{\"@type\":\"BreadcrumbList\",\"@id\":\"https:\/\/www.diocesi.torino.it\/giovani\/sperare-sempre-in-tempo-favorevole-e-sfavorevole\/#breadcrumb\",\"itemListElement\":[{\"@type\":\"ListItem\",\"position\":1,\"name\":\"Home\",\"item\":\"https:\/\/www.diocesi.torino.it\/giovani\/\"},{\"@type\":\"ListItem\",\"position\":2,\"name\":\"Sperare sempre, in tempo favorevole e sfavorevole\"}]},{\"@type\":\"WebSite\",\"@id\":\"https:\/\/www.diocesi.torino.it\/giovani\/#website\",\"url\":\"https:\/\/www.diocesi.torino.it\/giovani\/\",\"name\":\"Pastorale dei GIOVANI e dei RAGAZZI\",\"description\":\"\",\"potentialAction\":[{\"@type\":\"SearchAction\",\"target\":{\"@type\":\"EntryPoint\",\"urlTemplate\":\"https:\/\/www.diocesi.torino.it\/giovani\/?s={search_term_string}\"},\"query-input\":\"required name=search_term_string\"}],\"inLanguage\":\"it-IT\"},{\"@type\":\"Person\",\"@id\":\"https:\/\/www.diocesi.torino.it\/giovani\/#\/schema\/person\/58bec1538a2d04c8cbfd8df40de3ec0d\",\"name\":\"cristinafranze\",\"image\":{\"@type\":\"ImageObject\",\"inLanguage\":\"it-IT\",\"@id\":\"https:\/\/www.diocesi.torino.it\/giovani\/#\/schema\/person\/image\/\",\"url\":\"https:\/\/secure.gravatar.com\/avatar\/f85b364cbc8d7257121e0cbaa811352a?s=96&d=mm&r=g\",\"contentUrl\":\"https:\/\/secure.gravatar.com\/avatar\/f85b364cbc8d7257121e0cbaa811352a?s=96&d=mm&r=g\",\"caption\":\"cristinafranze\"},\"url\":\"https:\/\/www.diocesi.torino.it\/giovani\/author\/cristinafranze\/\"}]}<\/script>\n<!-- \/ Yoast SEO plugin. -->","yoast_head_json":{"title":"Sperare sempre, in tempo favorevole e sfavorevole - Pastorale dei GIOVANI e dei RAGAZZI","robots":{"index":"index","follow":"follow","max-snippet":"max-snippet:-1","max-image-preview":"max-image-preview:large","max-video-preview":"max-video-preview:-1"},"canonical":"https:\/\/www.diocesi.torino.it\/giovani\/sperare-sempre-in-tempo-favorevole-e-sfavorevole\/","og_locale":"it_IT","og_type":"article","og_title":"Sperare sempre, in tempo favorevole e sfavorevole - Pastorale dei GIOVANI e dei RAGAZZI","og_description":"L\u2019imminente tempo forte della Quaresima, che si aprir\u00e0 la prossima settimana e verr\u00e0 scandito da quattro incontri di preghiera di Taiz\u00e9. In attesa di conoscere e valutare le modalit\u00e0 di svolgimento del Capodanno europeo dei giovani di Taiz\u00e9 a Torino, previsto dal 28 dicembre 2021 al 1\u00ba gennaio 2022, tali proposte di preghiera, nello stile della comunit\u00e0 di Taiz\u00e8, \u00a0rappresenteranno una significativa tappa della preparazione &hellip; Continua a leggere &raquo;","og_url":"https:\/\/www.diocesi.torino.it\/giovani\/sperare-sempre-in-tempo-favorevole-e-sfavorevole\/","og_site_name":"Pastorale dei GIOVANI e dei RAGAZZI","article_published_time":"2021-02-11T07:55:37+00:00","article_modified_time":"2021-02-11T15:18:11+00:00","og_image":[{"width":400,"height":273,"url":"https:\/\/www.diocesi.torino.it\/giovani\/wp-content\/uploads\/sites\/14\/2021\/02\/Speraresemprearticolo.jpg","type":"image\/jpeg"}],"author":"cristinafranze","twitter_card":"summary_large_image","twitter_misc":{"Scritto da":"cristinafranze","Tempo di lettura stimato":"1 minuto"},"schema":{"@context":"https:\/\/schema.org","@graph":[{"@type":"WebPage","@id":"https:\/\/www.diocesi.torino.it\/giovani\/sperare-sempre-in-tempo-favorevole-e-sfavorevole\/","url":"https:\/\/www.diocesi.torino.it\/giovani\/sperare-sempre-in-tempo-favorevole-e-sfavorevole\/","name":"Sperare sempre, in tempo favorevole e sfavorevole - Pastorale dei GIOVANI e dei RAGAZZI","isPartOf":{"@id":"https:\/\/www.diocesi.torino.it\/giovani\/#website"},"datePublished":"2021-02-11T07:55:37+00:00","dateModified":"2021-02-11T15:18:11+00:00","author":{"@id":"https:\/\/www.diocesi.torino.it\/giovani\/#\/schema\/person\/58bec1538a2d04c8cbfd8df40de3ec0d"},"breadcrumb":{"@id":"https:\/\/www.diocesi.torino.it\/giovani\/sperare-sempre-in-tempo-favorevole-e-sfavorevole\/#breadcrumb"},"inLanguage":"it-IT","potentialAction":[{"@type":"ReadAction","target":["https:\/\/www.diocesi.torino.it\/giovani\/sperare-sempre-in-tempo-favorevole-e-sfavorevole\/"]}]},{"@type":"BreadcrumbList","@id":"https:\/\/www.diocesi.torino.it\/giovani\/sperare-sempre-in-tempo-favorevole-e-sfavorevole\/#breadcrumb","itemListElement":[{"@type":"ListItem","position":1,"name":"Home","item":"https:\/\/www.diocesi.torino.it\/giovani\/"},{"@type":"ListItem","position":2,"name":"Sperare sempre, in tempo favorevole e sfavorevole"}]},{"@type":"WebSite","@id":"https:\/\/www.diocesi.torino.it\/giovani\/#website","url":"https:\/\/www.diocesi.torino.it\/giovani\/","name":"Pastorale dei GIOVANI e dei RAGAZZI","description":"","potentialAction":[{"@type":"SearchAction","target":{"@type":"EntryPoint","urlTemplate":"https:\/\/www.diocesi.torino.it\/giovani\/?s={search_term_string}"},"query-input":"required name=search_term_string"}],"inLanguage":"it-IT"},{"@type":"Person","@id":"https:\/\/www.diocesi.torino.it\/giovani\/#\/schema\/person\/58bec1538a2d04c8cbfd8df40de3ec0d","name":"cristinafranze","image":{"@type":"ImageObject","inLanguage":"it-IT","@id":"https:\/\/www.diocesi.torino.it\/giovani\/#\/schema\/person\/image\/","url":"https:\/\/secure.gravatar.com\/avatar\/f85b364cbc8d7257121e0cbaa811352a?s=96&d=mm&r=g","contentUrl":"https:\/\/secure.gravatar.com\/avatar\/f85b364cbc8d7257121e0cbaa811352a?s=96&d=mm&r=g","caption":"cristinafranze"},"url":"https:\/\/www.diocesi.torino.it\/giovani\/author\/cristinafranze\/"}]}},"_links":{"self":[{"href":"https:\/\/www.diocesi.torino.it\/giovani\/wp-json\/wp\/v2\/posts\/2713"}],"collection":[{"href":"https:\/\/www.diocesi.torino.it\/giovani\/wp-json\/wp\/v2\/posts"}],"about":[{"href":"https:\/\/www.diocesi.torino.it\/giovani\/wp-json\/wp\/v2\/types\/post"}],"author":[{"embeddable":true,"href":"https:\/\/www.diocesi.torino.it\/giovani\/wp-json\/wp\/v2\/users\/6"}],"replies":[{"embeddable":true,"href":"https:\/\/www.diocesi.torino.it\/giovani\/wp-json\/wp\/v2\/comments?post=2713"}],"version-history":[{"count":2,"href":"https:\/\/www.diocesi.torino.it\/giovani\/wp-json\/wp\/v2\/posts\/2713\/revisions"}],"predecessor-version":[{"id":2721,"href":"https:\/\/www.diocesi.torino.it\/giovani\/wp-json\/wp\/v2\/posts\/2713\/revisions\/2721"}],"wp:featuredmedia":[{"embeddable":true,"href":"https:\/\/www.diocesi.torino.it\/giovani\/wp-json\/wp\/v2\/media\/2714"}],"wp:attachment":[{"href":"https:\/\/www.diocesi.torino.it\/giovani\/wp-json\/wp\/v2\/media?parent=2713"}],"wp:term":[{"taxonomy":"category","embeddable":true,"href":"https:\/\/www.diocesi.torino.it\/giovani\/wp-json\/wp\/v2\/categories?post=2713"},{"taxonomy":"post_tag","embeddable":true,"href":"https:\/\/www.diocesi.torino.it\/giovani\/wp-json\/wp\/v2\/tags?post=2713"}],"curies":[{"name":"wp","href":"https:\/\/api.w.org\/{rel}","templated":true}]}}