{"id":4538,"date":"2015-04-24T12:48:00","date_gmt":"2015-04-24T10:48:00","guid":{"rendered":"http:\/\/www.diocesi.torino.it\/liturgico\/2015\/04\/24\/app-liturgia-delle-ore\/"},"modified":"2015-04-24T12:48:00","modified_gmt":"2015-04-24T10:48:00","slug":"app-liturgia-delle-ore","status":"publish","type":"post","link":"https:\/\/www.diocesi.torino.it\/liturgico\/app-liturgia-delle-ore\/","title":{"rendered":"APP Liturgia delle Ore"},"content":{"rendered":"<div>L&#8217;APP CEI &#8211; LITURGIA delle ORE nasce dalla collaborazione dell&#8217;Ufficio Liturgico Nazionale con l&#8217;Ufficio Nazionale per le comunicazioni sociali, il SICEI, e SEED \u2013 Edizioni Informatiche, per offrire a tutti coloro che desiderano unirsi alla lode della Chiesa attraverso l\u2019Ufficio Divino, ma sono impossibilitati a partecipare alla celebrazione comunitaria, uno strumento per la preghiera liturgica personale.<\/p>\n<div>\u00a0<\/div>\n<div>\u00a0<\/div>\n<div>La singolarit\u00e0 di questa APP \u00e8 riscontrabile, oltre che nella fruizione del testo ufficiale della Liturgia delle Ore CEI, anche nella possibilit\u00e0 di ascoltare la registrazione audio delle diverse Ore dell\u2019Ufficio nell\u2019arco della giornata.<\/div>\n<div>Il supporto audio potr\u00e0 essere utile in modo particolare alle persone ipovedenti.<\/div>\n<div>\u00a0<\/div>\n<div>\u00c8 scaricabile gratuitamente da Google Play e da App Store (<a target=\"_blank\" href=\"http:\/\/www.chiesacattolica.it\/appliturgia\">www.chiesacattolica.it\/appliturgia<\/a>).<\/div>\n<div>\u00a0<\/div>\n<div>\u00a0<\/div>\n<\/div>\n","protected":false},"excerpt":{"rendered":"<p>L&#8217;APP CEI &#8211; LITURGIA delle ORE nasce dalla collaborazione dell&#8217;Ufficio Liturgico Nazionale con l&#8217;Ufficio Nazionale per le comunicazioni sociali, il SICEI, e SEED \u2013 Edizioni Informatiche, per offrire a tutti coloro che desiderano unirsi alla lode della Chiesa attraverso l\u2019Ufficio Divino, ma sono impossibilitati a partecipare alla celebrazione comunitaria, uno strumento per la preghiera liturgica personale. \u00a0 \u00a0 La singolarit\u00e0 di questa APP \u00e8 riscontrabile, &hellip; <a href=\"https:\/\/www.diocesi.torino.it\/liturgico\/app-liturgia-delle-ore\/\" class=\"more-link\">Continua a leggere <span class=\"screen-reader-text\"><\/span> <span class=\"meta-nav\">&raquo;<\/span><\/a><\/p>\n","protected":false},"author":1,"featured_media":4539,"comment_status":"closed","ping_status":"closed","sticky":false,"template":"","format":"standard","meta":{"ip_address":"","user_agent":"","level":"","revision":"","cookie_id":"","page_referer":"","html_form":"","_expiration-date-status":"","_expiration-date":0,"_expiration-date-type":"","_expiration-date-categories":[],"_expiration-date-options":[]},"categories":[787,738],"tags":[],"acf":[],"yoast_head":"<!-- This site is optimized with the Yoast SEO plugin v20.8 - https:\/\/yoast.com\/wordpress\/plugins\/seo\/ -->\n<title>APP Liturgia delle Ore - Pastorale LITURGICA<\/title>\n<meta name=\"robots\" content=\"index, follow, max-snippet:-1, max-image-preview:large, max-video-preview:-1\" \/>\n<link rel=\"canonical\" href=\"https:\/\/www.diocesi.torino.it\/liturgico\/app-liturgia-delle-ore\/\" \/>\n<meta property=\"og:locale\" content=\"it_IT\" \/>\n<meta property=\"og:type\" content=\"article\" \/>\n<meta property=\"og:title\" content=\"APP Liturgia delle Ore - Pastorale LITURGICA\" \/>\n<meta property=\"og:description\" content=\"L&#8217;APP CEI &#8211; LITURGIA delle ORE nasce dalla collaborazione dell&#8217;Ufficio Liturgico Nazionale con l&#8217;Ufficio Nazionale per le comunicazioni sociali, il SICEI, e SEED \u2013 Edizioni Informatiche, per offrire a tutti coloro che desiderano unirsi alla lode della Chiesa attraverso l\u2019Ufficio Divino, ma sono impossibilitati a partecipare alla celebrazione comunitaria, uno strumento per la preghiera liturgica personale. \u00a0 \u00a0 La singolarit\u00e0 di questa APP \u00e8 riscontrabile, &hellip; Continua a leggere &raquo;\" \/>\n<meta property=\"og:url\" content=\"https:\/\/www.diocesi.torino.it\/liturgico\/app-liturgia-delle-ore\/\" \/>\n<meta property=\"og:site_name\" content=\"Pastorale LITURGICA\" \/>\n<meta property=\"article:published_time\" content=\"2015-04-24T10:48:00+00:00\" \/>\n<meta property=\"og:image\" content=\"https:\/\/www.diocesi.torino.it\/liturgico\/wp-content\/uploads\/sites\/4\/2017\/05\/App.jpg\" \/>\n\t<meta property=\"og:image:width\" content=\"700\" \/>\n\t<meta property=\"og:image:height\" content=\"388\" \/>\n\t<meta property=\"og:image:type\" content=\"image\/jpeg\" \/>\n<meta name=\"author\" content=\"sEEd_aDm_wP\" \/>\n<meta name=\"twitter:card\" content=\"summary_large_image\" \/>\n<meta name=\"twitter:label1\" content=\"Scritto da\" \/>\n\t<meta name=\"twitter:data1\" content=\"sEEd_aDm_wP\" \/>\n\t<meta name=\"twitter:label2\" content=\"Tempo di lettura stimato\" \/>\n\t<meta name=\"twitter:data2\" content=\"1 minuto\" \/>\n<script type=\"application\/ld+json\" class=\"yoast-schema-graph\">{\"@context\":\"https:\/\/schema.org\",\"@graph\":[{\"@type\":\"WebPage\",\"@id\":\"https:\/\/www.diocesi.torino.it\/liturgico\/app-liturgia-delle-ore\/\",\"url\":\"https:\/\/www.diocesi.torino.it\/liturgico\/app-liturgia-delle-ore\/\",\"name\":\"APP Liturgia delle Ore - Pastorale LITURGICA\",\"isPartOf\":{\"@id\":\"https:\/\/www.diocesi.torino.it\/liturgico\/#website\"},\"datePublished\":\"2015-04-24T10:48:00+00:00\",\"dateModified\":\"2015-04-24T10:48:00+00:00\",\"author\":{\"@id\":\"https:\/\/www.diocesi.torino.it\/liturgico\/#\/schema\/person\/b60b0d2f9e2a80f9726251c31ba9862f\"},\"breadcrumb\":{\"@id\":\"https:\/\/www.diocesi.torino.it\/liturgico\/app-liturgia-delle-ore\/#breadcrumb\"},\"inLanguage\":\"it-IT\",\"potentialAction\":[{\"@type\":\"ReadAction\",\"target\":[\"https:\/\/www.diocesi.torino.it\/liturgico\/app-liturgia-delle-ore\/\"]}]},{\"@type\":\"BreadcrumbList\",\"@id\":\"https:\/\/www.diocesi.torino.it\/liturgico\/app-liturgia-delle-ore\/#breadcrumb\",\"itemListElement\":[{\"@type\":\"ListItem\",\"position\":1,\"name\":\"Home\",\"item\":\"https:\/\/www.diocesi.torino.it\/liturgico\/\"},{\"@type\":\"ListItem\",\"position\":2,\"name\":\"APP Liturgia delle Ore\"}]},{\"@type\":\"WebSite\",\"@id\":\"https:\/\/www.diocesi.torino.it\/liturgico\/#website\",\"url\":\"https:\/\/www.diocesi.torino.it\/liturgico\/\",\"name\":\"Pastorale LITURGICA\",\"description\":\"\",\"potentialAction\":[{\"@type\":\"SearchAction\",\"target\":{\"@type\":\"EntryPoint\",\"urlTemplate\":\"https:\/\/www.diocesi.torino.it\/liturgico\/?s={search_term_string}\"},\"query-input\":\"required name=search_term_string\"}],\"inLanguage\":\"it-IT\"},{\"@type\":\"Person\",\"@id\":\"https:\/\/www.diocesi.torino.it\/liturgico\/#\/schema\/person\/b60b0d2f9e2a80f9726251c31ba9862f\",\"name\":\"sEEd_aDm_wP\",\"image\":{\"@type\":\"ImageObject\",\"inLanguage\":\"it-IT\",\"@id\":\"https:\/\/www.diocesi.torino.it\/liturgico\/#\/schema\/person\/image\/\",\"url\":\"https:\/\/secure.gravatar.com\/avatar\/91712870a0359f250d1a3c277a2f5ad4?s=96&d=mm&r=g\",\"contentUrl\":\"https:\/\/secure.gravatar.com\/avatar\/91712870a0359f250d1a3c277a2f5ad4?s=96&d=mm&r=g\",\"caption\":\"sEEd_aDm_wP\"},\"url\":\"https:\/\/www.diocesi.torino.it\/liturgico\/author\/seed_adm_wp\/\"}]}<\/script>\n<!-- \/ Yoast SEO plugin. -->","yoast_head_json":{"title":"APP Liturgia delle Ore - Pastorale LITURGICA","robots":{"index":"index","follow":"follow","max-snippet":"max-snippet:-1","max-image-preview":"max-image-preview:large","max-video-preview":"max-video-preview:-1"},"canonical":"https:\/\/www.diocesi.torino.it\/liturgico\/app-liturgia-delle-ore\/","og_locale":"it_IT","og_type":"article","og_title":"APP Liturgia delle Ore - Pastorale LITURGICA","og_description":"L&#8217;APP CEI &#8211; LITURGIA delle ORE nasce dalla collaborazione dell&#8217;Ufficio Liturgico Nazionale con l&#8217;Ufficio Nazionale per le comunicazioni sociali, il SICEI, e SEED \u2013 Edizioni Informatiche, per offrire a tutti coloro che desiderano unirsi alla lode della Chiesa attraverso l\u2019Ufficio Divino, ma sono impossibilitati a partecipare alla celebrazione comunitaria, uno strumento per la preghiera liturgica personale. \u00a0 \u00a0 La singolarit\u00e0 di questa APP \u00e8 riscontrabile, &hellip; Continua a leggere &raquo;","og_url":"https:\/\/www.diocesi.torino.it\/liturgico\/app-liturgia-delle-ore\/","og_site_name":"Pastorale LITURGICA","article_published_time":"2015-04-24T10:48:00+00:00","og_image":[{"width":700,"height":388,"url":"https:\/\/www.diocesi.torino.it\/liturgico\/wp-content\/uploads\/sites\/4\/2017\/05\/App.jpg","type":"image\/jpeg"}],"author":"sEEd_aDm_wP","twitter_card":"summary_large_image","twitter_misc":{"Scritto da":"sEEd_aDm_wP","Tempo di lettura stimato":"1 minuto"},"schema":{"@context":"https:\/\/schema.org","@graph":[{"@type":"WebPage","@id":"https:\/\/www.diocesi.torino.it\/liturgico\/app-liturgia-delle-ore\/","url":"https:\/\/www.diocesi.torino.it\/liturgico\/app-liturgia-delle-ore\/","name":"APP Liturgia delle Ore - Pastorale LITURGICA","isPartOf":{"@id":"https:\/\/www.diocesi.torino.it\/liturgico\/#website"},"datePublished":"2015-04-24T10:48:00+00:00","dateModified":"2015-04-24T10:48:00+00:00","author":{"@id":"https:\/\/www.diocesi.torino.it\/liturgico\/#\/schema\/person\/b60b0d2f9e2a80f9726251c31ba9862f"},"breadcrumb":{"@id":"https:\/\/www.diocesi.torino.it\/liturgico\/app-liturgia-delle-ore\/#breadcrumb"},"inLanguage":"it-IT","potentialAction":[{"@type":"ReadAction","target":["https:\/\/www.diocesi.torino.it\/liturgico\/app-liturgia-delle-ore\/"]}]},{"@type":"BreadcrumbList","@id":"https:\/\/www.diocesi.torino.it\/liturgico\/app-liturgia-delle-ore\/#breadcrumb","itemListElement":[{"@type":"ListItem","position":1,"name":"Home","item":"https:\/\/www.diocesi.torino.it\/liturgico\/"},{"@type":"ListItem","position":2,"name":"APP Liturgia delle Ore"}]},{"@type":"WebSite","@id":"https:\/\/www.diocesi.torino.it\/liturgico\/#website","url":"https:\/\/www.diocesi.torino.it\/liturgico\/","name":"Pastorale LITURGICA","description":"","potentialAction":[{"@type":"SearchAction","target":{"@type":"EntryPoint","urlTemplate":"https:\/\/www.diocesi.torino.it\/liturgico\/?s={search_term_string}"},"query-input":"required name=search_term_string"}],"inLanguage":"it-IT"},{"@type":"Person","@id":"https:\/\/www.diocesi.torino.it\/liturgico\/#\/schema\/person\/b60b0d2f9e2a80f9726251c31ba9862f","name":"sEEd_aDm_wP","image":{"@type":"ImageObject","inLanguage":"it-IT","@id":"https:\/\/www.diocesi.torino.it\/liturgico\/#\/schema\/person\/image\/","url":"https:\/\/secure.gravatar.com\/avatar\/91712870a0359f250d1a3c277a2f5ad4?s=96&d=mm&r=g","contentUrl":"https:\/\/secure.gravatar.com\/avatar\/91712870a0359f250d1a3c277a2f5ad4?s=96&d=mm&r=g","caption":"sEEd_aDm_wP"},"url":"https:\/\/www.diocesi.torino.it\/liturgico\/author\/seed_adm_wp\/"}]}},"_links":{"self":[{"href":"https:\/\/www.diocesi.torino.it\/liturgico\/wp-json\/wp\/v2\/posts\/4538"}],"collection":[{"href":"https:\/\/www.diocesi.torino.it\/liturgico\/wp-json\/wp\/v2\/posts"}],"about":[{"href":"https:\/\/www.diocesi.torino.it\/liturgico\/wp-json\/wp\/v2\/types\/post"}],"author":[{"embeddable":true,"href":"https:\/\/www.diocesi.torino.it\/liturgico\/wp-json\/wp\/v2\/users\/1"}],"replies":[{"embeddable":true,"href":"https:\/\/www.diocesi.torino.it\/liturgico\/wp-json\/wp\/v2\/comments?post=4538"}],"version-history":[{"count":0,"href":"https:\/\/www.diocesi.torino.it\/liturgico\/wp-json\/wp\/v2\/posts\/4538\/revisions"}],"wp:featuredmedia":[{"embeddable":true,"href":"https:\/\/www.diocesi.torino.it\/liturgico\/wp-json\/wp\/v2\/media\/4539"}],"wp:attachment":[{"href":"https:\/\/www.diocesi.torino.it\/liturgico\/wp-json\/wp\/v2\/media?parent=4538"}],"wp:term":[{"taxonomy":"category","embeddable":true,"href":"https:\/\/www.diocesi.torino.it\/liturgico\/wp-json\/wp\/v2\/categories?post=4538"},{"taxonomy":"post_tag","embeddable":true,"href":"https:\/\/www.diocesi.torino.it\/liturgico\/wp-json\/wp\/v2\/tags?post=4538"}],"curies":[{"name":"wp","href":"https:\/\/api.w.org\/{rel}","templated":true}]}}