{"id":48761,"date":"2026-08-31T14:12:35","date_gmt":"2026-08-31T12:12:35","guid":{"rendered":"https:\/\/www.diocesi.torino.it\/liturgico\/?p=48761"},"modified":"2026-08-31T14:40:18","modified_gmt":"2026-08-31T12:40:18","slug":"xi-giornata-mondiale-di-preghiera-per-la-cura-del-creato-2026","status":"publish","type":"post","link":"https:\/\/www.diocesi.torino.it\/liturgico\/xi-giornata-mondiale-di-preghiera-per-la-cura-del-creato-2026\/","title":{"rendered":"Custodia del Creato"},"content":{"rendered":"<p>Il <a href=\"https:\/\/www.vatican.va\/content\/leo-xiv\/it\/messages\/creation\/documents\/20260815-messaggio-giornata-curacreato.html\">Messaggio<\/a> del Santo Padre Leone XIV per la prossima Giornata Mondiale di Preghiera per la Cura del Creato, che si celebrer\u00e0 come da tradizione il 1\u00b0 settembre, ha per tema \u201c<em>Forgeranno le loro spade in vomeri e le loro lance in falci<\/em>\u201d (Is 2,4). Un testo che pone in risalto lo stretto legame tra i conflitti armati e il deterioramento dell\u2019ambiente.<\/p>\n<p>Si legge nel Messaggio: \u00abPer costruire una societ\u00e0 pacifica, non dobbiamo solo riformare le strutture, ma anche rinnovare i nostri cuori. Le cause pi\u00f9 radicali di conflitto e lo sfruttamento del creato sono conseguenze di una crisi etica e culturale che include la perdita del senso del limite, il desiderio di dominio, la ricerca di profitto immediato e l\u2019incapacit\u00e0 di riconoscere la dignit\u00e0 che Dio ha donato a ogni persona umana. La chiamata profetica a \u201cforgiare le spade in vomeri\u201d (cfr Is 2,4) non \u00e8 quindi solo un sogno per le nazioni, ma un appello rivolto a ogni persona\u00bb.<\/p>\n<p>E ancora: \u00abLa Scrittura ci raccomanda di custodire i nostri cuori, poich\u00e9 \u00e8 da essi che sgorga tutto ci\u00f2 che facciamo (cfr Pr 4,23). Se ci assumiamo questo compito con umilt\u00e0 e fede, diventeremo collaboratori nell\u2019opera di rinnovamento di Dio. Passeremo, lentamente ma inesorabilmente, dal deserto al giardino, dalla divisione alla comunione e dalla violenza alla pace\u00bb.<\/p>\n<p>&nbsp;<\/p>\n<p><strong>MESSE PER L\u2019AGRICOLTURA<\/strong><\/p>\n<p>Nei tempi dell\u2019anno opportuni si pu\u00f2 celebrare la Messa per il raccolto (Messale Romano pag. 892), a ricordare la grazia di Dio per il sostentamento di tutti e la vocazione alla comunione di ogni cosa che il Signore mette nelle nostre mani. Anche la Messa per la semina (MR 890) affida a Dio la cura della terra per la condivisione del bene con tutti.<\/p>\n<p>Anche la Messa \u201cIn tempo di fame o per quanti soffrono per la fame\u201d (MR 899) ci incoraggia a riconoscere il desiderio di Dio di una fraternit\u00e0 nella quale ci prendiamo cura della fragilit\u00e0 dell\u2019altro, per la quale dobbiamo vincere l\u2019indifferenza e la rassegnazione.<\/p>\n<p>&nbsp;<\/p>\n<p><strong>MESSE PER LA FRAGILIT\u00c0 DEL CLIMA<\/strong><\/p>\n<p>La Messa per il progresso dei popoli (MR 893) presenta temi di fraternit\u00e0 e di condivisione che appaiono molto opportuni per la solidariet\u00e0 necessaria al sollievo delle popolazioni colpite da cataclismi.<\/p>\n<p>La colletta delle Messe per chiedere la pioggia, il bel tempo, contro le tempeste (MR 901), possono essere d\u2019aiuto in alcuni giorni particolarmente calamitosi.<\/p>\n<p>Nel Messale Romano pagg. 913-915 si possono utilizzare diversi formulari \u201cPer qualunque necessit\u00e0\u201d, che possono esprimere la richiesta dei fedeli al Padre per le conseguenze della crisi climatica.<\/p>\n<p>&nbsp;<\/p>\n<p><strong>QUATTRO TEMPORA<\/strong><\/p>\n<p>Una antichissima tradizione della Chiesa conosce preghiere per accompagnare il passaggio delle stagioni, riconoscendo anche in questi elementi stagionali, come gi\u00e0 nelle ore del giorno e nei tempi liturgici dell\u2019anno, un segno del mistero di salvezza che merita di essere celebrato.<\/p>\n<p>Dalla primitiva attenzione alla produzione agricola con la Riforma liturgica la sensibilit\u00e0 si \u00e8 spostata alle molteplici attenzioni umane che sono tipiche di una stagione, il cui frutto specifico di giustizia e di pace viene affidato al Signore.<\/p>\n<p>La preghiera delle \u201cQuattro tempora\u201d prevede una preghiera dei fedeli e una benedizione specifica per le quattro stagioni, in giorni particolari dell\u2019anno.<\/p>\n<p>&nbsp;<\/p>\n<p><strong>I giorni delle Quattro tempora nel 2026-2027<\/strong><\/p>\n<p>Le Quattro tempora si celebrano il mercoled\u00ec, venerd\u00ec e sabato successivi alla III domenica di settembre, alla III domenica di Avvento, alla III domenica di Quaresima, alla domenica della Ss.ma Trinit\u00e0. In questo anno pastorale si tratta di:<\/p>\n<p>Autunno: 23, 25, 26 settembre 2026<\/p>\n<p>Inverno: 16, 18, 19 dicembre 2026<\/p>\n<p>Primavera: 3, 5, 6 marzo 2027<\/p>\n<p>Estate: 26, 28, 29 maggio 2027<\/p>\n<p>&nbsp;<\/p>\n<p><strong>La preghiera dei fedeli<\/strong><\/p>\n<p>L\u2019Orazionale propone pagg. 106-109 i formulari delle preghiere dei fedeli per le 4 stagioni.<\/p>\n<p>&nbsp;<\/p>\n<p><strong>La benedizione <\/strong><\/p>\n<p>Al termine della preghiera dei fedeli si possono portare all\u2019altare alcuni prodotti, tipici della stagione: Olio d\u2019oliva (Inverno); fiori (primavera); spighe di grano (estate); grappoli d\u2019uva (autunno). Si possono coinvolgere lodevolmente i fedeli nel portare questi doni all\u2019altare. Il ministro che presiede li benedice con una preghiera proposta nel Benedizionale (nn. 1814-1819).<\/p>\n<p>Collocati questi doni benedetti, la messa prosegue con i riti di offertorio.<\/p>\n<p>&nbsp;<\/p>\n<p><strong>MATERIALE PER IL TEMPO DEL CREATO 2026-2027<\/strong><\/p>\n<p>Formulario Messa per la custodia della creazione<\/p>\n<p><a href=\"https:\/\/www.cultodivino.va\/content\/dam\/cultodivino\/pdf\/missa-pro-custodia-creationis\/Missa-pro-custodia-creationis-LAT-ITA-ENG-ESP-FRA-POR-GER.pdf\">Missa-pro-custodia-creationis-LAT-ITA-ENG-ESP-FRA-POR-GER.pdf<\/a><\/p>\n<p>&nbsp;<\/p>\n<p>Messaggio di papa Leone per la Giornata del Creato 2026<\/p>\n<p><a href=\"https:\/\/www.vatican.va\/content\/leo-xiv\/it\/messages\/creation\/documents\/20260815-messaggio-giornata-curacreato.html\">Messaggio del Santo Padre per l&#8217;XI Giornata Mondiale di Preghiera per la Cura del Creato [1\u00b0 settembre 2026] (15 agosto 2026)<\/a><\/p>\n<p>&nbsp;<\/p>\n<p>La CEI ha disposto diversi strumenti di animazione e preghiera per la Giornata del Creato e il mese successivo.<\/p>\n<p><a href=\"https:\/\/unedi.chiesacattolica.it\/giornata-del-creato-2026\/\">Giornata del Creato 2026 \u2013 Ufficio Nazionale per l&#8217;Ecumenismo e dialogo interreligioso<\/a><\/p>\n<p>&nbsp;<\/p>\n","protected":false},"excerpt":{"rendered":"<p>Il Messaggio del Santo Padre Leone XIV per la prossima Giornata Mondiale di Preghiera per la Cura del Creato, che si celebrer\u00e0 come da tradizione il 1\u00b0 settembre, ha per tema \u201cForgeranno le loro spade in vomeri e le loro lance in falci\u201d (Is 2,4). Un testo che pone in risalto lo stretto legame tra i conflitti armati e il deterioramento dell\u2019ambiente. Si legge nel &hellip; <a href=\"https:\/\/www.diocesi.torino.it\/liturgico\/xi-giornata-mondiale-di-preghiera-per-la-cura-del-creato-2026\/\" class=\"more-link\">Continua a leggere <span class=\"screen-reader-text\"><\/span> <span class=\"meta-nav\">&raquo;<\/span><\/a><\/p>\n","protected":false},"author":12,"featured_media":48764,"comment_status":"closed","ping_status":"closed","sticky":false,"template":"","format":"standard","meta":{"ip_address":"","user_agent":"","level":"","revision":"","cookie_id":"","page_referer":"","html_form":"","_expiration-date-status":"","_expiration-date":0,"_expiration-date-type":"","_expiration-date-categories":[],"_expiration-date-options":[]},"categories":[4,5],"tags":[],"acf":[],"yoast_head":"<!-- This site is optimized with the Yoast SEO plugin v20.8 - https:\/\/yoast.com\/wordpress\/plugins\/seo\/ -->\n<title>Custodia del Creato - Pastorale LITURGICA<\/title>\n<meta name=\"robots\" content=\"index, follow, max-snippet:-1, max-image-preview:large, max-video-preview:-1\" \/>\n<link rel=\"canonical\" href=\"https:\/\/www.diocesi.torino.it\/liturgico\/xi-giornata-mondiale-di-preghiera-per-la-cura-del-creato-2026\/\" \/>\n<meta property=\"og:locale\" content=\"it_IT\" \/>\n<meta property=\"og:type\" content=\"article\" \/>\n<meta property=\"og:title\" content=\"Custodia del Creato - Pastorale LITURGICA\" \/>\n<meta property=\"og:description\" content=\"Il Messaggio del Santo Padre Leone XIV per la prossima Giornata Mondiale di Preghiera per la Cura del Creato, che si celebrer\u00e0 come da tradizione il 1\u00b0 settembre, ha per tema \u201cForgeranno le loro spade in vomeri e le loro lance in falci\u201d (Is 2,4). Un testo che pone in risalto lo stretto legame tra i conflitti armati e il deterioramento dell\u2019ambiente. Si legge nel &hellip; Continua a leggere &raquo;\" \/>\n<meta property=\"og:url\" content=\"https:\/\/www.diocesi.torino.it\/liturgico\/xi-giornata-mondiale-di-preghiera-per-la-cura-del-creato-2026\/\" \/>\n<meta property=\"og:site_name\" content=\"Pastorale LITURGICA\" \/>\n<meta property=\"article:published_time\" content=\"2026-08-31T12:12:35+00:00\" \/>\n<meta property=\"article:modified_time\" content=\"2026-08-31T12:40:18+00:00\" \/>\n<meta property=\"og:image\" content=\"https:\/\/www.diocesi.torino.it\/liturgico\/wp-content\/uploads\/sites\/4\/2026\/08\/Testata-per-Creato-2026.jpg\" \/>\n\t<meta property=\"og:image:width\" content=\"894\" \/>\n\t<meta property=\"og:image:height\" content=\"633\" \/>\n\t<meta property=\"og:image:type\" content=\"image\/jpeg\" \/>\n<meta name=\"author\" content=\"marisaguarneri\" \/>\n<meta name=\"twitter:card\" content=\"summary_large_image\" \/>\n<meta name=\"twitter:label1\" content=\"Scritto da\" \/>\n\t<meta name=\"twitter:data1\" content=\"marisaguarneri\" \/>\n\t<meta name=\"twitter:label2\" content=\"Tempo di lettura stimato\" \/>\n\t<meta name=\"twitter:data2\" content=\"4 minuti\" \/>\n<script type=\"application\/ld+json\" class=\"yoast-schema-graph\">{\"@context\":\"https:\/\/schema.org\",\"@graph\":[{\"@type\":\"WebPage\",\"@id\":\"https:\/\/www.diocesi.torino.it\/liturgico\/xi-giornata-mondiale-di-preghiera-per-la-cura-del-creato-2026\/\",\"url\":\"https:\/\/www.diocesi.torino.it\/liturgico\/xi-giornata-mondiale-di-preghiera-per-la-cura-del-creato-2026\/\",\"name\":\"Custodia del Creato - Pastorale LITURGICA\",\"isPartOf\":{\"@id\":\"https:\/\/www.diocesi.torino.it\/liturgico\/#website\"},\"datePublished\":\"2026-08-31T12:12:35+00:00\",\"dateModified\":\"2026-08-31T12:40:18+00:00\",\"author\":{\"@id\":\"https:\/\/www.diocesi.torino.it\/liturgico\/#\/schema\/person\/8e7f80668cb00f16be9cd44c3915fcdc\"},\"breadcrumb\":{\"@id\":\"https:\/\/www.diocesi.torino.it\/liturgico\/xi-giornata-mondiale-di-preghiera-per-la-cura-del-creato-2026\/#breadcrumb\"},\"inLanguage\":\"it-IT\",\"potentialAction\":[{\"@type\":\"ReadAction\",\"target\":[\"https:\/\/www.diocesi.torino.it\/liturgico\/xi-giornata-mondiale-di-preghiera-per-la-cura-del-creato-2026\/\"]}]},{\"@type\":\"BreadcrumbList\",\"@id\":\"https:\/\/www.diocesi.torino.it\/liturgico\/xi-giornata-mondiale-di-preghiera-per-la-cura-del-creato-2026\/#breadcrumb\",\"itemListElement\":[{\"@type\":\"ListItem\",\"position\":1,\"name\":\"Home\",\"item\":\"https:\/\/www.diocesi.torino.it\/liturgico\/\"},{\"@type\":\"ListItem\",\"position\":2,\"name\":\"Custodia del Creato\"}]},{\"@type\":\"WebSite\",\"@id\":\"https:\/\/www.diocesi.torino.it\/liturgico\/#website\",\"url\":\"https:\/\/www.diocesi.torino.it\/liturgico\/\",\"name\":\"Pastorale LITURGICA\",\"description\":\"\",\"potentialAction\":[{\"@type\":\"SearchAction\",\"target\":{\"@type\":\"EntryPoint\",\"urlTemplate\":\"https:\/\/www.diocesi.torino.it\/liturgico\/?s={search_term_string}\"},\"query-input\":\"required name=search_term_string\"}],\"inLanguage\":\"it-IT\"},{\"@type\":\"Person\",\"@id\":\"https:\/\/www.diocesi.torino.it\/liturgico\/#\/schema\/person\/8e7f80668cb00f16be9cd44c3915fcdc\",\"name\":\"marisaguarneri\",\"image\":{\"@type\":\"ImageObject\",\"inLanguage\":\"it-IT\",\"@id\":\"https:\/\/www.diocesi.torino.it\/liturgico\/#\/schema\/person\/image\/\",\"url\":\"https:\/\/secure.gravatar.com\/avatar\/3f51b992ac592d4d140896567a3e5a14?s=96&d=mm&r=g\",\"contentUrl\":\"https:\/\/secure.gravatar.com\/avatar\/3f51b992ac592d4d140896567a3e5a14?s=96&d=mm&r=g\",\"caption\":\"marisaguarneri\"},\"url\":\"https:\/\/www.diocesi.torino.it\/liturgico\/author\/marisaguarneri\/\"}]}<\/script>\n<!-- \/ Yoast SEO plugin. -->","yoast_head_json":{"title":"Custodia del Creato - Pastorale LITURGICA","robots":{"index":"index","follow":"follow","max-snippet":"max-snippet:-1","max-image-preview":"max-image-preview:large","max-video-preview":"max-video-preview:-1"},"canonical":"https:\/\/www.diocesi.torino.it\/liturgico\/xi-giornata-mondiale-di-preghiera-per-la-cura-del-creato-2026\/","og_locale":"it_IT","og_type":"article","og_title":"Custodia del Creato - Pastorale LITURGICA","og_description":"Il Messaggio del Santo Padre Leone XIV per la prossima Giornata Mondiale di Preghiera per la Cura del Creato, che si celebrer\u00e0 come da tradizione il 1\u00b0 settembre, ha per tema \u201cForgeranno le loro spade in vomeri e le loro lance in falci\u201d (Is 2,4). Un testo che pone in risalto lo stretto legame tra i conflitti armati e il deterioramento dell\u2019ambiente. Si legge nel &hellip; Continua a leggere &raquo;","og_url":"https:\/\/www.diocesi.torino.it\/liturgico\/xi-giornata-mondiale-di-preghiera-per-la-cura-del-creato-2026\/","og_site_name":"Pastorale LITURGICA","article_published_time":"2026-08-31T12:12:35+00:00","article_modified_time":"2026-08-31T12:40:18+00:00","og_image":[{"width":894,"height":633,"url":"https:\/\/www.diocesi.torino.it\/liturgico\/wp-content\/uploads\/sites\/4\/2026\/08\/Testata-per-Creato-2026.jpg","type":"image\/jpeg"}],"author":"marisaguarneri","twitter_card":"summary_large_image","twitter_misc":{"Scritto da":"marisaguarneri","Tempo di lettura stimato":"4 minuti"},"schema":{"@context":"https:\/\/schema.org","@graph":[{"@type":"WebPage","@id":"https:\/\/www.diocesi.torino.it\/liturgico\/xi-giornata-mondiale-di-preghiera-per-la-cura-del-creato-2026\/","url":"https:\/\/www.diocesi.torino.it\/liturgico\/xi-giornata-mondiale-di-preghiera-per-la-cura-del-creato-2026\/","name":"Custodia del Creato - Pastorale LITURGICA","isPartOf":{"@id":"https:\/\/www.diocesi.torino.it\/liturgico\/#website"},"datePublished":"2026-08-31T12:12:35+00:00","dateModified":"2026-08-31T12:40:18+00:00","author":{"@id":"https:\/\/www.diocesi.torino.it\/liturgico\/#\/schema\/person\/8e7f80668cb00f16be9cd44c3915fcdc"},"breadcrumb":{"@id":"https:\/\/www.diocesi.torino.it\/liturgico\/xi-giornata-mondiale-di-preghiera-per-la-cura-del-creato-2026\/#breadcrumb"},"inLanguage":"it-IT","potentialAction":[{"@type":"ReadAction","target":["https:\/\/www.diocesi.torino.it\/liturgico\/xi-giornata-mondiale-di-preghiera-per-la-cura-del-creato-2026\/"]}]},{"@type":"BreadcrumbList","@id":"https:\/\/www.diocesi.torino.it\/liturgico\/xi-giornata-mondiale-di-preghiera-per-la-cura-del-creato-2026\/#breadcrumb","itemListElement":[{"@type":"ListItem","position":1,"name":"Home","item":"https:\/\/www.diocesi.torino.it\/liturgico\/"},{"@type":"ListItem","position":2,"name":"Custodia del Creato"}]},{"@type":"WebSite","@id":"https:\/\/www.diocesi.torino.it\/liturgico\/#website","url":"https:\/\/www.diocesi.torino.it\/liturgico\/","name":"Pastorale LITURGICA","description":"","potentialAction":[{"@type":"SearchAction","target":{"@type":"EntryPoint","urlTemplate":"https:\/\/www.diocesi.torino.it\/liturgico\/?s={search_term_string}"},"query-input":"required name=search_term_string"}],"inLanguage":"it-IT"},{"@type":"Person","@id":"https:\/\/www.diocesi.torino.it\/liturgico\/#\/schema\/person\/8e7f80668cb00f16be9cd44c3915fcdc","name":"marisaguarneri","image":{"@type":"ImageObject","inLanguage":"it-IT","@id":"https:\/\/www.diocesi.torino.it\/liturgico\/#\/schema\/person\/image\/","url":"https:\/\/secure.gravatar.com\/avatar\/3f51b992ac592d4d140896567a3e5a14?s=96&d=mm&r=g","contentUrl":"https:\/\/secure.gravatar.com\/avatar\/3f51b992ac592d4d140896567a3e5a14?s=96&d=mm&r=g","caption":"marisaguarneri"},"url":"https:\/\/www.diocesi.torino.it\/liturgico\/author\/marisaguarneri\/"}]}},"_links":{"self":[{"href":"https:\/\/www.diocesi.torino.it\/liturgico\/wp-json\/wp\/v2\/posts\/48761"}],"collection":[{"href":"https:\/\/www.diocesi.torino.it\/liturgico\/wp-json\/wp\/v2\/posts"}],"about":[{"href":"https:\/\/www.diocesi.torino.it\/liturgico\/wp-json\/wp\/v2\/types\/post"}],"author":[{"embeddable":true,"href":"https:\/\/www.diocesi.torino.it\/liturgico\/wp-json\/wp\/v2\/users\/12"}],"replies":[{"embeddable":true,"href":"https:\/\/www.diocesi.torino.it\/liturgico\/wp-json\/wp\/v2\/comments?post=48761"}],"version-history":[{"count":8,"href":"https:\/\/www.diocesi.torino.it\/liturgico\/wp-json\/wp\/v2\/posts\/48761\/revisions"}],"predecessor-version":[{"id":48774,"href":"https:\/\/www.diocesi.torino.it\/liturgico\/wp-json\/wp\/v2\/posts\/48761\/revisions\/48774"}],"wp:featuredmedia":[{"embeddable":true,"href":"https:\/\/www.diocesi.torino.it\/liturgico\/wp-json\/wp\/v2\/media\/48764"}],"wp:attachment":[{"href":"https:\/\/www.diocesi.torino.it\/liturgico\/wp-json\/wp\/v2\/media?parent=48761"}],"wp:term":[{"taxonomy":"category","embeddable":true,"href":"https:\/\/www.diocesi.torino.it\/liturgico\/wp-json\/wp\/v2\/categories?post=48761"},{"taxonomy":"post_tag","embeddable":true,"href":"https:\/\/www.diocesi.torino.it\/liturgico\/wp-json\/wp\/v2\/tags?post=48761"}],"curies":[{"name":"wp","href":"https:\/\/api.w.org\/{rel}","templated":true}]}}