{"id":10989,"date":"2025-06-19T09:44:52","date_gmt":"2025-06-19T07:44:52","guid":{"rendered":"https:\/\/www.diocesi.torino.it\/missionario\/?p=10989"},"modified":"2025-06-19T11:38:41","modified_gmt":"2025-06-19T09:38:41","slug":"missionari-di-speranza-tra-le-genti","status":"publish","type":"post","link":"https:\/\/www.diocesi.torino.it\/missionario\/missionari-di-speranza-tra-le-genti\/","title":{"rendered":"&#8220;Missionari di Speranza tra le genti&#8221;, messaggio del Papa per la GMM 2025"},"content":{"rendered":"<p>In un mondo lacerato dalla mancanza di relazioni, da cui scaturiscono tante delle ferite del nostro tempo, papa Francesco nel messaggio per la Giornata Missionaria Mondiale 2025 propone a tutti i battezzati di diventare <strong>Missionari di speranza tra le genti<\/strong>, ovvero \u201c<em>artigiani di speranza, restauratori di un\u2019umanit\u00e0 spesso distratta e infelice<\/em>\u201d.<br \/>\nCome comunit\u00e0 cristiana, occorre essere \u201c<em>gente di primavera, con uno sguardo sempre pieno di speranza da condividere con tutti, perch\u00e9 in Cristo crediamo e sappiamo che la morte e l\u2019odio non sono le ultime parole<\/em>\u201d.<\/p>\n<p>Per fare questo, dovremo curare il nostro \u201c<em>essere uomini e donne di preghiera<\/em>\u201d e ricordare che \u201c<em>l\u2019evangelizzazione \u00e8 sempre un processo comunitario<\/em>\u201d: nessuno pu\u00f2 salvarsi da solo e non fa parte della natura del cristiano pensare solo alla propria vita, ma sar\u00e0 sempre suo desiderio che tutti possano portare in s\u00e9 la stessa gioia, che viene dall\u2019incontro con Ges\u00f9 e dal sentirsi amati da Dio.<\/p>\n<p>Coltiviamo in noi la speranza che viene dalla Resurrezione e viviamo per far s\u00ec che tutte le genti, a partire dai nostri vicini, cos\u00ec interconnessi e cos\u00ec soli, possano avere questo orizzonte infinito nella propria vita.<\/p>\n<p>In fondo alla pagina trovate il testo completo del messaggio.<\/p>\n<hr class=\"wpba_attachment_hr\"><div id='wpba_attachment_list' class='wpba wpba-wrap'>\n<ul class='wpba-attachment-list unstyled'><li id='wpba_attachment_list_10991' class='wpba-list-item pull-left'><img src='https:\/\/www.diocesi.torino.it\/missionario\/wp-content\/themes\/wp-starter-so\/icons\/document.png' width='16' height='20' class='wpba-icon pull-left'><a href='https:\/\/www.diocesi.torino.it\/missionario\/wp-content\/uploads\/sites\/17\/2025\/06\/Messaggio-GMM-2025-papa-Francesco.pdf' title='Messaggio GMM 2025 - papa Francesco' class='wpba-link pull-left' target=\"_blank\">Messaggio GMM 2025 - papa Francesco<\/a><\/li>\n<li id='wpba_attachment_list_10992' class='wpba-list-item pull-left'><img src='https:\/\/www.diocesi.torino.it\/missionario\/wp-content\/themes\/wp-starter-so\/icons\/document.png' width='16' height='20' class='wpba-icon pull-left'><a href='https:\/\/www.diocesi.torino.it\/missionario\/wp-content\/uploads\/sites\/17\/2025\/06\/Messaggio-GMM-2025-papa-Francesco-1.pdf' title='Messaggio GMM 2025 - papa Francesco' class='wpba-link pull-left' target=\"_blank\">Messaggio GMM 2025 - papa Francesco<\/a><\/li>\n<\/ul><\/div>\n","protected":false},"excerpt":{"rendered":"<p>In un mondo lacerato dalla mancanza di relazioni, da cui scaturiscono tante delle ferite del nostro tempo, papa Francesco nel messaggio per la Giornata Missionaria Mondiale 2025 propone a tutti i battezzati di diventare Missionari di speranza tra le genti, ovvero \u201cartigiani di speranza, restauratori di un\u2019umanit\u00e0 spesso distratta e infelice\u201d. Come comunit\u00e0 cristiana, occorre essere \u201cgente di primavera, con uno sguardo sempre pieno di &hellip; <a href=\"https:\/\/www.diocesi.torino.it\/missionario\/missionari-di-speranza-tra-le-genti\/\" class=\"more-link\">Continua a leggere <span class=\"screen-reader-text\"><\/span> <span class=\"meta-nav\">&raquo;<\/span><\/a><\/p>\n","protected":false},"author":78,"featured_media":10990,"comment_status":"closed","ping_status":"closed","sticky":false,"template":"","format":"standard","meta":{"ip_address":"","user_agent":"","level":"","revision":"","cookie_id":"","page_referer":"","html_form":"","_expiration-date-status":"","_expiration-date":0,"_expiration-date-type":"","_expiration-date-categories":[],"_expiration-date-options":[]},"categories":[102,103],"tags":[],"acf":[],"yoast_head":"<!-- This site is optimized with the Yoast SEO plugin v20.8 - https:\/\/yoast.com\/wordpress\/plugins\/seo\/ -->\n<title>&quot;Missionari di Speranza tra le genti&quot;, messaggio del Papa per la GMM 2025 - Pastorale MISSIONARIA e cooperazione tra le Chiese<\/title>\n<meta name=\"robots\" content=\"index, follow, max-snippet:-1, max-image-preview:large, max-video-preview:-1\" \/>\n<link rel=\"canonical\" href=\"https:\/\/www.diocesi.torino.it\/missionario\/missionari-di-speranza-tra-le-genti\/\" \/>\n<meta property=\"og:locale\" content=\"it_IT\" \/>\n<meta property=\"og:type\" content=\"article\" \/>\n<meta property=\"og:title\" content=\"&quot;Missionari di Speranza tra le genti&quot;, messaggio del Papa per la GMM 2025 - Pastorale MISSIONARIA e cooperazione tra le Chiese\" \/>\n<meta property=\"og:description\" content=\"In un mondo lacerato dalla mancanza di relazioni, da cui scaturiscono tante delle ferite del nostro tempo, papa Francesco nel messaggio per la Giornata Missionaria Mondiale 2025 propone a tutti i battezzati di diventare Missionari di speranza tra le genti, ovvero \u201cartigiani di speranza, restauratori di un\u2019umanit\u00e0 spesso distratta e infelice\u201d. Come comunit\u00e0 cristiana, occorre essere \u201cgente di primavera, con uno sguardo sempre pieno di &hellip; Continua a leggere &raquo;\" \/>\n<meta property=\"og:url\" content=\"https:\/\/www.diocesi.torino.it\/missionario\/missionari-di-speranza-tra-le-genti\/\" \/>\n<meta property=\"og:site_name\" content=\"Pastorale MISSIONARIA e cooperazione tra le Chiese\" \/>\n<meta property=\"article:published_time\" content=\"2025-06-19T07:44:52+00:00\" \/>\n<meta property=\"article:modified_time\" content=\"2025-06-19T09:38:41+00:00\" \/>\n<meta property=\"og:image\" content=\"https:\/\/www.diocesi.torino.it\/missionario\/wp-content\/uploads\/sites\/17\/2025\/06\/Copertina-1024x800-1.jpg\" \/>\n\t<meta property=\"og:image:width\" content=\"800\" \/>\n\t<meta property=\"og:image:height\" content=\"600\" \/>\n\t<meta property=\"og:image:type\" content=\"image\/jpeg\" \/>\n<meta name=\"author\" content=\"lucaastolfi\" \/>\n<meta name=\"twitter:card\" content=\"summary_large_image\" \/>\n<meta name=\"twitter:label1\" content=\"Scritto da\" \/>\n\t<meta name=\"twitter:data1\" content=\"lucaastolfi\" \/>\n\t<meta name=\"twitter:label2\" content=\"Tempo di lettura stimato\" \/>\n\t<meta name=\"twitter:data2\" content=\"2 minuti\" \/>\n<script type=\"application\/ld+json\" class=\"yoast-schema-graph\">{\"@context\":\"https:\/\/schema.org\",\"@graph\":[{\"@type\":\"WebPage\",\"@id\":\"https:\/\/www.diocesi.torino.it\/missionario\/missionari-di-speranza-tra-le-genti\/\",\"url\":\"https:\/\/www.diocesi.torino.it\/missionario\/missionari-di-speranza-tra-le-genti\/\",\"name\":\"\\\"Missionari di Speranza tra le genti\\\", messaggio del Papa per la GMM 2025 - Pastorale MISSIONARIA e cooperazione tra le Chiese\",\"isPartOf\":{\"@id\":\"https:\/\/www.diocesi.torino.it\/missionario\/#website\"},\"datePublished\":\"2025-06-19T07:44:52+00:00\",\"dateModified\":\"2025-06-19T09:38:41+00:00\",\"author\":{\"@id\":\"https:\/\/www.diocesi.torino.it\/missionario\/#\/schema\/person\/f9d552f38a7eeecb37b07635475fc498\"},\"breadcrumb\":{\"@id\":\"https:\/\/www.diocesi.torino.it\/missionario\/missionari-di-speranza-tra-le-genti\/#breadcrumb\"},\"inLanguage\":\"it-IT\",\"potentialAction\":[{\"@type\":\"ReadAction\",\"target\":[\"https:\/\/www.diocesi.torino.it\/missionario\/missionari-di-speranza-tra-le-genti\/\"]}]},{\"@type\":\"BreadcrumbList\",\"@id\":\"https:\/\/www.diocesi.torino.it\/missionario\/missionari-di-speranza-tra-le-genti\/#breadcrumb\",\"itemListElement\":[{\"@type\":\"ListItem\",\"position\":1,\"name\":\"Home\",\"item\":\"https:\/\/www.diocesi.torino.it\/missionario\/\"},{\"@type\":\"ListItem\",\"position\":2,\"name\":\"&#8220;Missionari di Speranza tra le genti&#8221;, messaggio del Papa per la GMM 2025\"}]},{\"@type\":\"WebSite\",\"@id\":\"https:\/\/www.diocesi.torino.it\/missionario\/#website\",\"url\":\"https:\/\/www.diocesi.torino.it\/missionario\/\",\"name\":\"Pastorale MISSIONARIA e cooperazione tra le Chiese\",\"description\":\"\",\"potentialAction\":[{\"@type\":\"SearchAction\",\"target\":{\"@type\":\"EntryPoint\",\"urlTemplate\":\"https:\/\/www.diocesi.torino.it\/missionario\/?s={search_term_string}\"},\"query-input\":\"required name=search_term_string\"}],\"inLanguage\":\"it-IT\"},{\"@type\":\"Person\",\"@id\":\"https:\/\/www.diocesi.torino.it\/missionario\/#\/schema\/person\/f9d552f38a7eeecb37b07635475fc498\",\"name\":\"lucaastolfi\",\"image\":{\"@type\":\"ImageObject\",\"inLanguage\":\"it-IT\",\"@id\":\"https:\/\/www.diocesi.torino.it\/missionario\/#\/schema\/person\/image\/\",\"url\":\"https:\/\/secure.gravatar.com\/avatar\/9f6fae024c3bac415abd6bfb4b0c3f2f?s=96&d=mm&r=g\",\"contentUrl\":\"https:\/\/secure.gravatar.com\/avatar\/9f6fae024c3bac415abd6bfb4b0c3f2f?s=96&d=mm&r=g\",\"caption\":\"lucaastolfi\"},\"url\":\"https:\/\/www.diocesi.torino.it\/missionario\/author\/lucaastolfi\/\"}]}<\/script>\n<!-- \/ Yoast SEO plugin. -->","yoast_head_json":{"title":"\"Missionari di Speranza tra le genti\", messaggio del Papa per la GMM 2025 - Pastorale MISSIONARIA e cooperazione tra le Chiese","robots":{"index":"index","follow":"follow","max-snippet":"max-snippet:-1","max-image-preview":"max-image-preview:large","max-video-preview":"max-video-preview:-1"},"canonical":"https:\/\/www.diocesi.torino.it\/missionario\/missionari-di-speranza-tra-le-genti\/","og_locale":"it_IT","og_type":"article","og_title":"\"Missionari di Speranza tra le genti\", messaggio del Papa per la GMM 2025 - Pastorale MISSIONARIA e cooperazione tra le Chiese","og_description":"In un mondo lacerato dalla mancanza di relazioni, da cui scaturiscono tante delle ferite del nostro tempo, papa Francesco nel messaggio per la Giornata Missionaria Mondiale 2025 propone a tutti i battezzati di diventare Missionari di speranza tra le genti, ovvero \u201cartigiani di speranza, restauratori di un\u2019umanit\u00e0 spesso distratta e infelice\u201d. Come comunit\u00e0 cristiana, occorre essere \u201cgente di primavera, con uno sguardo sempre pieno di &hellip; Continua a leggere &raquo;","og_url":"https:\/\/www.diocesi.torino.it\/missionario\/missionari-di-speranza-tra-le-genti\/","og_site_name":"Pastorale MISSIONARIA e cooperazione tra le Chiese","article_published_time":"2025-06-19T07:44:52+00:00","article_modified_time":"2025-06-19T09:38:41+00:00","og_image":[{"width":800,"height":600,"url":"https:\/\/www.diocesi.torino.it\/missionario\/wp-content\/uploads\/sites\/17\/2025\/06\/Copertina-1024x800-1.jpg","type":"image\/jpeg"}],"author":"lucaastolfi","twitter_card":"summary_large_image","twitter_misc":{"Scritto da":"lucaastolfi","Tempo di lettura stimato":"2 minuti"},"schema":{"@context":"https:\/\/schema.org","@graph":[{"@type":"WebPage","@id":"https:\/\/www.diocesi.torino.it\/missionario\/missionari-di-speranza-tra-le-genti\/","url":"https:\/\/www.diocesi.torino.it\/missionario\/missionari-di-speranza-tra-le-genti\/","name":"\"Missionari di Speranza tra le genti\", messaggio del Papa per la GMM 2025 - Pastorale MISSIONARIA e cooperazione tra le Chiese","isPartOf":{"@id":"https:\/\/www.diocesi.torino.it\/missionario\/#website"},"datePublished":"2025-06-19T07:44:52+00:00","dateModified":"2025-06-19T09:38:41+00:00","author":{"@id":"https:\/\/www.diocesi.torino.it\/missionario\/#\/schema\/person\/f9d552f38a7eeecb37b07635475fc498"},"breadcrumb":{"@id":"https:\/\/www.diocesi.torino.it\/missionario\/missionari-di-speranza-tra-le-genti\/#breadcrumb"},"inLanguage":"it-IT","potentialAction":[{"@type":"ReadAction","target":["https:\/\/www.diocesi.torino.it\/missionario\/missionari-di-speranza-tra-le-genti\/"]}]},{"@type":"BreadcrumbList","@id":"https:\/\/www.diocesi.torino.it\/missionario\/missionari-di-speranza-tra-le-genti\/#breadcrumb","itemListElement":[{"@type":"ListItem","position":1,"name":"Home","item":"https:\/\/www.diocesi.torino.it\/missionario\/"},{"@type":"ListItem","position":2,"name":"&#8220;Missionari di Speranza tra le genti&#8221;, messaggio del Papa per la GMM 2025"}]},{"@type":"WebSite","@id":"https:\/\/www.diocesi.torino.it\/missionario\/#website","url":"https:\/\/www.diocesi.torino.it\/missionario\/","name":"Pastorale MISSIONARIA e cooperazione tra le Chiese","description":"","potentialAction":[{"@type":"SearchAction","target":{"@type":"EntryPoint","urlTemplate":"https:\/\/www.diocesi.torino.it\/missionario\/?s={search_term_string}"},"query-input":"required name=search_term_string"}],"inLanguage":"it-IT"},{"@type":"Person","@id":"https:\/\/www.diocesi.torino.it\/missionario\/#\/schema\/person\/f9d552f38a7eeecb37b07635475fc498","name":"lucaastolfi","image":{"@type":"ImageObject","inLanguage":"it-IT","@id":"https:\/\/www.diocesi.torino.it\/missionario\/#\/schema\/person\/image\/","url":"https:\/\/secure.gravatar.com\/avatar\/9f6fae024c3bac415abd6bfb4b0c3f2f?s=96&d=mm&r=g","contentUrl":"https:\/\/secure.gravatar.com\/avatar\/9f6fae024c3bac415abd6bfb4b0c3f2f?s=96&d=mm&r=g","caption":"lucaastolfi"},"url":"https:\/\/www.diocesi.torino.it\/missionario\/author\/lucaastolfi\/"}]}},"_links":{"self":[{"href":"https:\/\/www.diocesi.torino.it\/missionario\/wp-json\/wp\/v2\/posts\/10989"}],"collection":[{"href":"https:\/\/www.diocesi.torino.it\/missionario\/wp-json\/wp\/v2\/posts"}],"about":[{"href":"https:\/\/www.diocesi.torino.it\/missionario\/wp-json\/wp\/v2\/types\/post"}],"author":[{"embeddable":true,"href":"https:\/\/www.diocesi.torino.it\/missionario\/wp-json\/wp\/v2\/users\/78"}],"replies":[{"embeddable":true,"href":"https:\/\/www.diocesi.torino.it\/missionario\/wp-json\/wp\/v2\/comments?post=10989"}],"version-history":[{"count":2,"href":"https:\/\/www.diocesi.torino.it\/missionario\/wp-json\/wp\/v2\/posts\/10989\/revisions"}],"predecessor-version":[{"id":11023,"href":"https:\/\/www.diocesi.torino.it\/missionario\/wp-json\/wp\/v2\/posts\/10989\/revisions\/11023"}],"wp:featuredmedia":[{"embeddable":true,"href":"https:\/\/www.diocesi.torino.it\/missionario\/wp-json\/wp\/v2\/media\/10990"}],"wp:attachment":[{"href":"https:\/\/www.diocesi.torino.it\/missionario\/wp-json\/wp\/v2\/media?parent=10989"}],"wp:term":[{"taxonomy":"category","embeddable":true,"href":"https:\/\/www.diocesi.torino.it\/missionario\/wp-json\/wp\/v2\/categories?post=10989"},{"taxonomy":"post_tag","embeddable":true,"href":"https:\/\/www.diocesi.torino.it\/missionario\/wp-json\/wp\/v2\/tags?post=10989"}],"curies":[{"name":"wp","href":"https:\/\/api.w.org\/{rel}","templated":true}]}}