{"id":11211,"date":"2025-07-21T12:06:02","date_gmt":"2025-07-21T10:06:02","guid":{"rendered":"https:\/\/www.diocesi.torino.it\/missionario\/?p=11211"},"modified":"2025-07-21T17:53:39","modified_gmt":"2025-07-21T15:53:39","slug":"accendiamo-la-speranza","status":"publish","type":"post","link":"https:\/\/www.diocesi.torino.it\/missionario\/accendiamo-la-speranza\/","title":{"rendered":"&#8220;Accendiamo la speranza&#8221;, proposte formative per i ragazzi"},"content":{"rendered":"<p>Anche per <strong>l\u2019anno pastorale 2025\/2026<\/strong>, <strong>Missio Ragazzi<\/strong>\u00a0metter\u00e0 gratuitamente a disposizione <strong>strumenti di animazione missionaria a supporto di chi vorr\u00e0 integrarli nei vari percorsi di fede<\/strong>\u00a0o semplicemente nelle catechesi di iniziazione cristiana: la scheda \u201cSpeciale Ottobre\u201d per il mese missionario e la Novena per l\u2019Avvento; una scheda per la festa di Ognissanti; la preghiera per la Settimana Santa; \u201cUn\u2019Ave Maria per\u2026\u201d nel mese di maggio.<\/p>\n<p>Per il 2025\/2026 c\u2019\u00e8 una novit\u00e0: <strong>l\u2019offerta formativa di Missio Ragazzi<\/strong>, infatti, <strong>si integra con \u201cIl Ponte d\u2019Oro\u201d<\/strong>, la rivista della Fondazione Missio a misura dei pi\u00f9 piccoli, da sempre considerata strumento prezioso per i ragazzi missionari, sia per l\u2019educazione alla fede che per l\u2019educazione alla mondialit\u00e0.<\/p>\n<p>L\u2019\u00e9quipe nazionale e la redazione hanno, infatti, progettato insieme<strong>\u00a0<\/strong>l\u2019Itinerario formativo 2025\/2026 che trover\u00e0 ne \u201cIl Ponte d\u2019Oro\u201d la sua collocazione.<\/p>\n<p><strong>Nel numero di settembre, verranno pubblicate per intero le 5 schede (o tappe), una per ogni tempo liturgico<\/strong>, in modo che gli educatori possano impostare il cammino annuale gi\u00e0 all\u2019inizio dell\u2019anno pastorale. In ogni scheda sar\u00e0 presente: un brano della Parola di Dio e il relativo commento, riflessioni e testimonianze missionarie, dinamiche da vivere in gruppo o in famiglia, spunti di educazione alla mondialit\u00e0.<\/p>\n<p><strong>Nei numeri successivi, di volta in volta, verranno forniti approfondimenti sulla tematica dell\u2019Itinerario<\/strong>\u00a0e strumenti per una formazione dei ragazzi pi\u00f9 orientata alla missionariet\u00e0.<\/p>\n<p><strong>Il titolo scelto \u00e8 \u201cAccendiamo la Speranza\u201d<\/strong>, come lo slogan della prossima Giornata Missionaria Mondiale dei Ragazzi (GMMR): in un mondo in cui giungono da ogni parte gli \u201cappelli di speranza\u201d, i ragazzi missionari sono chiamati a rispondere concretamente, portando speranza l\u00ec dove ce n\u2019\u00e8 bisogno.<\/p>\n<p>L\u2019itinerario non si esaurir\u00e0 nel numero di settembre della rivista.\u00a0Tutti i numeri successivi previsti nell\u2019abbonamento (per un totale di 10), che ogni mese i ragazzi e gli educatori riceveranno, costituiranno l\u2019intero percorso formativo, ricchissimo di contenuti che si rinnovano: rubriche, giochi, curiosit\u00e0, storie di missione e di attualit\u00e0, per educare alla fede e alla mondialit\u00e0.<\/p>\n<p>L\u2019Itinerario formativo Missio Ragazzi 2025\/2026 \u00e8 interamente scritto a misura di ragazzo. Tuttavia, per gli animatori, sono previste pagine esplicative che, oltre alle note metodologiche, offriranno ulteriori proposte di dinamiche per animare gli incontri.<\/p>\n<p><em>Per ulteriori informazioni, per stipulare l\u2019abbonamento o per ricevere una o pi\u00f9 copie del solo numero di settembre (con il testo integrale dell\u2019Itinerario formativo 2025\/2026), ci si pu\u00f2 rivolgere<strong>\u00a0<\/strong>sin da ora al Segretariato di Missio Ragazzi scrivendo a <\/em><em><u><a href=\"mailto:ragazzi@missioitalia.it\">ragazzi@missioitalia.it<\/a><\/u><\/em><em>\u00a0o chiamando lo 06.66502644.<\/em><\/p>\n<p>Il costo dell\u2019abbonamento alla rivista non cambia, mentre il costo del solo numero di settembre \u00e8 di 2 euro a copia (pi\u00f9 le spese di spedizione).<\/p>\n<p>Il segretariato di Missio Ragazzi ricorda che <strong>l\u2019Itinerario \u00e8 pensato come un compendio a percorsi di iniziazione cristiana per bambini e ragazzi dai 6 ai 14 anni<\/strong>, compresi quelli gi\u00e0 strutturati (ACR, Scout, Araldini, ecc.).<\/p>\n<p>Lo stile che Missio propone, attraverso gli strumenti di animazione, \u00e8 infatti quello della trasversalit\u00e0. Per una pastorale sempre pi\u00f9 missionaria<\/p>\n","protected":false},"excerpt":{"rendered":"<p>Anche per l\u2019anno pastorale 2025\/2026, Missio Ragazzi\u00a0metter\u00e0 gratuitamente a disposizione strumenti di animazione missionaria a supporto di chi vorr\u00e0 integrarli nei vari percorsi di fede\u00a0o semplicemente nelle catechesi di iniziazione cristiana: la scheda \u201cSpeciale Ottobre\u201d per il mese missionario e la Novena per l\u2019Avvento; una scheda per la festa di Ognissanti; la preghiera per la Settimana Santa; \u201cUn\u2019Ave Maria per\u2026\u201d nel mese di maggio. Per &hellip; <a href=\"https:\/\/www.diocesi.torino.it\/missionario\/accendiamo-la-speranza\/\" class=\"more-link\">Continua a leggere <span class=\"screen-reader-text\"><\/span> <span class=\"meta-nav\">&raquo;<\/span><\/a><\/p>\n","protected":false},"author":78,"featured_media":11214,"comment_status":"closed","ping_status":"closed","sticky":false,"template":"","format":"standard","meta":{"ip_address":"","user_agent":"","level":"","revision":"","cookie_id":"","page_referer":"","html_form":"","_expiration-date-status":"","_expiration-date":0,"_expiration-date-type":"","_expiration-date-categories":[],"_expiration-date-options":[]},"categories":[102,103],"tags":[],"acf":[],"yoast_head":"<!-- This site is optimized with the Yoast SEO plugin v20.8 - https:\/\/yoast.com\/wordpress\/plugins\/seo\/ -->\n<title>&quot;Accendiamo la speranza&quot;, proposte formative per i ragazzi - Pastorale MISSIONARIA e cooperazione tra le Chiese<\/title>\n<meta name=\"robots\" content=\"index, follow, max-snippet:-1, max-image-preview:large, max-video-preview:-1\" \/>\n<link rel=\"canonical\" href=\"https:\/\/www.diocesi.torino.it\/missionario\/accendiamo-la-speranza\/\" \/>\n<meta property=\"og:locale\" content=\"it_IT\" \/>\n<meta property=\"og:type\" content=\"article\" \/>\n<meta property=\"og:title\" content=\"&quot;Accendiamo la speranza&quot;, proposte formative per i ragazzi - Pastorale MISSIONARIA e cooperazione tra le Chiese\" \/>\n<meta property=\"og:description\" content=\"Anche per l\u2019anno pastorale 2025\/2026, Missio Ragazzi\u00a0metter\u00e0 gratuitamente a disposizione strumenti di animazione missionaria a supporto di chi vorr\u00e0 integrarli nei vari percorsi di fede\u00a0o semplicemente nelle catechesi di iniziazione cristiana: la scheda \u201cSpeciale Ottobre\u201d per il mese missionario e la Novena per l\u2019Avvento; una scheda per la festa di Ognissanti; la preghiera per la Settimana Santa; \u201cUn\u2019Ave Maria per\u2026\u201d nel mese di maggio. Per &hellip; Continua a leggere &raquo;\" \/>\n<meta property=\"og:url\" content=\"https:\/\/www.diocesi.torino.it\/missionario\/accendiamo-la-speranza\/\" \/>\n<meta property=\"og:site_name\" content=\"Pastorale MISSIONARIA e cooperazione tra le Chiese\" \/>\n<meta property=\"article:published_time\" content=\"2025-07-21T10:06:02+00:00\" \/>\n<meta property=\"article:modified_time\" content=\"2025-07-21T15:53:39+00:00\" \/>\n<meta property=\"og:image\" content=\"https:\/\/www.diocesi.torino.it\/missionario\/wp-content\/uploads\/sites\/17\/2025\/07\/missiogiovani.jpg\" \/>\n\t<meta property=\"og:image:width\" content=\"800\" \/>\n\t<meta property=\"og:image:height\" content=\"528\" \/>\n\t<meta property=\"og:image:type\" content=\"image\/jpeg\" \/>\n<meta name=\"author\" content=\"lucaastolfi\" \/>\n<meta name=\"twitter:card\" content=\"summary_large_image\" \/>\n<meta name=\"twitter:label1\" content=\"Scritto da\" \/>\n\t<meta name=\"twitter:data1\" content=\"lucaastolfi\" \/>\n\t<meta name=\"twitter:label2\" content=\"Tempo di lettura stimato\" \/>\n\t<meta name=\"twitter:data2\" content=\"3 minuti\" \/>\n<script type=\"application\/ld+json\" class=\"yoast-schema-graph\">{\"@context\":\"https:\/\/schema.org\",\"@graph\":[{\"@type\":\"WebPage\",\"@id\":\"https:\/\/www.diocesi.torino.it\/missionario\/accendiamo-la-speranza\/\",\"url\":\"https:\/\/www.diocesi.torino.it\/missionario\/accendiamo-la-speranza\/\",\"name\":\"\\\"Accendiamo la speranza\\\", proposte formative per i ragazzi - Pastorale MISSIONARIA e cooperazione tra le Chiese\",\"isPartOf\":{\"@id\":\"https:\/\/www.diocesi.torino.it\/missionario\/#website\"},\"datePublished\":\"2025-07-21T10:06:02+00:00\",\"dateModified\":\"2025-07-21T15:53:39+00:00\",\"author\":{\"@id\":\"https:\/\/www.diocesi.torino.it\/missionario\/#\/schema\/person\/f9d552f38a7eeecb37b07635475fc498\"},\"breadcrumb\":{\"@id\":\"https:\/\/www.diocesi.torino.it\/missionario\/accendiamo-la-speranza\/#breadcrumb\"},\"inLanguage\":\"it-IT\",\"potentialAction\":[{\"@type\":\"ReadAction\",\"target\":[\"https:\/\/www.diocesi.torino.it\/missionario\/accendiamo-la-speranza\/\"]}]},{\"@type\":\"BreadcrumbList\",\"@id\":\"https:\/\/www.diocesi.torino.it\/missionario\/accendiamo-la-speranza\/#breadcrumb\",\"itemListElement\":[{\"@type\":\"ListItem\",\"position\":1,\"name\":\"Home\",\"item\":\"https:\/\/www.diocesi.torino.it\/missionario\/\"},{\"@type\":\"ListItem\",\"position\":2,\"name\":\"&#8220;Accendiamo la speranza&#8221;, proposte formative per i ragazzi\"}]},{\"@type\":\"WebSite\",\"@id\":\"https:\/\/www.diocesi.torino.it\/missionario\/#website\",\"url\":\"https:\/\/www.diocesi.torino.it\/missionario\/\",\"name\":\"Pastorale MISSIONARIA e cooperazione tra le Chiese\",\"description\":\"\",\"potentialAction\":[{\"@type\":\"SearchAction\",\"target\":{\"@type\":\"EntryPoint\",\"urlTemplate\":\"https:\/\/www.diocesi.torino.it\/missionario\/?s={search_term_string}\"},\"query-input\":\"required name=search_term_string\"}],\"inLanguage\":\"it-IT\"},{\"@type\":\"Person\",\"@id\":\"https:\/\/www.diocesi.torino.it\/missionario\/#\/schema\/person\/f9d552f38a7eeecb37b07635475fc498\",\"name\":\"lucaastolfi\",\"image\":{\"@type\":\"ImageObject\",\"inLanguage\":\"it-IT\",\"@id\":\"https:\/\/www.diocesi.torino.it\/missionario\/#\/schema\/person\/image\/\",\"url\":\"https:\/\/secure.gravatar.com\/avatar\/9f6fae024c3bac415abd6bfb4b0c3f2f?s=96&d=mm&r=g\",\"contentUrl\":\"https:\/\/secure.gravatar.com\/avatar\/9f6fae024c3bac415abd6bfb4b0c3f2f?s=96&d=mm&r=g\",\"caption\":\"lucaastolfi\"},\"url\":\"https:\/\/www.diocesi.torino.it\/missionario\/author\/lucaastolfi\/\"}]}<\/script>\n<!-- \/ Yoast SEO plugin. -->","yoast_head_json":{"title":"\"Accendiamo la speranza\", proposte formative per i ragazzi - Pastorale MISSIONARIA e cooperazione tra le Chiese","robots":{"index":"index","follow":"follow","max-snippet":"max-snippet:-1","max-image-preview":"max-image-preview:large","max-video-preview":"max-video-preview:-1"},"canonical":"https:\/\/www.diocesi.torino.it\/missionario\/accendiamo-la-speranza\/","og_locale":"it_IT","og_type":"article","og_title":"\"Accendiamo la speranza\", proposte formative per i ragazzi - Pastorale MISSIONARIA e cooperazione tra le Chiese","og_description":"Anche per l\u2019anno pastorale 2025\/2026, Missio Ragazzi\u00a0metter\u00e0 gratuitamente a disposizione strumenti di animazione missionaria a supporto di chi vorr\u00e0 integrarli nei vari percorsi di fede\u00a0o semplicemente nelle catechesi di iniziazione cristiana: la scheda \u201cSpeciale Ottobre\u201d per il mese missionario e la Novena per l\u2019Avvento; una scheda per la festa di Ognissanti; la preghiera per la Settimana Santa; \u201cUn\u2019Ave Maria per\u2026\u201d nel mese di maggio. Per &hellip; Continua a leggere &raquo;","og_url":"https:\/\/www.diocesi.torino.it\/missionario\/accendiamo-la-speranza\/","og_site_name":"Pastorale MISSIONARIA e cooperazione tra le Chiese","article_published_time":"2025-07-21T10:06:02+00:00","article_modified_time":"2025-07-21T15:53:39+00:00","og_image":[{"width":800,"height":528,"url":"https:\/\/www.diocesi.torino.it\/missionario\/wp-content\/uploads\/sites\/17\/2025\/07\/missiogiovani.jpg","type":"image\/jpeg"}],"author":"lucaastolfi","twitter_card":"summary_large_image","twitter_misc":{"Scritto da":"lucaastolfi","Tempo di lettura stimato":"3 minuti"},"schema":{"@context":"https:\/\/schema.org","@graph":[{"@type":"WebPage","@id":"https:\/\/www.diocesi.torino.it\/missionario\/accendiamo-la-speranza\/","url":"https:\/\/www.diocesi.torino.it\/missionario\/accendiamo-la-speranza\/","name":"\"Accendiamo la speranza\", proposte formative per i ragazzi - Pastorale MISSIONARIA e cooperazione tra le Chiese","isPartOf":{"@id":"https:\/\/www.diocesi.torino.it\/missionario\/#website"},"datePublished":"2025-07-21T10:06:02+00:00","dateModified":"2025-07-21T15:53:39+00:00","author":{"@id":"https:\/\/www.diocesi.torino.it\/missionario\/#\/schema\/person\/f9d552f38a7eeecb37b07635475fc498"},"breadcrumb":{"@id":"https:\/\/www.diocesi.torino.it\/missionario\/accendiamo-la-speranza\/#breadcrumb"},"inLanguage":"it-IT","potentialAction":[{"@type":"ReadAction","target":["https:\/\/www.diocesi.torino.it\/missionario\/accendiamo-la-speranza\/"]}]},{"@type":"BreadcrumbList","@id":"https:\/\/www.diocesi.torino.it\/missionario\/accendiamo-la-speranza\/#breadcrumb","itemListElement":[{"@type":"ListItem","position":1,"name":"Home","item":"https:\/\/www.diocesi.torino.it\/missionario\/"},{"@type":"ListItem","position":2,"name":"&#8220;Accendiamo la speranza&#8221;, proposte formative per i ragazzi"}]},{"@type":"WebSite","@id":"https:\/\/www.diocesi.torino.it\/missionario\/#website","url":"https:\/\/www.diocesi.torino.it\/missionario\/","name":"Pastorale MISSIONARIA e cooperazione tra le Chiese","description":"","potentialAction":[{"@type":"SearchAction","target":{"@type":"EntryPoint","urlTemplate":"https:\/\/www.diocesi.torino.it\/missionario\/?s={search_term_string}"},"query-input":"required name=search_term_string"}],"inLanguage":"it-IT"},{"@type":"Person","@id":"https:\/\/www.diocesi.torino.it\/missionario\/#\/schema\/person\/f9d552f38a7eeecb37b07635475fc498","name":"lucaastolfi","image":{"@type":"ImageObject","inLanguage":"it-IT","@id":"https:\/\/www.diocesi.torino.it\/missionario\/#\/schema\/person\/image\/","url":"https:\/\/secure.gravatar.com\/avatar\/9f6fae024c3bac415abd6bfb4b0c3f2f?s=96&d=mm&r=g","contentUrl":"https:\/\/secure.gravatar.com\/avatar\/9f6fae024c3bac415abd6bfb4b0c3f2f?s=96&d=mm&r=g","caption":"lucaastolfi"},"url":"https:\/\/www.diocesi.torino.it\/missionario\/author\/lucaastolfi\/"}]}},"_links":{"self":[{"href":"https:\/\/www.diocesi.torino.it\/missionario\/wp-json\/wp\/v2\/posts\/11211"}],"collection":[{"href":"https:\/\/www.diocesi.torino.it\/missionario\/wp-json\/wp\/v2\/posts"}],"about":[{"href":"https:\/\/www.diocesi.torino.it\/missionario\/wp-json\/wp\/v2\/types\/post"}],"author":[{"embeddable":true,"href":"https:\/\/www.diocesi.torino.it\/missionario\/wp-json\/wp\/v2\/users\/78"}],"replies":[{"embeddable":true,"href":"https:\/\/www.diocesi.torino.it\/missionario\/wp-json\/wp\/v2\/comments?post=11211"}],"version-history":[{"count":2,"href":"https:\/\/www.diocesi.torino.it\/missionario\/wp-json\/wp\/v2\/posts\/11211\/revisions"}],"predecessor-version":[{"id":11215,"href":"https:\/\/www.diocesi.torino.it\/missionario\/wp-json\/wp\/v2\/posts\/11211\/revisions\/11215"}],"wp:featuredmedia":[{"embeddable":true,"href":"https:\/\/www.diocesi.torino.it\/missionario\/wp-json\/wp\/v2\/media\/11214"}],"wp:attachment":[{"href":"https:\/\/www.diocesi.torino.it\/missionario\/wp-json\/wp\/v2\/media?parent=11211"}],"wp:term":[{"taxonomy":"category","embeddable":true,"href":"https:\/\/www.diocesi.torino.it\/missionario\/wp-json\/wp\/v2\/categories?post=11211"},{"taxonomy":"post_tag","embeddable":true,"href":"https:\/\/www.diocesi.torino.it\/missionario\/wp-json\/wp\/v2\/tags?post=11211"}],"curies":[{"name":"wp","href":"https:\/\/api.w.org\/{rel}","templated":true}]}}