{"id":11776,"date":"2025-09-22T14:38:31","date_gmt":"2025-09-22T12:38:31","guid":{"rendered":"https:\/\/www.diocesi.torino.it\/missionario\/?p=11776"},"modified":"2025-09-22T14:38:31","modified_gmt":"2025-09-22T12:38:31","slug":"una-finestra-sul-mondo","status":"publish","type":"post","link":"https:\/\/www.diocesi.torino.it\/missionario\/una-finestra-sul-mondo\/","title":{"rendered":"UNA FINESTRA SUL MONDO"},"content":{"rendered":"<p>Fanno parte integrante del\u00a0<strong>materiale di animazione missionaria che Missio Ragazzi ha ideato per l\u2019anno pastorale 2025\/2026<\/strong>\u00a0e messo a disposizione con l\u2019Itinerario formativo annuale appena uscito, organizzato in cinque tappe, una per ogni tempo liturgico (clicca\u00a0<a href=\"https:\/\/www.missioitalia.it\/litinerario-formativo-missio-ragazzi-2025-2026-su-il-ponte-doro-di-settembre\/\">qui<\/a>\u00a0per approfondire): sono le\u00a0<strong>cinque video-testimonianze in cartoon<\/strong>\u00a0che accompagnano il cammino \u201cAccendiamo la speranza\u201d da vivere per un intero anno, di tappa in tappa, dall\u2019Ottobre missionario al Tempo di Pasqua.<\/p>\n<p>Ogni\u00a0<strong>testimonianza, contenuta nella sezione \u201cFinestra sul mondo\u201d delle cinque tappe che compongono l\u2019Itinerario formativo Missio Ragazzi 2025\/2026<\/strong>, \u00e8 diventata anche un video-cartoon con le illustrazioni e il montaggio di Saverio Penati e l\u2019adattamento dei testi a cura di Loredana Brigante.<\/p>\n<p>Cos\u00ec,\u00a0<strong>dalla Papua Nuova Guinea, suor Anna Pigozzo<\/strong>, missionaria della Fraternit\u00e0 della Trasfigurazione, racconta la sua esperienza di vita e fede tra sfide e speranza. Nel cartoon la religiosa lancia un messaggio autentico per incoraggiare i pi\u00f9 giovani a non arrendersi, anche quando la strada sembra difficile.<\/p>\n<p><strong>Da Cuba don Efrem Lazzaroni<\/strong>, sacerdote fidei donum della diocesi di Bergamo, descrive la sua vita tra blackout quotidiani, povert\u00e0 e una fede che resiste a ogni difficolt\u00e0. Anche al buio, la comunit\u00e0 si riunisce per celebrare e trovare nella luce di Ges\u00f9 una speranza che non si spegne. Un messaggio forte e autentico per riflettere su ci\u00f2 che davvero conta.<\/p>\n<p>La terza video-testimonianza arriva dal continente europeo. A parlare \u00e8\u00a0<strong>padre Giovanni Piumatti, rientrato in Italia dopo 50 anni di missione in Repubblica Democratica del Congo<\/strong>. Con una riflessione profonda e provocatoria sul mondo iperconnesso in cui viviamo, invita a riscoprire la bellezza dell\u2019incontro vero, fatto di presenza, sguardi e cammino insieme. Un messaggio prezioso per i ragazzi di oggi, alla ricerca di senso e relazioni autentiche.<\/p>\n<p><strong>Dall\u2019Asia suor Marinei Pessanha Alves<\/strong>, missionaria dell\u2019Immacolata, racconta il suo impegno a Hong Kong al fianco dei \u201csenza fissa dimora\u201d: un\u2019esperienza concreta di carit\u00e0 che coinvolge giovani, anziani e intere comunit\u00e0 in un servizio che accende speranza. Il video-cartoon a lei dedicato invita a essere \u201cluce contagiosa\u201d, capace di ispirare e trasformare il mondo, un gesto alla volta.<\/p>\n<p>Infine, dall\u2019Africa, ecco la testimonianza di\u00a0<strong>padre Stefano Camerlengo, missionario della Consolata in Costa d\u2019Avorio<\/strong>, dove il fuoco \u00e8 simbolo di vita, incontro e crescita. Attraverso i riti locali e le celebrazioni cristiane, scopriamo come il fuoco diventi segno della presenza di Ges\u00f9 e della missione che ciascuno \u00e8 chiamato a vivere. Un invito forte ai ragazzi: lasciatevi accendere dal fuoco della fede e siate luce viva per chi vi sta accanto.<\/p>\n<p><em>I cinque video-cartoon sono disponibili sul canale YouTube della Fondazione Missio o <a href=\"https:\/\/www.missioitalia.it\/s-videogallery\/\">qui<\/a>.<\/em><\/p>\n","protected":false},"excerpt":{"rendered":"<p>Fanno parte integrante del\u00a0materiale di animazione missionaria che Missio Ragazzi ha ideato per l\u2019anno pastorale 2025\/2026\u00a0e messo a disposizione con l\u2019Itinerario formativo annuale appena uscito, organizzato in cinque tappe, una per ogni tempo liturgico (clicca\u00a0qui\u00a0per approfondire): sono le\u00a0cinque video-testimonianze in cartoon\u00a0che accompagnano il cammino \u201cAccendiamo la speranza\u201d da vivere per un intero anno, di tappa in tappa, dall\u2019Ottobre missionario al Tempo di Pasqua. Ogni\u00a0testimonianza, contenuta &hellip; <a href=\"https:\/\/www.diocesi.torino.it\/missionario\/una-finestra-sul-mondo\/\" class=\"more-link\">Continua a leggere <span class=\"screen-reader-text\"><\/span> <span class=\"meta-nav\">&raquo;<\/span><\/a><\/p>\n","protected":false},"author":78,"featured_media":11777,"comment_status":"closed","ping_status":"closed","sticky":false,"template":"","format":"standard","meta":{"ip_address":"","user_agent":"","level":"","revision":"","cookie_id":"","page_referer":"","html_form":"","_expiration-date-status":"","_expiration-date":0,"_expiration-date-type":"","_expiration-date-categories":[],"_expiration-date-options":[]},"categories":[102,103],"tags":[],"acf":[],"yoast_head":"<!-- This site is optimized with the Yoast SEO plugin v20.8 - https:\/\/yoast.com\/wordpress\/plugins\/seo\/ -->\n<title>UNA FINESTRA SUL MONDO - Pastorale MISSIONARIA e cooperazione tra le Chiese<\/title>\n<meta name=\"robots\" content=\"index, follow, max-snippet:-1, max-image-preview:large, max-video-preview:-1\" \/>\n<link rel=\"canonical\" href=\"https:\/\/www.diocesi.torino.it\/missionario\/una-finestra-sul-mondo\/\" \/>\n<meta property=\"og:locale\" content=\"it_IT\" \/>\n<meta property=\"og:type\" content=\"article\" \/>\n<meta property=\"og:title\" content=\"UNA FINESTRA SUL MONDO - Pastorale MISSIONARIA e cooperazione tra le Chiese\" \/>\n<meta property=\"og:description\" content=\"Fanno parte integrante del\u00a0materiale di animazione missionaria che Missio Ragazzi ha ideato per l\u2019anno pastorale 2025\/2026\u00a0e messo a disposizione con l\u2019Itinerario formativo annuale appena uscito, organizzato in cinque tappe, una per ogni tempo liturgico (clicca\u00a0qui\u00a0per approfondire): sono le\u00a0cinque video-testimonianze in cartoon\u00a0che accompagnano il cammino \u201cAccendiamo la speranza\u201d da vivere per un intero anno, di tappa in tappa, dall\u2019Ottobre missionario al Tempo di Pasqua. Ogni\u00a0testimonianza, contenuta &hellip; Continua a leggere &raquo;\" \/>\n<meta property=\"og:url\" content=\"https:\/\/www.diocesi.torino.it\/missionario\/una-finestra-sul-mondo\/\" \/>\n<meta property=\"og:site_name\" content=\"Pastorale MISSIONARIA e cooperazione tra le Chiese\" \/>\n<meta property=\"article:published_time\" content=\"2025-09-22T12:38:31+00:00\" \/>\n<meta property=\"og:image\" content=\"https:\/\/www.diocesi.torino.it\/missionario\/wp-content\/uploads\/sites\/17\/2025\/09\/Copertina-Video-Missio-Ragazzi-1024x800-1.jpg\" \/>\n\t<meta property=\"og:image:width\" content=\"800\" \/>\n\t<meta property=\"og:image:height\" content=\"600\" \/>\n\t<meta property=\"og:image:type\" content=\"image\/jpeg\" \/>\n<meta name=\"author\" content=\"lucaastolfi\" \/>\n<meta name=\"twitter:card\" content=\"summary_large_image\" \/>\n<meta name=\"twitter:label1\" content=\"Scritto da\" \/>\n\t<meta name=\"twitter:data1\" content=\"lucaastolfi\" \/>\n\t<meta name=\"twitter:label2\" content=\"Tempo di lettura stimato\" \/>\n\t<meta name=\"twitter:data2\" content=\"3 minuti\" \/>\n<script type=\"application\/ld+json\" class=\"yoast-schema-graph\">{\"@context\":\"https:\/\/schema.org\",\"@graph\":[{\"@type\":\"WebPage\",\"@id\":\"https:\/\/www.diocesi.torino.it\/missionario\/una-finestra-sul-mondo\/\",\"url\":\"https:\/\/www.diocesi.torino.it\/missionario\/una-finestra-sul-mondo\/\",\"name\":\"UNA FINESTRA SUL MONDO - Pastorale MISSIONARIA e cooperazione tra le Chiese\",\"isPartOf\":{\"@id\":\"https:\/\/www.diocesi.torino.it\/missionario\/#website\"},\"datePublished\":\"2025-09-22T12:38:31+00:00\",\"dateModified\":\"2025-09-22T12:38:31+00:00\",\"author\":{\"@id\":\"https:\/\/www.diocesi.torino.it\/missionario\/#\/schema\/person\/f9d552f38a7eeecb37b07635475fc498\"},\"breadcrumb\":{\"@id\":\"https:\/\/www.diocesi.torino.it\/missionario\/una-finestra-sul-mondo\/#breadcrumb\"},\"inLanguage\":\"it-IT\",\"potentialAction\":[{\"@type\":\"ReadAction\",\"target\":[\"https:\/\/www.diocesi.torino.it\/missionario\/una-finestra-sul-mondo\/\"]}]},{\"@type\":\"BreadcrumbList\",\"@id\":\"https:\/\/www.diocesi.torino.it\/missionario\/una-finestra-sul-mondo\/#breadcrumb\",\"itemListElement\":[{\"@type\":\"ListItem\",\"position\":1,\"name\":\"Home\",\"item\":\"https:\/\/www.diocesi.torino.it\/missionario\/\"},{\"@type\":\"ListItem\",\"position\":2,\"name\":\"UNA FINESTRA SUL MONDO\"}]},{\"@type\":\"WebSite\",\"@id\":\"https:\/\/www.diocesi.torino.it\/missionario\/#website\",\"url\":\"https:\/\/www.diocesi.torino.it\/missionario\/\",\"name\":\"Pastorale MISSIONARIA e cooperazione tra le Chiese\",\"description\":\"\",\"potentialAction\":[{\"@type\":\"SearchAction\",\"target\":{\"@type\":\"EntryPoint\",\"urlTemplate\":\"https:\/\/www.diocesi.torino.it\/missionario\/?s={search_term_string}\"},\"query-input\":\"required name=search_term_string\"}],\"inLanguage\":\"it-IT\"},{\"@type\":\"Person\",\"@id\":\"https:\/\/www.diocesi.torino.it\/missionario\/#\/schema\/person\/f9d552f38a7eeecb37b07635475fc498\",\"name\":\"lucaastolfi\",\"image\":{\"@type\":\"ImageObject\",\"inLanguage\":\"it-IT\",\"@id\":\"https:\/\/www.diocesi.torino.it\/missionario\/#\/schema\/person\/image\/\",\"url\":\"https:\/\/secure.gravatar.com\/avatar\/9f6fae024c3bac415abd6bfb4b0c3f2f?s=96&d=mm&r=g\",\"contentUrl\":\"https:\/\/secure.gravatar.com\/avatar\/9f6fae024c3bac415abd6bfb4b0c3f2f?s=96&d=mm&r=g\",\"caption\":\"lucaastolfi\"},\"url\":\"https:\/\/www.diocesi.torino.it\/missionario\/author\/lucaastolfi\/\"}]}<\/script>\n<!-- \/ Yoast SEO plugin. -->","yoast_head_json":{"title":"UNA FINESTRA SUL MONDO - Pastorale MISSIONARIA e cooperazione tra le Chiese","robots":{"index":"index","follow":"follow","max-snippet":"max-snippet:-1","max-image-preview":"max-image-preview:large","max-video-preview":"max-video-preview:-1"},"canonical":"https:\/\/www.diocesi.torino.it\/missionario\/una-finestra-sul-mondo\/","og_locale":"it_IT","og_type":"article","og_title":"UNA FINESTRA SUL MONDO - Pastorale MISSIONARIA e cooperazione tra le Chiese","og_description":"Fanno parte integrante del\u00a0materiale di animazione missionaria che Missio Ragazzi ha ideato per l\u2019anno pastorale 2025\/2026\u00a0e messo a disposizione con l\u2019Itinerario formativo annuale appena uscito, organizzato in cinque tappe, una per ogni tempo liturgico (clicca\u00a0qui\u00a0per approfondire): sono le\u00a0cinque video-testimonianze in cartoon\u00a0che accompagnano il cammino \u201cAccendiamo la speranza\u201d da vivere per un intero anno, di tappa in tappa, dall\u2019Ottobre missionario al Tempo di Pasqua. Ogni\u00a0testimonianza, contenuta &hellip; Continua a leggere &raquo;","og_url":"https:\/\/www.diocesi.torino.it\/missionario\/una-finestra-sul-mondo\/","og_site_name":"Pastorale MISSIONARIA e cooperazione tra le Chiese","article_published_time":"2025-09-22T12:38:31+00:00","og_image":[{"width":800,"height":600,"url":"https:\/\/www.diocesi.torino.it\/missionario\/wp-content\/uploads\/sites\/17\/2025\/09\/Copertina-Video-Missio-Ragazzi-1024x800-1.jpg","type":"image\/jpeg"}],"author":"lucaastolfi","twitter_card":"summary_large_image","twitter_misc":{"Scritto da":"lucaastolfi","Tempo di lettura stimato":"3 minuti"},"schema":{"@context":"https:\/\/schema.org","@graph":[{"@type":"WebPage","@id":"https:\/\/www.diocesi.torino.it\/missionario\/una-finestra-sul-mondo\/","url":"https:\/\/www.diocesi.torino.it\/missionario\/una-finestra-sul-mondo\/","name":"UNA FINESTRA SUL MONDO - Pastorale MISSIONARIA e cooperazione tra le Chiese","isPartOf":{"@id":"https:\/\/www.diocesi.torino.it\/missionario\/#website"},"datePublished":"2025-09-22T12:38:31+00:00","dateModified":"2025-09-22T12:38:31+00:00","author":{"@id":"https:\/\/www.diocesi.torino.it\/missionario\/#\/schema\/person\/f9d552f38a7eeecb37b07635475fc498"},"breadcrumb":{"@id":"https:\/\/www.diocesi.torino.it\/missionario\/una-finestra-sul-mondo\/#breadcrumb"},"inLanguage":"it-IT","potentialAction":[{"@type":"ReadAction","target":["https:\/\/www.diocesi.torino.it\/missionario\/una-finestra-sul-mondo\/"]}]},{"@type":"BreadcrumbList","@id":"https:\/\/www.diocesi.torino.it\/missionario\/una-finestra-sul-mondo\/#breadcrumb","itemListElement":[{"@type":"ListItem","position":1,"name":"Home","item":"https:\/\/www.diocesi.torino.it\/missionario\/"},{"@type":"ListItem","position":2,"name":"UNA FINESTRA SUL MONDO"}]},{"@type":"WebSite","@id":"https:\/\/www.diocesi.torino.it\/missionario\/#website","url":"https:\/\/www.diocesi.torino.it\/missionario\/","name":"Pastorale MISSIONARIA e cooperazione tra le Chiese","description":"","potentialAction":[{"@type":"SearchAction","target":{"@type":"EntryPoint","urlTemplate":"https:\/\/www.diocesi.torino.it\/missionario\/?s={search_term_string}"},"query-input":"required name=search_term_string"}],"inLanguage":"it-IT"},{"@type":"Person","@id":"https:\/\/www.diocesi.torino.it\/missionario\/#\/schema\/person\/f9d552f38a7eeecb37b07635475fc498","name":"lucaastolfi","image":{"@type":"ImageObject","inLanguage":"it-IT","@id":"https:\/\/www.diocesi.torino.it\/missionario\/#\/schema\/person\/image\/","url":"https:\/\/secure.gravatar.com\/avatar\/9f6fae024c3bac415abd6bfb4b0c3f2f?s=96&d=mm&r=g","contentUrl":"https:\/\/secure.gravatar.com\/avatar\/9f6fae024c3bac415abd6bfb4b0c3f2f?s=96&d=mm&r=g","caption":"lucaastolfi"},"url":"https:\/\/www.diocesi.torino.it\/missionario\/author\/lucaastolfi\/"}]}},"_links":{"self":[{"href":"https:\/\/www.diocesi.torino.it\/missionario\/wp-json\/wp\/v2\/posts\/11776"}],"collection":[{"href":"https:\/\/www.diocesi.torino.it\/missionario\/wp-json\/wp\/v2\/posts"}],"about":[{"href":"https:\/\/www.diocesi.torino.it\/missionario\/wp-json\/wp\/v2\/types\/post"}],"author":[{"embeddable":true,"href":"https:\/\/www.diocesi.torino.it\/missionario\/wp-json\/wp\/v2\/users\/78"}],"replies":[{"embeddable":true,"href":"https:\/\/www.diocesi.torino.it\/missionario\/wp-json\/wp\/v2\/comments?post=11776"}],"version-history":[{"count":1,"href":"https:\/\/www.diocesi.torino.it\/missionario\/wp-json\/wp\/v2\/posts\/11776\/revisions"}],"predecessor-version":[{"id":11778,"href":"https:\/\/www.diocesi.torino.it\/missionario\/wp-json\/wp\/v2\/posts\/11776\/revisions\/11778"}],"wp:featuredmedia":[{"embeddable":true,"href":"https:\/\/www.diocesi.torino.it\/missionario\/wp-json\/wp\/v2\/media\/11777"}],"wp:attachment":[{"href":"https:\/\/www.diocesi.torino.it\/missionario\/wp-json\/wp\/v2\/media?parent=11776"}],"wp:term":[{"taxonomy":"category","embeddable":true,"href":"https:\/\/www.diocesi.torino.it\/missionario\/wp-json\/wp\/v2\/categories?post=11776"},{"taxonomy":"post_tag","embeddable":true,"href":"https:\/\/www.diocesi.torino.it\/missionario\/wp-json\/wp\/v2\/tags?post=11776"}],"curies":[{"name":"wp","href":"https:\/\/api.w.org\/{rel}","templated":true}]}}