{"id":14187,"date":"2026-01-24T16:28:27","date_gmt":"2026-01-24T15:28:27","guid":{"rendered":"https:\/\/www.diocesi.torino.it\/missionario\/?p=14187"},"modified":"2026-01-28T16:31:46","modified_gmt":"2026-01-28T15:31:46","slug":"accendi-il-wi-fi","status":"publish","type":"post","link":"https:\/\/www.diocesi.torino.it\/missionario\/accendi-il-wi-fi\/","title":{"rendered":"ACCENDI IL WI-FI"},"content":{"rendered":"<p>Si intitola\u00a0<strong>\u201cAccendi il Wi-Fi\u201d <\/strong>la terza tappa <strong>dell\u2019Itinerario formativo 2025\/2026 di Missio Ragazzi<\/strong>, ideato per l\u2019animazione missionaria di bambini e preadolescenti, pensata per il\u00a0<strong>Tempo Ordinario tra Natale e Quaresima<\/strong>.<\/p>\n<p><em>Il titolo scelto per l\u2019Itinerario formativo 2025\/2026 di Missio Ragazzi \u00e8 \u201cAccendiamo la Speranza\u201d: in un mondo in cui giungono da ogni parte gli \u201cappelli di speranza\u201d, i ragazzi missionari sono chiamati a rispondere concretamente, portando speranza l\u00ec dove ce n\u2019\u00e8 bisogno.<\/em><\/p>\n<p>La Parola di Dio di riferimento \u00e8 un brano della\u00a0<strong>prima lettera di san Paolo ai Corinzi<\/strong>, al capitolo 12, versetti 12 e 26, e la meditazione \u2013 a misura di bambini \u2013 \u00e8 a cura di Loredana Brigante, collaboratrice dell\u2019<em>\u00e9quipe<\/em>\u00a0nazionale Missio Ragazzi.<\/p>\n<p>A seguire viene proposta la\u00a0<strong>sezione \u201cScopri tra le righe\u201d<\/strong>\u00a0con una riflessione di un\u00a0<strong>testimone di speranza<\/strong>\u00a0e un gioco enigmistico per evidenziare un concetto-chiave.<\/p>\n<p>La <strong>testimonianza missionaria<\/strong>, che per la tappa del Tempo Ordinario arriva da <strong>don Giovanni Piumatti<\/strong>, sacerdote della diocesi di Pinerolo (TO), missionario in Africa per 50 anni. Rientrato in Italia, condivide alcune riflessioni sullo stile di vita dei ragazzi italiani di oggi.<\/p>\n<p>Infine, la\u00a0<strong>risposta all\u2019\u201cAppello di speranza\u201d lanciato dal continente europeo<\/strong>: la dipendenza da videogiochi, tv, smartphone, tablet, da parte dei bambini, che invece dovrebbero giocare di pi\u00f9 all\u2019aria aperta. E\u2019 possibile reagire facendo qualcosa? Nella sezione\u00a0<strong>\u201cRispondi con speranza\u201d <\/strong>trovi alcune idee con la proposta di attivit\u00e0 da realizzare insieme nel gruppo di ragazzi\u00a0(catechismo, scout, ACR, ecc.) o in famiglia.<\/p>\n<p><em>L\u2019Itinerario di Missio Ragazzi \u00e8 ideato e scritto a misura di bambini, ma \u00e8 anche molto prezioso per gli educatori che vogliono seguirlo e usarlo nella sua interezza oppure estrarvi idee e contenuti per l\u2019educazione alla fede e alla mondialit\u00e0, utilizzabili da tutte le realt\u00e0 ecclesiali impegnate con i ragazzi, che credono sia importante aprire gli occhi e il cuore al mondo.<\/em><\/p>\n<p>E\u2019 uscito sul numero di settembre 2025 de \u201cIl Ponte d\u2019Oro\u201d (rivista per ragazzi della Fondazione Missio), ma non si esaurisce l\u00ec:\u00a0si arricchisce con i numeri successivi della rivista dove \u00e8 possibile trovare nuovi contenuti, di mese in mese, come rubriche, giochi, curiosit\u00e0, storie di missione e di attualit\u00e0.<\/p>\n","protected":false},"excerpt":{"rendered":"<p>Si intitola\u00a0\u201cAccendi il Wi-Fi\u201d la terza tappa dell\u2019Itinerario formativo 2025\/2026 di Missio Ragazzi, ideato per l\u2019animazione missionaria di bambini e preadolescenti, pensata per il\u00a0Tempo Ordinario tra Natale e Quaresima. Il titolo scelto per l\u2019Itinerario formativo 2025\/2026 di Missio Ragazzi \u00e8 \u201cAccendiamo la Speranza\u201d: in un mondo in cui giungono da ogni parte gli \u201cappelli di speranza\u201d, i ragazzi missionari sono chiamati a rispondere concretamente, portando &hellip; <a href=\"https:\/\/www.diocesi.torino.it\/missionario\/accendi-il-wi-fi\/\" class=\"more-link\">Continua a leggere <span class=\"screen-reader-text\"><\/span> <span class=\"meta-nav\">&raquo;<\/span><\/a><\/p>\n","protected":false},"author":78,"featured_media":14188,"comment_status":"closed","ping_status":"closed","sticky":false,"template":"","format":"standard","meta":{"ip_address":"","user_agent":"","level":"","revision":"","cookie_id":"","page_referer":"","html_form":"","_expiration-date-status":"","_expiration-date":0,"_expiration-date-type":"","_expiration-date-categories":[],"_expiration-date-options":[]},"categories":[102,103],"tags":[],"acf":[],"yoast_head":"<!-- This site is optimized with the Yoast SEO plugin v20.8 - https:\/\/yoast.com\/wordpress\/plugins\/seo\/ -->\n<title>ACCENDI IL WI-FI - Pastorale MISSIONARIA e cooperazione tra le Chiese<\/title>\n<meta name=\"robots\" content=\"index, follow, max-snippet:-1, max-image-preview:large, max-video-preview:-1\" \/>\n<link rel=\"canonical\" href=\"https:\/\/www.diocesi.torino.it\/missionario\/accendi-il-wi-fi\/\" \/>\n<meta property=\"og:locale\" content=\"it_IT\" \/>\n<meta property=\"og:type\" content=\"article\" \/>\n<meta property=\"og:title\" content=\"ACCENDI IL WI-FI - Pastorale MISSIONARIA e cooperazione tra le Chiese\" \/>\n<meta property=\"og:description\" content=\"Si intitola\u00a0\u201cAccendi il Wi-Fi\u201d la terza tappa dell\u2019Itinerario formativo 2025\/2026 di Missio Ragazzi, ideato per l\u2019animazione missionaria di bambini e preadolescenti, pensata per il\u00a0Tempo Ordinario tra Natale e Quaresima. Il titolo scelto per l\u2019Itinerario formativo 2025\/2026 di Missio Ragazzi \u00e8 \u201cAccendiamo la Speranza\u201d: in un mondo in cui giungono da ogni parte gli \u201cappelli di speranza\u201d, i ragazzi missionari sono chiamati a rispondere concretamente, portando &hellip; Continua a leggere &raquo;\" \/>\n<meta property=\"og:url\" content=\"https:\/\/www.diocesi.torino.it\/missionario\/accendi-il-wi-fi\/\" \/>\n<meta property=\"og:site_name\" content=\"Pastorale MISSIONARIA e cooperazione tra le Chiese\" \/>\n<meta property=\"article:published_time\" content=\"2026-01-24T15:28:27+00:00\" \/>\n<meta property=\"article:modified_time\" content=\"2026-01-28T15:31:46+00:00\" \/>\n<meta property=\"og:image\" content=\"https:\/\/www.diocesi.torino.it\/missionario\/wp-content\/uploads\/sites\/17\/2026\/01\/Copertina-1024x800-1-2.jpg\" \/>\n\t<meta property=\"og:image:width\" content=\"800\" \/>\n\t<meta property=\"og:image:height\" content=\"600\" \/>\n\t<meta property=\"og:image:type\" content=\"image\/jpeg\" \/>\n<meta name=\"author\" content=\"lucaastolfi\" \/>\n<meta name=\"twitter:card\" content=\"summary_large_image\" \/>\n<meta name=\"twitter:label1\" content=\"Scritto da\" \/>\n\t<meta name=\"twitter:data1\" content=\"lucaastolfi\" \/>\n\t<meta name=\"twitter:label2\" content=\"Tempo di lettura stimato\" \/>\n\t<meta name=\"twitter:data2\" content=\"2 minuti\" \/>\n<script type=\"application\/ld+json\" class=\"yoast-schema-graph\">{\"@context\":\"https:\/\/schema.org\",\"@graph\":[{\"@type\":\"WebPage\",\"@id\":\"https:\/\/www.diocesi.torino.it\/missionario\/accendi-il-wi-fi\/\",\"url\":\"https:\/\/www.diocesi.torino.it\/missionario\/accendi-il-wi-fi\/\",\"name\":\"ACCENDI IL WI-FI - Pastorale MISSIONARIA e cooperazione tra le Chiese\",\"isPartOf\":{\"@id\":\"https:\/\/www.diocesi.torino.it\/missionario\/#website\"},\"datePublished\":\"2026-01-24T15:28:27+00:00\",\"dateModified\":\"2026-01-28T15:31:46+00:00\",\"author\":{\"@id\":\"https:\/\/www.diocesi.torino.it\/missionario\/#\/schema\/person\/f9d552f38a7eeecb37b07635475fc498\"},\"breadcrumb\":{\"@id\":\"https:\/\/www.diocesi.torino.it\/missionario\/accendi-il-wi-fi\/#breadcrumb\"},\"inLanguage\":\"it-IT\",\"potentialAction\":[{\"@type\":\"ReadAction\",\"target\":[\"https:\/\/www.diocesi.torino.it\/missionario\/accendi-il-wi-fi\/\"]}]},{\"@type\":\"BreadcrumbList\",\"@id\":\"https:\/\/www.diocesi.torino.it\/missionario\/accendi-il-wi-fi\/#breadcrumb\",\"itemListElement\":[{\"@type\":\"ListItem\",\"position\":1,\"name\":\"Home\",\"item\":\"https:\/\/www.diocesi.torino.it\/missionario\/\"},{\"@type\":\"ListItem\",\"position\":2,\"name\":\"ACCENDI IL WI-FI\"}]},{\"@type\":\"WebSite\",\"@id\":\"https:\/\/www.diocesi.torino.it\/missionario\/#website\",\"url\":\"https:\/\/www.diocesi.torino.it\/missionario\/\",\"name\":\"Pastorale MISSIONARIA e cooperazione tra le Chiese\",\"description\":\"\",\"potentialAction\":[{\"@type\":\"SearchAction\",\"target\":{\"@type\":\"EntryPoint\",\"urlTemplate\":\"https:\/\/www.diocesi.torino.it\/missionario\/?s={search_term_string}\"},\"query-input\":\"required name=search_term_string\"}],\"inLanguage\":\"it-IT\"},{\"@type\":\"Person\",\"@id\":\"https:\/\/www.diocesi.torino.it\/missionario\/#\/schema\/person\/f9d552f38a7eeecb37b07635475fc498\",\"name\":\"lucaastolfi\",\"image\":{\"@type\":\"ImageObject\",\"inLanguage\":\"it-IT\",\"@id\":\"https:\/\/www.diocesi.torino.it\/missionario\/#\/schema\/person\/image\/\",\"url\":\"https:\/\/secure.gravatar.com\/avatar\/9f6fae024c3bac415abd6bfb4b0c3f2f?s=96&d=mm&r=g\",\"contentUrl\":\"https:\/\/secure.gravatar.com\/avatar\/9f6fae024c3bac415abd6bfb4b0c3f2f?s=96&d=mm&r=g\",\"caption\":\"lucaastolfi\"},\"url\":\"https:\/\/www.diocesi.torino.it\/missionario\/author\/lucaastolfi\/\"}]}<\/script>\n<!-- \/ Yoast SEO plugin. -->","yoast_head_json":{"title":"ACCENDI IL WI-FI - Pastorale MISSIONARIA e cooperazione tra le Chiese","robots":{"index":"index","follow":"follow","max-snippet":"max-snippet:-1","max-image-preview":"max-image-preview:large","max-video-preview":"max-video-preview:-1"},"canonical":"https:\/\/www.diocesi.torino.it\/missionario\/accendi-il-wi-fi\/","og_locale":"it_IT","og_type":"article","og_title":"ACCENDI IL WI-FI - Pastorale MISSIONARIA e cooperazione tra le Chiese","og_description":"Si intitola\u00a0\u201cAccendi il Wi-Fi\u201d la terza tappa dell\u2019Itinerario formativo 2025\/2026 di Missio Ragazzi, ideato per l\u2019animazione missionaria di bambini e preadolescenti, pensata per il\u00a0Tempo Ordinario tra Natale e Quaresima. Il titolo scelto per l\u2019Itinerario formativo 2025\/2026 di Missio Ragazzi \u00e8 \u201cAccendiamo la Speranza\u201d: in un mondo in cui giungono da ogni parte gli \u201cappelli di speranza\u201d, i ragazzi missionari sono chiamati a rispondere concretamente, portando &hellip; Continua a leggere &raquo;","og_url":"https:\/\/www.diocesi.torino.it\/missionario\/accendi-il-wi-fi\/","og_site_name":"Pastorale MISSIONARIA e cooperazione tra le Chiese","article_published_time":"2026-01-24T15:28:27+00:00","article_modified_time":"2026-01-28T15:31:46+00:00","og_image":[{"width":800,"height":600,"url":"https:\/\/www.diocesi.torino.it\/missionario\/wp-content\/uploads\/sites\/17\/2026\/01\/Copertina-1024x800-1-2.jpg","type":"image\/jpeg"}],"author":"lucaastolfi","twitter_card":"summary_large_image","twitter_misc":{"Scritto da":"lucaastolfi","Tempo di lettura stimato":"2 minuti"},"schema":{"@context":"https:\/\/schema.org","@graph":[{"@type":"WebPage","@id":"https:\/\/www.diocesi.torino.it\/missionario\/accendi-il-wi-fi\/","url":"https:\/\/www.diocesi.torino.it\/missionario\/accendi-il-wi-fi\/","name":"ACCENDI IL WI-FI - Pastorale MISSIONARIA e cooperazione tra le Chiese","isPartOf":{"@id":"https:\/\/www.diocesi.torino.it\/missionario\/#website"},"datePublished":"2026-01-24T15:28:27+00:00","dateModified":"2026-01-28T15:31:46+00:00","author":{"@id":"https:\/\/www.diocesi.torino.it\/missionario\/#\/schema\/person\/f9d552f38a7eeecb37b07635475fc498"},"breadcrumb":{"@id":"https:\/\/www.diocesi.torino.it\/missionario\/accendi-il-wi-fi\/#breadcrumb"},"inLanguage":"it-IT","potentialAction":[{"@type":"ReadAction","target":["https:\/\/www.diocesi.torino.it\/missionario\/accendi-il-wi-fi\/"]}]},{"@type":"BreadcrumbList","@id":"https:\/\/www.diocesi.torino.it\/missionario\/accendi-il-wi-fi\/#breadcrumb","itemListElement":[{"@type":"ListItem","position":1,"name":"Home","item":"https:\/\/www.diocesi.torino.it\/missionario\/"},{"@type":"ListItem","position":2,"name":"ACCENDI IL WI-FI"}]},{"@type":"WebSite","@id":"https:\/\/www.diocesi.torino.it\/missionario\/#website","url":"https:\/\/www.diocesi.torino.it\/missionario\/","name":"Pastorale MISSIONARIA e cooperazione tra le Chiese","description":"","potentialAction":[{"@type":"SearchAction","target":{"@type":"EntryPoint","urlTemplate":"https:\/\/www.diocesi.torino.it\/missionario\/?s={search_term_string}"},"query-input":"required name=search_term_string"}],"inLanguage":"it-IT"},{"@type":"Person","@id":"https:\/\/www.diocesi.torino.it\/missionario\/#\/schema\/person\/f9d552f38a7eeecb37b07635475fc498","name":"lucaastolfi","image":{"@type":"ImageObject","inLanguage":"it-IT","@id":"https:\/\/www.diocesi.torino.it\/missionario\/#\/schema\/person\/image\/","url":"https:\/\/secure.gravatar.com\/avatar\/9f6fae024c3bac415abd6bfb4b0c3f2f?s=96&d=mm&r=g","contentUrl":"https:\/\/secure.gravatar.com\/avatar\/9f6fae024c3bac415abd6bfb4b0c3f2f?s=96&d=mm&r=g","caption":"lucaastolfi"},"url":"https:\/\/www.diocesi.torino.it\/missionario\/author\/lucaastolfi\/"}]}},"_links":{"self":[{"href":"https:\/\/www.diocesi.torino.it\/missionario\/wp-json\/wp\/v2\/posts\/14187"}],"collection":[{"href":"https:\/\/www.diocesi.torino.it\/missionario\/wp-json\/wp\/v2\/posts"}],"about":[{"href":"https:\/\/www.diocesi.torino.it\/missionario\/wp-json\/wp\/v2\/types\/post"}],"author":[{"embeddable":true,"href":"https:\/\/www.diocesi.torino.it\/missionario\/wp-json\/wp\/v2\/users\/78"}],"replies":[{"embeddable":true,"href":"https:\/\/www.diocesi.torino.it\/missionario\/wp-json\/wp\/v2\/comments?post=14187"}],"version-history":[{"count":1,"href":"https:\/\/www.diocesi.torino.it\/missionario\/wp-json\/wp\/v2\/posts\/14187\/revisions"}],"predecessor-version":[{"id":14189,"href":"https:\/\/www.diocesi.torino.it\/missionario\/wp-json\/wp\/v2\/posts\/14187\/revisions\/14189"}],"wp:featuredmedia":[{"embeddable":true,"href":"https:\/\/www.diocesi.torino.it\/missionario\/wp-json\/wp\/v2\/media\/14188"}],"wp:attachment":[{"href":"https:\/\/www.diocesi.torino.it\/missionario\/wp-json\/wp\/v2\/media?parent=14187"}],"wp:term":[{"taxonomy":"category","embeddable":true,"href":"https:\/\/www.diocesi.torino.it\/missionario\/wp-json\/wp\/v2\/categories?post=14187"},{"taxonomy":"post_tag","embeddable":true,"href":"https:\/\/www.diocesi.torino.it\/missionario\/wp-json\/wp\/v2\/tags?post=14187"}],"curies":[{"name":"wp","href":"https:\/\/api.w.org\/{rel}","templated":true}]}}