{"id":14423,"date":"2026-02-16T09:45:01","date_gmt":"2026-02-16T08:45:01","guid":{"rendered":"https:\/\/www.diocesi.torino.it\/missionario\/?p=14423"},"modified":"2026-02-18T09:50:12","modified_gmt":"2026-02-18T08:50:12","slug":"accendi-la-luce","status":"publish","type":"post","link":"https:\/\/www.diocesi.torino.it\/missionario\/accendi-la-luce\/","title":{"rendered":"\u201cACCENDI LA LUCE\u201d"},"content":{"rendered":"<p>&nbsp;<\/p>\n<p>\u201cAccendi la luce\u201d \u00e8 il titolo della\u00a0<strong>quarta tappa dell\u2019Itinerario formativo 2025\/2026 di Missio Ragazzi<\/strong>, ideato per l\u2019animazione missionaria di bambini e preadolescenti per il Tempo di Quaresima.<\/p>\n<p>Il titolo scelto per l\u2019Itinerario formativo 2025\/2026 di Missio Ragazzi \u00e8\u00a0<strong>\u201cAccendiamo la Speranza\u201d<\/strong>\u00a0(clicca\u00a0<a href=\"https:\/\/www.missioitalia.it\/litinerario-formativo-missio-ragazzi-2025-2026-su-il-ponte-doro-di-settembre\/\">qui<\/a>\u00a0per approfondire): in un mondo in cui giungono da ogni parte gli \u201cappelli di speranza\u201d,\u00a0<strong>i ragazzi missionari sono chiamati a rispondere concretamente, portando speranza l\u00ec dove ce n\u2019\u00e8 bisogno.<\/strong><\/p>\n<p>La\u00a0<strong>Parola di Dio di riferimento della quarta tappa<\/strong>\u00a0\u00e8 il brano del Vangelo di Matteo (capitolo 5, versetti 14-15) in cui Ges\u00f9 dice ai suoi discepoli: \u00abVoi siete la luce del mondo; non pu\u00f2 restare nascosta una citt\u00e0 che sta sopra un monte, n\u00e9 si accende una lampada per metterla sotto il moggio, ma sul candelabro, e cos\u00ec fa luce a tutti quelli che sono nella casa\u00bb. Segue la\u00a0<strong>meditazione <\/strong>\u2013 a misura di bambini\u00a0\u2013 a cura di Loredana Brigante, collaboratrice dell\u2019<em>\u00e9quipe<\/em>\u00a0nazionale Missio Ragazzi.<\/p>\n<p>A seguire viene proposta la sezione \u201cScopri tra le righe\u201d con una\u00a0<strong>riflessione <\/strong>di un testimone di speranza e un<strong> gioco enigmistico <\/strong>per evidenziare un concetto-chiave.<\/p>\n<p>Ovviamente non manca la\u00a0<strong>testimonianza missionaria<\/strong>, che per la tappa del Tempo di Quaresima arriva<strong> suor Marinei Pessanha Alves<\/strong>, religiosa delle Missionarie dell\u2019Immacolata, che opera a Hong Kong (Cina) insieme a tanti giovani (ma non solo) che si impegnano per diffondere luce di speranza nella loro citt\u00e0.<\/p>\n<p>Infine, la\u00a0<strong>risposta all\u2019\u201cAppello di speranza\u201d lanciato dal continente asiatico<\/strong>\u00a0e, precisamente, dal Bangladesh, Paese dove viene realizzato il maggior numero di capi d\u2019abbigliamento, sfruttando la manodopera (spesso anche infantile): uno spazio per capirne di pi\u00f9 e poi agire di conseguenza, provando a leggere le etichette degli abiti e ricostruendone la storia.<\/p>\n<p>Ricordiamo che l\u2019Itinerario annuale 2025\/2026 di Missio Ragazzi \u00e8\u00a0uscito sul numero di settembre 2025 de \u201cIl Ponte d\u2019Oro\u201d (rivista per ragazzi della Fondazione Missio) ma non si esaurisce l\u00ec: si arricchisce con i numeri successivi della rivista dove \u00e8 possibile trovare nuovi contenuti, di mese in mese, come rubriche, giochi, curiosit\u00e0, storie di missione e di attualit\u00e0.<\/p>\n","protected":false},"excerpt":{"rendered":"<p>&nbsp; \u201cAccendi la luce\u201d \u00e8 il titolo della\u00a0quarta tappa dell\u2019Itinerario formativo 2025\/2026 di Missio Ragazzi, ideato per l\u2019animazione missionaria di bambini e preadolescenti per il Tempo di Quaresima. Il titolo scelto per l\u2019Itinerario formativo 2025\/2026 di Missio Ragazzi \u00e8\u00a0\u201cAccendiamo la Speranza\u201d\u00a0(clicca\u00a0qui\u00a0per approfondire): in un mondo in cui giungono da ogni parte gli \u201cappelli di speranza\u201d,\u00a0i ragazzi missionari sono chiamati a rispondere concretamente, portando speranza l\u00ec &hellip; <a href=\"https:\/\/www.diocesi.torino.it\/missionario\/accendi-la-luce\/\" class=\"more-link\">Continua a leggere <span class=\"screen-reader-text\"><\/span> <span class=\"meta-nav\">&raquo;<\/span><\/a><\/p>\n","protected":false},"author":78,"featured_media":14424,"comment_status":"closed","ping_status":"closed","sticky":false,"template":"","format":"standard","meta":{"ip_address":"","user_agent":"","level":"","revision":"","cookie_id":"","page_referer":"","html_form":"","_expiration-date-status":"","_expiration-date":0,"_expiration-date-type":"","_expiration-date-categories":[],"_expiration-date-options":[]},"categories":[102,103],"tags":[],"acf":[],"yoast_head":"<!-- This site is optimized with the Yoast SEO plugin v20.8 - https:\/\/yoast.com\/wordpress\/plugins\/seo\/ -->\n<title>\u201cACCENDI LA LUCE\u201d - Pastorale MISSIONARIA e cooperazione tra le Chiese<\/title>\n<meta name=\"robots\" content=\"index, follow, max-snippet:-1, max-image-preview:large, max-video-preview:-1\" \/>\n<link rel=\"canonical\" href=\"https:\/\/www.diocesi.torino.it\/missionario\/accendi-la-luce\/\" \/>\n<meta property=\"og:locale\" content=\"it_IT\" \/>\n<meta property=\"og:type\" content=\"article\" \/>\n<meta property=\"og:title\" content=\"\u201cACCENDI LA LUCE\u201d - Pastorale MISSIONARIA e cooperazione tra le Chiese\" \/>\n<meta property=\"og:description\" content=\"&nbsp; \u201cAccendi la luce\u201d \u00e8 il titolo della\u00a0quarta tappa dell\u2019Itinerario formativo 2025\/2026 di Missio Ragazzi, ideato per l\u2019animazione missionaria di bambini e preadolescenti per il Tempo di Quaresima. Il titolo scelto per l\u2019Itinerario formativo 2025\/2026 di Missio Ragazzi \u00e8\u00a0\u201cAccendiamo la Speranza\u201d\u00a0(clicca\u00a0qui\u00a0per approfondire): in un mondo in cui giungono da ogni parte gli \u201cappelli di speranza\u201d,\u00a0i ragazzi missionari sono chiamati a rispondere concretamente, portando speranza l\u00ec &hellip; Continua a leggere &raquo;\" \/>\n<meta property=\"og:url\" content=\"https:\/\/www.diocesi.torino.it\/missionario\/accendi-la-luce\/\" \/>\n<meta property=\"og:site_name\" content=\"Pastorale MISSIONARIA e cooperazione tra le Chiese\" \/>\n<meta property=\"article:published_time\" content=\"2026-02-16T08:45:01+00:00\" \/>\n<meta property=\"article:modified_time\" content=\"2026-02-18T08:50:12+00:00\" \/>\n<meta property=\"og:image\" content=\"https:\/\/www.diocesi.torino.it\/missionario\/wp-content\/uploads\/sites\/17\/2026\/02\/Copertina-18.02-1024x800-1.jpg\" \/>\n\t<meta property=\"og:image:width\" content=\"800\" \/>\n\t<meta property=\"og:image:height\" content=\"600\" \/>\n\t<meta property=\"og:image:type\" content=\"image\/jpeg\" \/>\n<meta name=\"author\" content=\"lucaastolfi\" \/>\n<meta name=\"twitter:card\" content=\"summary_large_image\" \/>\n<meta name=\"twitter:label1\" content=\"Scritto da\" \/>\n\t<meta name=\"twitter:data1\" content=\"lucaastolfi\" \/>\n\t<meta name=\"twitter:label2\" content=\"Tempo di lettura stimato\" \/>\n\t<meta name=\"twitter:data2\" content=\"2 minuti\" \/>\n<script type=\"application\/ld+json\" class=\"yoast-schema-graph\">{\"@context\":\"https:\/\/schema.org\",\"@graph\":[{\"@type\":\"WebPage\",\"@id\":\"https:\/\/www.diocesi.torino.it\/missionario\/accendi-la-luce\/\",\"url\":\"https:\/\/www.diocesi.torino.it\/missionario\/accendi-la-luce\/\",\"name\":\"\u201cACCENDI LA LUCE\u201d - Pastorale MISSIONARIA e cooperazione tra le Chiese\",\"isPartOf\":{\"@id\":\"https:\/\/www.diocesi.torino.it\/missionario\/#website\"},\"datePublished\":\"2026-02-16T08:45:01+00:00\",\"dateModified\":\"2026-02-18T08:50:12+00:00\",\"author\":{\"@id\":\"https:\/\/www.diocesi.torino.it\/missionario\/#\/schema\/person\/f9d552f38a7eeecb37b07635475fc498\"},\"breadcrumb\":{\"@id\":\"https:\/\/www.diocesi.torino.it\/missionario\/accendi-la-luce\/#breadcrumb\"},\"inLanguage\":\"it-IT\",\"potentialAction\":[{\"@type\":\"ReadAction\",\"target\":[\"https:\/\/www.diocesi.torino.it\/missionario\/accendi-la-luce\/\"]}]},{\"@type\":\"BreadcrumbList\",\"@id\":\"https:\/\/www.diocesi.torino.it\/missionario\/accendi-la-luce\/#breadcrumb\",\"itemListElement\":[{\"@type\":\"ListItem\",\"position\":1,\"name\":\"Home\",\"item\":\"https:\/\/www.diocesi.torino.it\/missionario\/\"},{\"@type\":\"ListItem\",\"position\":2,\"name\":\"\u201cACCENDI LA LUCE\u201d\"}]},{\"@type\":\"WebSite\",\"@id\":\"https:\/\/www.diocesi.torino.it\/missionario\/#website\",\"url\":\"https:\/\/www.diocesi.torino.it\/missionario\/\",\"name\":\"Pastorale MISSIONARIA e cooperazione tra le Chiese\",\"description\":\"\",\"potentialAction\":[{\"@type\":\"SearchAction\",\"target\":{\"@type\":\"EntryPoint\",\"urlTemplate\":\"https:\/\/www.diocesi.torino.it\/missionario\/?s={search_term_string}\"},\"query-input\":\"required name=search_term_string\"}],\"inLanguage\":\"it-IT\"},{\"@type\":\"Person\",\"@id\":\"https:\/\/www.diocesi.torino.it\/missionario\/#\/schema\/person\/f9d552f38a7eeecb37b07635475fc498\",\"name\":\"lucaastolfi\",\"image\":{\"@type\":\"ImageObject\",\"inLanguage\":\"it-IT\",\"@id\":\"https:\/\/www.diocesi.torino.it\/missionario\/#\/schema\/person\/image\/\",\"url\":\"https:\/\/secure.gravatar.com\/avatar\/9f6fae024c3bac415abd6bfb4b0c3f2f?s=96&d=mm&r=g\",\"contentUrl\":\"https:\/\/secure.gravatar.com\/avatar\/9f6fae024c3bac415abd6bfb4b0c3f2f?s=96&d=mm&r=g\",\"caption\":\"lucaastolfi\"},\"url\":\"https:\/\/www.diocesi.torino.it\/missionario\/author\/lucaastolfi\/\"}]}<\/script>\n<!-- \/ Yoast SEO plugin. -->","yoast_head_json":{"title":"\u201cACCENDI LA LUCE\u201d - Pastorale MISSIONARIA e cooperazione tra le Chiese","robots":{"index":"index","follow":"follow","max-snippet":"max-snippet:-1","max-image-preview":"max-image-preview:large","max-video-preview":"max-video-preview:-1"},"canonical":"https:\/\/www.diocesi.torino.it\/missionario\/accendi-la-luce\/","og_locale":"it_IT","og_type":"article","og_title":"\u201cACCENDI LA LUCE\u201d - Pastorale MISSIONARIA e cooperazione tra le Chiese","og_description":"&nbsp; \u201cAccendi la luce\u201d \u00e8 il titolo della\u00a0quarta tappa dell\u2019Itinerario formativo 2025\/2026 di Missio Ragazzi, ideato per l\u2019animazione missionaria di bambini e preadolescenti per il Tempo di Quaresima. Il titolo scelto per l\u2019Itinerario formativo 2025\/2026 di Missio Ragazzi \u00e8\u00a0\u201cAccendiamo la Speranza\u201d\u00a0(clicca\u00a0qui\u00a0per approfondire): in un mondo in cui giungono da ogni parte gli \u201cappelli di speranza\u201d,\u00a0i ragazzi missionari sono chiamati a rispondere concretamente, portando speranza l\u00ec &hellip; Continua a leggere &raquo;","og_url":"https:\/\/www.diocesi.torino.it\/missionario\/accendi-la-luce\/","og_site_name":"Pastorale MISSIONARIA e cooperazione tra le Chiese","article_published_time":"2026-02-16T08:45:01+00:00","article_modified_time":"2026-02-18T08:50:12+00:00","og_image":[{"width":800,"height":600,"url":"https:\/\/www.diocesi.torino.it\/missionario\/wp-content\/uploads\/sites\/17\/2026\/02\/Copertina-18.02-1024x800-1.jpg","type":"image\/jpeg"}],"author":"lucaastolfi","twitter_card":"summary_large_image","twitter_misc":{"Scritto da":"lucaastolfi","Tempo di lettura stimato":"2 minuti"},"schema":{"@context":"https:\/\/schema.org","@graph":[{"@type":"WebPage","@id":"https:\/\/www.diocesi.torino.it\/missionario\/accendi-la-luce\/","url":"https:\/\/www.diocesi.torino.it\/missionario\/accendi-la-luce\/","name":"\u201cACCENDI LA LUCE\u201d - Pastorale MISSIONARIA e cooperazione tra le Chiese","isPartOf":{"@id":"https:\/\/www.diocesi.torino.it\/missionario\/#website"},"datePublished":"2026-02-16T08:45:01+00:00","dateModified":"2026-02-18T08:50:12+00:00","author":{"@id":"https:\/\/www.diocesi.torino.it\/missionario\/#\/schema\/person\/f9d552f38a7eeecb37b07635475fc498"},"breadcrumb":{"@id":"https:\/\/www.diocesi.torino.it\/missionario\/accendi-la-luce\/#breadcrumb"},"inLanguage":"it-IT","potentialAction":[{"@type":"ReadAction","target":["https:\/\/www.diocesi.torino.it\/missionario\/accendi-la-luce\/"]}]},{"@type":"BreadcrumbList","@id":"https:\/\/www.diocesi.torino.it\/missionario\/accendi-la-luce\/#breadcrumb","itemListElement":[{"@type":"ListItem","position":1,"name":"Home","item":"https:\/\/www.diocesi.torino.it\/missionario\/"},{"@type":"ListItem","position":2,"name":"\u201cACCENDI LA LUCE\u201d"}]},{"@type":"WebSite","@id":"https:\/\/www.diocesi.torino.it\/missionario\/#website","url":"https:\/\/www.diocesi.torino.it\/missionario\/","name":"Pastorale MISSIONARIA e cooperazione tra le Chiese","description":"","potentialAction":[{"@type":"SearchAction","target":{"@type":"EntryPoint","urlTemplate":"https:\/\/www.diocesi.torino.it\/missionario\/?s={search_term_string}"},"query-input":"required name=search_term_string"}],"inLanguage":"it-IT"},{"@type":"Person","@id":"https:\/\/www.diocesi.torino.it\/missionario\/#\/schema\/person\/f9d552f38a7eeecb37b07635475fc498","name":"lucaastolfi","image":{"@type":"ImageObject","inLanguage":"it-IT","@id":"https:\/\/www.diocesi.torino.it\/missionario\/#\/schema\/person\/image\/","url":"https:\/\/secure.gravatar.com\/avatar\/9f6fae024c3bac415abd6bfb4b0c3f2f?s=96&d=mm&r=g","contentUrl":"https:\/\/secure.gravatar.com\/avatar\/9f6fae024c3bac415abd6bfb4b0c3f2f?s=96&d=mm&r=g","caption":"lucaastolfi"},"url":"https:\/\/www.diocesi.torino.it\/missionario\/author\/lucaastolfi\/"}]}},"_links":{"self":[{"href":"https:\/\/www.diocesi.torino.it\/missionario\/wp-json\/wp\/v2\/posts\/14423"}],"collection":[{"href":"https:\/\/www.diocesi.torino.it\/missionario\/wp-json\/wp\/v2\/posts"}],"about":[{"href":"https:\/\/www.diocesi.torino.it\/missionario\/wp-json\/wp\/v2\/types\/post"}],"author":[{"embeddable":true,"href":"https:\/\/www.diocesi.torino.it\/missionario\/wp-json\/wp\/v2\/users\/78"}],"replies":[{"embeddable":true,"href":"https:\/\/www.diocesi.torino.it\/missionario\/wp-json\/wp\/v2\/comments?post=14423"}],"version-history":[{"count":1,"href":"https:\/\/www.diocesi.torino.it\/missionario\/wp-json\/wp\/v2\/posts\/14423\/revisions"}],"predecessor-version":[{"id":14425,"href":"https:\/\/www.diocesi.torino.it\/missionario\/wp-json\/wp\/v2\/posts\/14423\/revisions\/14425"}],"wp:featuredmedia":[{"embeddable":true,"href":"https:\/\/www.diocesi.torino.it\/missionario\/wp-json\/wp\/v2\/media\/14424"}],"wp:attachment":[{"href":"https:\/\/www.diocesi.torino.it\/missionario\/wp-json\/wp\/v2\/media?parent=14423"}],"wp:term":[{"taxonomy":"category","embeddable":true,"href":"https:\/\/www.diocesi.torino.it\/missionario\/wp-json\/wp\/v2\/categories?post=14423"},{"taxonomy":"post_tag","embeddable":true,"href":"https:\/\/www.diocesi.torino.it\/missionario\/wp-json\/wp\/v2\/tags?post=14423"}],"curies":[{"name":"wp","href":"https:\/\/api.w.org\/{rel}","templated":true}]}}