{"id":14646,"date":"2026-03-22T08:43:58","date_gmt":"2026-03-22T07:43:58","guid":{"rendered":"https:\/\/www.diocesi.torino.it\/missionario\/?p=14646"},"modified":"2026-03-23T09:22:15","modified_gmt":"2026-03-23T08:22:15","slug":"veglia-gente-di-primavera","status":"publish","type":"post","link":"https:\/\/www.diocesi.torino.it\/missionario\/veglia-gente-di-primavera\/","title":{"rendered":"VEGLIA \u201cGENTE DI PRIMAVERA\u201d"},"content":{"rendered":"<p><em>\u201cSiamo battezzati nella morte e risurrezione redentrice di Cristo, nella Pasqua del Signore che segna l\u2019eterna primavera della storia. Siamo allora \u201cgente di primavera\u201d, con uno sguardo sempre pieno di speranza da condividere con tutti perch\u00e9 in Cristo crediamo e sappiamo che la morte e l\u2019odio non sono le ultime parole sull\u2019esistenza umana\u201d<\/em>\u00a0.<\/p>\n<p>Cos\u00ec scriveva papa Francesco nel messaggio per la Giornata Missionaria Mondiale 2025: e \u201cgente di primavera\u201d lo sono davvero stati i quindici missionari, sacerdoti e laici che lo scorso anno sono stati uccisi a causa della loro testimonianza fedele al Vangelo. Fiori che sono stati raccolti nel pieno della loro vita, ma il cui profumo di primavera permane e permarr\u00e0 nelle comunit\u00e0 che hanno servito.<br \/>\nPer ricordarli, da trentaquattro anni la Chiesa il <strong>24 marzo<\/strong> propone di vivere una <strong>Giornata di preghiera e digiuno in memoria dei missionari martiri<\/strong>: la data scelta non \u00e8 casuale ma ricorda il martirio di mons. Oscar Romero, che il 24 marzo 1980 \u00e8 stato ucciso mentre celebrava messa, a causa della sua scelta evangelica di difendere i pi\u00f9 poveri.<\/p>\n<p>Come arcidiocesi di Torino e diocesi di Susa, anche quest\u2019anno proponiamo, in collaborazione con Missio Giovani Torino, le cappellanie etniche e i Missionari e Missionarie della Consolata, una <strong>veglia di preghiera<\/strong> che si terr\u00e0 proprio la sera del 24 marzo, alle <strong>20.45<\/strong> presso il <strong>Santuario di San Giuseppe Allamano<\/strong> in corso Ferrucci 18 a Torino.<\/p>\n<p>In fondo alla pagina trovate la locandina della veglia.<\/p>\n<hr class=\"wpba_attachment_hr\"><div id='wpba_attachment_list' class='wpba wpba-wrap'>\n<ul class='wpba-attachment-list unstyled'><li id='wpba_attachment_list_14648' class='wpba-list-item pull-left'><img src='https:\/\/www.diocesi.torino.it\/missionario\/wp-content\/themes\/wp-starter-so\/icons\/document.png' width='16' height='20' class='wpba-icon pull-left'><a href='https:\/\/www.diocesi.torino.it\/missionario\/wp-content\/uploads\/sites\/17\/2026\/03\/Veglia-miss-martiri-2026.pdf' title='Veglia missionari martiri' class='wpba-link pull-left' target=\"_blank\">Veglia missionari martiri<\/a><\/li>\n<\/ul><\/div>\n","protected":false},"excerpt":{"rendered":"<p>\u201cSiamo battezzati nella morte e risurrezione redentrice di Cristo, nella Pasqua del Signore che segna l\u2019eterna primavera della storia. Siamo allora \u201cgente di primavera\u201d, con uno sguardo sempre pieno di speranza da condividere con tutti perch\u00e9 in Cristo crediamo e sappiamo che la morte e l\u2019odio non sono le ultime parole sull\u2019esistenza umana\u201d\u00a0. Cos\u00ec scriveva papa Francesco nel messaggio per la Giornata Missionaria Mondiale 2025: &hellip; <a href=\"https:\/\/www.diocesi.torino.it\/missionario\/veglia-gente-di-primavera\/\" class=\"more-link\">Continua a leggere <span class=\"screen-reader-text\"><\/span> <span class=\"meta-nav\">&raquo;<\/span><\/a><\/p>\n","protected":false},"author":78,"featured_media":14647,"comment_status":"closed","ping_status":"closed","sticky":false,"template":"","format":"standard","meta":{"ip_address":"","user_agent":"","level":"","revision":"","cookie_id":"","page_referer":"","html_form":"","_expiration-date-status":"","_expiration-date":0,"_expiration-date-type":"","_expiration-date-categories":[],"_expiration-date-options":[]},"categories":[102,103],"tags":[],"acf":[],"yoast_head":"<!-- This site is optimized with the Yoast SEO plugin v20.8 - https:\/\/yoast.com\/wordpress\/plugins\/seo\/ -->\n<title>VEGLIA \u201cGENTE DI PRIMAVERA\u201d - Pastorale MISSIONARIA e cooperazione tra le Chiese<\/title>\n<meta name=\"robots\" content=\"index, follow, max-snippet:-1, max-image-preview:large, max-video-preview:-1\" \/>\n<link rel=\"canonical\" href=\"https:\/\/www.diocesi.torino.it\/missionario\/veglia-gente-di-primavera\/\" \/>\n<meta property=\"og:locale\" content=\"it_IT\" \/>\n<meta property=\"og:type\" content=\"article\" \/>\n<meta property=\"og:title\" content=\"VEGLIA \u201cGENTE DI PRIMAVERA\u201d - Pastorale MISSIONARIA e cooperazione tra le Chiese\" \/>\n<meta property=\"og:description\" content=\"\u201cSiamo battezzati nella morte e risurrezione redentrice di Cristo, nella Pasqua del Signore che segna l\u2019eterna primavera della storia. Siamo allora \u201cgente di primavera\u201d, con uno sguardo sempre pieno di speranza da condividere con tutti perch\u00e9 in Cristo crediamo e sappiamo che la morte e l\u2019odio non sono le ultime parole sull\u2019esistenza umana\u201d\u00a0. Cos\u00ec scriveva papa Francesco nel messaggio per la Giornata Missionaria Mondiale 2025: &hellip; Continua a leggere &raquo;\" \/>\n<meta property=\"og:url\" content=\"https:\/\/www.diocesi.torino.it\/missionario\/veglia-gente-di-primavera\/\" \/>\n<meta property=\"og:site_name\" content=\"Pastorale MISSIONARIA e cooperazione tra le Chiese\" \/>\n<meta property=\"article:published_time\" content=\"2026-03-22T07:43:58+00:00\" \/>\n<meta property=\"article:modified_time\" content=\"2026-03-23T08:22:15+00:00\" \/>\n<meta property=\"og:image\" content=\"https:\/\/www.diocesi.torino.it\/missionario\/wp-content\/uploads\/sites\/17\/2026\/03\/Copertina-1024x800-2.jpg\" \/>\n\t<meta property=\"og:image:width\" content=\"800\" \/>\n\t<meta property=\"og:image:height\" content=\"600\" \/>\n\t<meta property=\"og:image:type\" content=\"image\/jpeg\" \/>\n<meta name=\"author\" content=\"lucaastolfi\" \/>\n<meta name=\"twitter:card\" content=\"summary_large_image\" \/>\n<meta name=\"twitter:label1\" content=\"Scritto da\" \/>\n\t<meta name=\"twitter:data1\" content=\"lucaastolfi\" \/>\n\t<meta name=\"twitter:label2\" content=\"Tempo di lettura stimato\" \/>\n\t<meta name=\"twitter:data2\" content=\"2 minuti\" \/>\n<script type=\"application\/ld+json\" class=\"yoast-schema-graph\">{\"@context\":\"https:\/\/schema.org\",\"@graph\":[{\"@type\":\"WebPage\",\"@id\":\"https:\/\/www.diocesi.torino.it\/missionario\/veglia-gente-di-primavera\/\",\"url\":\"https:\/\/www.diocesi.torino.it\/missionario\/veglia-gente-di-primavera\/\",\"name\":\"VEGLIA \u201cGENTE DI PRIMAVERA\u201d - Pastorale MISSIONARIA e cooperazione tra le Chiese\",\"isPartOf\":{\"@id\":\"https:\/\/www.diocesi.torino.it\/missionario\/#website\"},\"datePublished\":\"2026-03-22T07:43:58+00:00\",\"dateModified\":\"2026-03-23T08:22:15+00:00\",\"author\":{\"@id\":\"https:\/\/www.diocesi.torino.it\/missionario\/#\/schema\/person\/f9d552f38a7eeecb37b07635475fc498\"},\"breadcrumb\":{\"@id\":\"https:\/\/www.diocesi.torino.it\/missionario\/veglia-gente-di-primavera\/#breadcrumb\"},\"inLanguage\":\"it-IT\",\"potentialAction\":[{\"@type\":\"ReadAction\",\"target\":[\"https:\/\/www.diocesi.torino.it\/missionario\/veglia-gente-di-primavera\/\"]}]},{\"@type\":\"BreadcrumbList\",\"@id\":\"https:\/\/www.diocesi.torino.it\/missionario\/veglia-gente-di-primavera\/#breadcrumb\",\"itemListElement\":[{\"@type\":\"ListItem\",\"position\":1,\"name\":\"Home\",\"item\":\"https:\/\/www.diocesi.torino.it\/missionario\/\"},{\"@type\":\"ListItem\",\"position\":2,\"name\":\"VEGLIA \u201cGENTE DI PRIMAVERA\u201d\"}]},{\"@type\":\"WebSite\",\"@id\":\"https:\/\/www.diocesi.torino.it\/missionario\/#website\",\"url\":\"https:\/\/www.diocesi.torino.it\/missionario\/\",\"name\":\"Pastorale MISSIONARIA e cooperazione tra le Chiese\",\"description\":\"\",\"potentialAction\":[{\"@type\":\"SearchAction\",\"target\":{\"@type\":\"EntryPoint\",\"urlTemplate\":\"https:\/\/www.diocesi.torino.it\/missionario\/?s={search_term_string}\"},\"query-input\":\"required name=search_term_string\"}],\"inLanguage\":\"it-IT\"},{\"@type\":\"Person\",\"@id\":\"https:\/\/www.diocesi.torino.it\/missionario\/#\/schema\/person\/f9d552f38a7eeecb37b07635475fc498\",\"name\":\"lucaastolfi\",\"image\":{\"@type\":\"ImageObject\",\"inLanguage\":\"it-IT\",\"@id\":\"https:\/\/www.diocesi.torino.it\/missionario\/#\/schema\/person\/image\/\",\"url\":\"https:\/\/secure.gravatar.com\/avatar\/9f6fae024c3bac415abd6bfb4b0c3f2f?s=96&d=mm&r=g\",\"contentUrl\":\"https:\/\/secure.gravatar.com\/avatar\/9f6fae024c3bac415abd6bfb4b0c3f2f?s=96&d=mm&r=g\",\"caption\":\"lucaastolfi\"},\"url\":\"https:\/\/www.diocesi.torino.it\/missionario\/author\/lucaastolfi\/\"}]}<\/script>\n<!-- \/ Yoast SEO plugin. -->","yoast_head_json":{"title":"VEGLIA \u201cGENTE DI PRIMAVERA\u201d - Pastorale MISSIONARIA e cooperazione tra le Chiese","robots":{"index":"index","follow":"follow","max-snippet":"max-snippet:-1","max-image-preview":"max-image-preview:large","max-video-preview":"max-video-preview:-1"},"canonical":"https:\/\/www.diocesi.torino.it\/missionario\/veglia-gente-di-primavera\/","og_locale":"it_IT","og_type":"article","og_title":"VEGLIA \u201cGENTE DI PRIMAVERA\u201d - Pastorale MISSIONARIA e cooperazione tra le Chiese","og_description":"\u201cSiamo battezzati nella morte e risurrezione redentrice di Cristo, nella Pasqua del Signore che segna l\u2019eterna primavera della storia. Siamo allora \u201cgente di primavera\u201d, con uno sguardo sempre pieno di speranza da condividere con tutti perch\u00e9 in Cristo crediamo e sappiamo che la morte e l\u2019odio non sono le ultime parole sull\u2019esistenza umana\u201d\u00a0. Cos\u00ec scriveva papa Francesco nel messaggio per la Giornata Missionaria Mondiale 2025: &hellip; Continua a leggere &raquo;","og_url":"https:\/\/www.diocesi.torino.it\/missionario\/veglia-gente-di-primavera\/","og_site_name":"Pastorale MISSIONARIA e cooperazione tra le Chiese","article_published_time":"2026-03-22T07:43:58+00:00","article_modified_time":"2026-03-23T08:22:15+00:00","og_image":[{"width":800,"height":600,"url":"https:\/\/www.diocesi.torino.it\/missionario\/wp-content\/uploads\/sites\/17\/2026\/03\/Copertina-1024x800-2.jpg","type":"image\/jpeg"}],"author":"lucaastolfi","twitter_card":"summary_large_image","twitter_misc":{"Scritto da":"lucaastolfi","Tempo di lettura stimato":"2 minuti"},"schema":{"@context":"https:\/\/schema.org","@graph":[{"@type":"WebPage","@id":"https:\/\/www.diocesi.torino.it\/missionario\/veglia-gente-di-primavera\/","url":"https:\/\/www.diocesi.torino.it\/missionario\/veglia-gente-di-primavera\/","name":"VEGLIA \u201cGENTE DI PRIMAVERA\u201d - Pastorale MISSIONARIA e cooperazione tra le Chiese","isPartOf":{"@id":"https:\/\/www.diocesi.torino.it\/missionario\/#website"},"datePublished":"2026-03-22T07:43:58+00:00","dateModified":"2026-03-23T08:22:15+00:00","author":{"@id":"https:\/\/www.diocesi.torino.it\/missionario\/#\/schema\/person\/f9d552f38a7eeecb37b07635475fc498"},"breadcrumb":{"@id":"https:\/\/www.diocesi.torino.it\/missionario\/veglia-gente-di-primavera\/#breadcrumb"},"inLanguage":"it-IT","potentialAction":[{"@type":"ReadAction","target":["https:\/\/www.diocesi.torino.it\/missionario\/veglia-gente-di-primavera\/"]}]},{"@type":"BreadcrumbList","@id":"https:\/\/www.diocesi.torino.it\/missionario\/veglia-gente-di-primavera\/#breadcrumb","itemListElement":[{"@type":"ListItem","position":1,"name":"Home","item":"https:\/\/www.diocesi.torino.it\/missionario\/"},{"@type":"ListItem","position":2,"name":"VEGLIA \u201cGENTE DI PRIMAVERA\u201d"}]},{"@type":"WebSite","@id":"https:\/\/www.diocesi.torino.it\/missionario\/#website","url":"https:\/\/www.diocesi.torino.it\/missionario\/","name":"Pastorale MISSIONARIA e cooperazione tra le Chiese","description":"","potentialAction":[{"@type":"SearchAction","target":{"@type":"EntryPoint","urlTemplate":"https:\/\/www.diocesi.torino.it\/missionario\/?s={search_term_string}"},"query-input":"required name=search_term_string"}],"inLanguage":"it-IT"},{"@type":"Person","@id":"https:\/\/www.diocesi.torino.it\/missionario\/#\/schema\/person\/f9d552f38a7eeecb37b07635475fc498","name":"lucaastolfi","image":{"@type":"ImageObject","inLanguage":"it-IT","@id":"https:\/\/www.diocesi.torino.it\/missionario\/#\/schema\/person\/image\/","url":"https:\/\/secure.gravatar.com\/avatar\/9f6fae024c3bac415abd6bfb4b0c3f2f?s=96&d=mm&r=g","contentUrl":"https:\/\/secure.gravatar.com\/avatar\/9f6fae024c3bac415abd6bfb4b0c3f2f?s=96&d=mm&r=g","caption":"lucaastolfi"},"url":"https:\/\/www.diocesi.torino.it\/missionario\/author\/lucaastolfi\/"}]}},"_links":{"self":[{"href":"https:\/\/www.diocesi.torino.it\/missionario\/wp-json\/wp\/v2\/posts\/14646"}],"collection":[{"href":"https:\/\/www.diocesi.torino.it\/missionario\/wp-json\/wp\/v2\/posts"}],"about":[{"href":"https:\/\/www.diocesi.torino.it\/missionario\/wp-json\/wp\/v2\/types\/post"}],"author":[{"embeddable":true,"href":"https:\/\/www.diocesi.torino.it\/missionario\/wp-json\/wp\/v2\/users\/78"}],"replies":[{"embeddable":true,"href":"https:\/\/www.diocesi.torino.it\/missionario\/wp-json\/wp\/v2\/comments?post=14646"}],"version-history":[{"count":1,"href":"https:\/\/www.diocesi.torino.it\/missionario\/wp-json\/wp\/v2\/posts\/14646\/revisions"}],"predecessor-version":[{"id":14649,"href":"https:\/\/www.diocesi.torino.it\/missionario\/wp-json\/wp\/v2\/posts\/14646\/revisions\/14649"}],"wp:featuredmedia":[{"embeddable":true,"href":"https:\/\/www.diocesi.torino.it\/missionario\/wp-json\/wp\/v2\/media\/14647"}],"wp:attachment":[{"href":"https:\/\/www.diocesi.torino.it\/missionario\/wp-json\/wp\/v2\/media?parent=14646"}],"wp:term":[{"taxonomy":"category","embeddable":true,"href":"https:\/\/www.diocesi.torino.it\/missionario\/wp-json\/wp\/v2\/categories?post=14646"},{"taxonomy":"post_tag","embeddable":true,"href":"https:\/\/www.diocesi.torino.it\/missionario\/wp-json\/wp\/v2\/tags?post=14646"}],"curies":[{"name":"wp","href":"https:\/\/api.w.org\/{rel}","templated":true}]}}