{"id":19340,"date":"2026-08-31T17:30:28","date_gmt":"2026-08-31T15:30:28","guid":{"rendered":"https:\/\/www.diocesi.torino.it\/scuola\/?p=19340"},"modified":"2026-08-31T19:10:29","modified_gmt":"2026-08-31T17:10:29","slug":"buon-1-settembre-che-profumi-di-nuovo","status":"publish","type":"post","link":"https:\/\/www.diocesi.torino.it\/scuola\/2026\/08\/31\/buon-1-settembre-che-profumi-di-nuovo\/","title":{"rendered":"&#8220;Buon 1\u00b0 settembre: che profumi di nuovo!&#8221;"},"content":{"rendered":"<p><span style=\"color: #3366ff;\"><strong>BUON PRIMO SETTEMBRE: CHE PROFUMI DI NUOVO!<\/strong><\/span><\/p>\n<p>Il primo settembre \u00e8 come il luned\u00ec mattina della settimana: ha il gusto, retrogrado, di inizio e di fine, un punto in mezzo a tutto il resto.<br \/>\n\u00c8 l\u2019estate: giugno somiglia al venerd\u00ec, luglio al sabato, agosto alla domenica. Settembre, invece, assomiglia a un perfetto adolescente: porta con s\u00e9 la nostalgia del mare e, insieme, l\u2019ansia per ci\u00f2 che ancora non conosciamo.<br \/>\nE poi c\u2019\u00e8 quell\u2019avverbio, tipico di settembre, del quale sono zeppi i nostri tentativi di ripartire: \u201cdi nuovo\u201d.<br \/>\nUn avverbio di modo, con il sospetto della routine e il tedio dell\u2019abitudine sempre accovacciata alla porta.<br \/>\nSi ritorna di nuovo alle solite cose.<br \/>\nPerch\u00e9 dover tornare di nuovo a scuola, di nuovo in ufficio? La settimana prossima, vedrai!, di nuovo la solita fatica, le solite facce. Cosa ci toccher\u00e0 in sorte quest\u2019anno?<br \/>\nE cos\u00ec rischiamo di raccontarci che la vita non sia altro che una successione di cose gi\u00e0 viste: casa, scuola, lavoro. Di nuovo.<br \/>\nDobbiamo allora decidere se dedicare la vita a ripetere gesti, azioni e comportamenti che chiamiamo abitudini, oppure se, in mezzo a un mare di fatica, ostinarci a professare fede nella vita, che non si ripete mai.<br \/>\nQuell\u2019avverbio \u2014 di nuovo \u2014 pu\u00f2 diventare allora un\u2019esca meravigliosa, quasi una soluzione al dramma dell\u2019abitudine.<br \/>\nSi possono ripetere le azioni migliaia di volte, per anni, ma i pensieri non ritornano mai identici.<br \/>\nNon esiste un tramonto uguale a un altro. L\u2019alba di domani sar\u00e0 diversa da quella di stamane. Nessun bacio \u00e8 mai la semplice ripetizione di quello che hai gi\u00e0 dato.<br \/>\nCi sono cose feriali, piccole, minuscole, che sanno ripresentarsi ogni volta in una forma nuova, con una fisionomia ringiovanita.<br \/>\n\u00c8 questo il tranello della bellezza che ogni settembre trattiene in grembo: non una ripetizione, ma una rinascita.<br \/>\n\u201cDi nuovo\u201d si ripresenta una storia da continuare a tessere.<br \/>\n\u201cDi nuovo\u201d si veste la scuola per riaccogliere una ciurma assetata di senso.<br \/>\n\u201cDi nuovo\u201d si riveste la vita per riaccendere il desiderio di essere vissuta.<br \/>\nSettembre \u00e8 il mese delle ripartenze, dei lavori che ricominciano, delle agende che si riempiono. Ma si lavora per sorprendere, altrimenti si ripete e basta.<br \/>\nPasseremo tutta la vita a ripeterci: \u201cquando sar\u00f2 grande\u201d e, appena avremo finito di ripeterlo, cominceremo a dire: \u201cquando ero giovane\u201d.<br \/>\nDi nuovo, invece, \u00e8 ci\u00f2 che la vita ci chiede: di essere guardata, amata, vissuta e, soprattutto, donata.<br \/>\nPer questo collego settembre allo sguardo pi\u00f9 che al calendario.<br \/>\nL\u2019invito \u00e8 a riconoscere, nel ripetersi degli avvenimenti annuali, una bellezza che non ritorna mai uguale alla volta precedente.<br \/>\n\u00c8, per cos\u00ec dire, il non ripetersi del ripetersi.<br \/>\n\u00c8 il \u201cdi nuovo\u201d di ogni ripartenza, di un\u2019altra chance, di un\u2019altra occasione.<br \/>\nPerch\u00e9, a volte, ci\u00f2 che chiamiamo \u201csolita vita\u201d \u00e8 soltanto una vita che abbiamo smesso di guardare con occhi nuovi.<br \/>\nProfuma di nuovo la solita vita per chi sa custodire uno sguardo da fanciullo, per chi sa ancora credere alla promessa: \u00abEcco, io faccio nuove tutte le cose\u00bb (Apocalisse 21,5).<br \/>\nBuon primo settembre.<br \/>\nChe sappia di ripartenza, di possibilit\u00e0, di speranza.<br \/>\nE che profumi di nuovo.<br \/>\nMa &#8220;nuovo&#8221; come aggettivo, non &#8220;di nuovo&#8221; come avverbio.<\/p>\n<p style=\"text-align: right;\"><em>Stefano Capello &#8211; Delegato Arcivescovile per l&#8217;IRC e Referente Pastorale Scolastica<\/em><\/p>\n","protected":false},"excerpt":{"rendered":"<p>BUON PRIMO SETTEMBRE: CHE PROFUMI DI NUOVO! Il primo settembre \u00e8 come il luned\u00ec mattina della settimana: ha il gusto, retrogrado, di inizio e di fine, un punto in mezzo a tutto il resto. \u00c8 l\u2019estate: giugno somiglia al venerd\u00ec, luglio al sabato, agosto alla domenica. Settembre, invece, assomiglia a un perfetto adolescente: porta con s\u00e9 la nostalgia del mare e, insieme, l\u2019ansia per ci\u00f2 &hellip; <a href=\"https:\/\/www.diocesi.torino.it\/scuola\/2026\/08\/31\/buon-1-settembre-che-profumi-di-nuovo\/\" class=\"more-link\">Continua a leggere <span class=\"screen-reader-text\"><\/span> <span class=\"meta-nav\">&raquo;<\/span><\/a><\/p>\n","protected":false},"author":27,"featured_media":7202,"comment_status":"closed","ping_status":"closed","sticky":false,"template":"","format":"standard","meta":{"ip_address":"","user_agent":"","level":"","revision":"","cookie_id":"","page_referer":"","html_form":"","_expiration-date-status":"","_expiration-date":0,"_expiration-date-type":"","_expiration-date-categories":[],"_expiration-date-options":[]},"categories":[104,106,1,105],"tags":[],"acf":[],"yoast_head":"<!-- This site is optimized with the Yoast SEO plugin v20.8 - https:\/\/yoast.com\/wordpress\/plugins\/seo\/ -->\n<title>&quot;Buon 1\u00b0 settembre: che profumi di nuovo!&quot; - Pastorale SCOLASTICA<\/title>\n<meta name=\"robots\" content=\"index, follow, max-snippet:-1, max-image-preview:large, max-video-preview:-1\" \/>\n<link rel=\"canonical\" href=\"https:\/\/www.diocesi.torino.it\/scuola\/2026\/08\/31\/buon-1-settembre-che-profumi-di-nuovo\/\" \/>\n<meta property=\"og:locale\" content=\"it_IT\" \/>\n<meta property=\"og:type\" content=\"article\" \/>\n<meta property=\"og:title\" content=\"&quot;Buon 1\u00b0 settembre: che profumi di nuovo!&quot; - Pastorale SCOLASTICA\" \/>\n<meta property=\"og:description\" content=\"BUON PRIMO SETTEMBRE: CHE PROFUMI DI NUOVO! Il primo settembre \u00e8 come il luned\u00ec mattina della settimana: ha il gusto, retrogrado, di inizio e di fine, un punto in mezzo a tutto il resto. \u00c8 l\u2019estate: giugno somiglia al venerd\u00ec, luglio al sabato, agosto alla domenica. Settembre, invece, assomiglia a un perfetto adolescente: porta con s\u00e9 la nostalgia del mare e, insieme, l\u2019ansia per ci\u00f2 &hellip; Continua a leggere &raquo;\" \/>\n<meta property=\"og:url\" content=\"https:\/\/www.diocesi.torino.it\/scuola\/2026\/08\/31\/buon-1-settembre-che-profumi-di-nuovo\/\" \/>\n<meta property=\"og:site_name\" content=\"Pastorale SCOLASTICA\" \/>\n<meta property=\"article:published_time\" content=\"2026-08-31T15:30:28+00:00\" \/>\n<meta property=\"article:modified_time\" content=\"2026-08-31T17:10:29+00:00\" \/>\n<meta property=\"og:image\" content=\"https:\/\/www.diocesi.torino.it\/scuola\/wp-content\/uploads\/sites\/18\/2023\/09\/scuola_cattolica_SIR-Gennari.jpg\" \/>\n\t<meta property=\"og:image:width\" content=\"1200\" \/>\n\t<meta property=\"og:image:height\" content=\"800\" \/>\n\t<meta property=\"og:image:type\" content=\"image\/jpeg\" \/>\n<meta name=\"author\" content=\"abertolazzi\" \/>\n<meta name=\"twitter:card\" content=\"summary_large_image\" \/>\n<meta name=\"twitter:label1\" content=\"Scritto da\" \/>\n\t<meta name=\"twitter:data1\" content=\"abertolazzi\" \/>\n\t<meta name=\"twitter:label2\" content=\"Tempo di lettura stimato\" \/>\n\t<meta name=\"twitter:data2\" content=\"3 minuti\" \/>\n<script type=\"application\/ld+json\" class=\"yoast-schema-graph\">{\"@context\":\"https:\/\/schema.org\",\"@graph\":[{\"@type\":\"WebPage\",\"@id\":\"https:\/\/www.diocesi.torino.it\/scuola\/2026\/08\/31\/buon-1-settembre-che-profumi-di-nuovo\/\",\"url\":\"https:\/\/www.diocesi.torino.it\/scuola\/2026\/08\/31\/buon-1-settembre-che-profumi-di-nuovo\/\",\"name\":\"\\\"Buon 1\u00b0 settembre: che profumi di nuovo!\\\" - Pastorale SCOLASTICA\",\"isPartOf\":{\"@id\":\"https:\/\/www.diocesi.torino.it\/scuola\/#website\"},\"datePublished\":\"2026-08-31T15:30:28+00:00\",\"dateModified\":\"2026-08-31T17:10:29+00:00\",\"author\":{\"@id\":\"https:\/\/www.diocesi.torino.it\/scuola\/#\/schema\/person\/0f718632ce90379c4d6b47f54c065dfd\"},\"breadcrumb\":{\"@id\":\"https:\/\/www.diocesi.torino.it\/scuola\/2026\/08\/31\/buon-1-settembre-che-profumi-di-nuovo\/#breadcrumb\"},\"inLanguage\":\"it-IT\",\"potentialAction\":[{\"@type\":\"ReadAction\",\"target\":[\"https:\/\/www.diocesi.torino.it\/scuola\/2026\/08\/31\/buon-1-settembre-che-profumi-di-nuovo\/\"]}]},{\"@type\":\"BreadcrumbList\",\"@id\":\"https:\/\/www.diocesi.torino.it\/scuola\/2026\/08\/31\/buon-1-settembre-che-profumi-di-nuovo\/#breadcrumb\",\"itemListElement\":[{\"@type\":\"ListItem\",\"position\":1,\"name\":\"Home\",\"item\":\"https:\/\/www.diocesi.torino.it\/scuola\/\"},{\"@type\":\"ListItem\",\"position\":2,\"name\":\"&#8220;Buon 1\u00b0 settembre: che profumi di nuovo!&#8221;\"}]},{\"@type\":\"WebSite\",\"@id\":\"https:\/\/www.diocesi.torino.it\/scuola\/#website\",\"url\":\"https:\/\/www.diocesi.torino.it\/scuola\/\",\"name\":\"Pastorale SCOLASTICA\",\"description\":\"\",\"potentialAction\":[{\"@type\":\"SearchAction\",\"target\":{\"@type\":\"EntryPoint\",\"urlTemplate\":\"https:\/\/www.diocesi.torino.it\/scuola\/?s={search_term_string}\"},\"query-input\":\"required name=search_term_string\"}],\"inLanguage\":\"it-IT\"},{\"@type\":\"Person\",\"@id\":\"https:\/\/www.diocesi.torino.it\/scuola\/#\/schema\/person\/0f718632ce90379c4d6b47f54c065dfd\",\"name\":\"abertolazzi\",\"image\":{\"@type\":\"ImageObject\",\"inLanguage\":\"it-IT\",\"@id\":\"https:\/\/www.diocesi.torino.it\/scuola\/#\/schema\/person\/image\/\",\"url\":\"https:\/\/secure.gravatar.com\/avatar\/972a5441d5f639f8f9cd48b7fd717b76?s=96&d=mm&r=g\",\"contentUrl\":\"https:\/\/secure.gravatar.com\/avatar\/972a5441d5f639f8f9cd48b7fd717b76?s=96&d=mm&r=g\",\"caption\":\"abertolazzi\"},\"url\":\"https:\/\/www.diocesi.torino.it\/scuola\/author\/abertolazzi\/\"}]}<\/script>\n<!-- \/ Yoast SEO plugin. -->","yoast_head_json":{"title":"\"Buon 1\u00b0 settembre: che profumi di nuovo!\" - Pastorale SCOLASTICA","robots":{"index":"index","follow":"follow","max-snippet":"max-snippet:-1","max-image-preview":"max-image-preview:large","max-video-preview":"max-video-preview:-1"},"canonical":"https:\/\/www.diocesi.torino.it\/scuola\/2026\/08\/31\/buon-1-settembre-che-profumi-di-nuovo\/","og_locale":"it_IT","og_type":"article","og_title":"\"Buon 1\u00b0 settembre: che profumi di nuovo!\" - Pastorale SCOLASTICA","og_description":"BUON PRIMO SETTEMBRE: CHE PROFUMI DI NUOVO! Il primo settembre \u00e8 come il luned\u00ec mattina della settimana: ha il gusto, retrogrado, di inizio e di fine, un punto in mezzo a tutto il resto. \u00c8 l\u2019estate: giugno somiglia al venerd\u00ec, luglio al sabato, agosto alla domenica. Settembre, invece, assomiglia a un perfetto adolescente: porta con s\u00e9 la nostalgia del mare e, insieme, l\u2019ansia per ci\u00f2 &hellip; Continua a leggere &raquo;","og_url":"https:\/\/www.diocesi.torino.it\/scuola\/2026\/08\/31\/buon-1-settembre-che-profumi-di-nuovo\/","og_site_name":"Pastorale SCOLASTICA","article_published_time":"2026-08-31T15:30:28+00:00","article_modified_time":"2026-08-31T17:10:29+00:00","og_image":[{"width":1200,"height":800,"url":"https:\/\/www.diocesi.torino.it\/scuola\/wp-content\/uploads\/sites\/18\/2023\/09\/scuola_cattolica_SIR-Gennari.jpg","type":"image\/jpeg"}],"author":"abertolazzi","twitter_card":"summary_large_image","twitter_misc":{"Scritto da":"abertolazzi","Tempo di lettura stimato":"3 minuti"},"schema":{"@context":"https:\/\/schema.org","@graph":[{"@type":"WebPage","@id":"https:\/\/www.diocesi.torino.it\/scuola\/2026\/08\/31\/buon-1-settembre-che-profumi-di-nuovo\/","url":"https:\/\/www.diocesi.torino.it\/scuola\/2026\/08\/31\/buon-1-settembre-che-profumi-di-nuovo\/","name":"\"Buon 1\u00b0 settembre: che profumi di nuovo!\" - Pastorale SCOLASTICA","isPartOf":{"@id":"https:\/\/www.diocesi.torino.it\/scuola\/#website"},"datePublished":"2026-08-31T15:30:28+00:00","dateModified":"2026-08-31T17:10:29+00:00","author":{"@id":"https:\/\/www.diocesi.torino.it\/scuola\/#\/schema\/person\/0f718632ce90379c4d6b47f54c065dfd"},"breadcrumb":{"@id":"https:\/\/www.diocesi.torino.it\/scuola\/2026\/08\/31\/buon-1-settembre-che-profumi-di-nuovo\/#breadcrumb"},"inLanguage":"it-IT","potentialAction":[{"@type":"ReadAction","target":["https:\/\/www.diocesi.torino.it\/scuola\/2026\/08\/31\/buon-1-settembre-che-profumi-di-nuovo\/"]}]},{"@type":"BreadcrumbList","@id":"https:\/\/www.diocesi.torino.it\/scuola\/2026\/08\/31\/buon-1-settembre-che-profumi-di-nuovo\/#breadcrumb","itemListElement":[{"@type":"ListItem","position":1,"name":"Home","item":"https:\/\/www.diocesi.torino.it\/scuola\/"},{"@type":"ListItem","position":2,"name":"&#8220;Buon 1\u00b0 settembre: che profumi di nuovo!&#8221;"}]},{"@type":"WebSite","@id":"https:\/\/www.diocesi.torino.it\/scuola\/#website","url":"https:\/\/www.diocesi.torino.it\/scuola\/","name":"Pastorale SCOLASTICA","description":"","potentialAction":[{"@type":"SearchAction","target":{"@type":"EntryPoint","urlTemplate":"https:\/\/www.diocesi.torino.it\/scuola\/?s={search_term_string}"},"query-input":"required name=search_term_string"}],"inLanguage":"it-IT"},{"@type":"Person","@id":"https:\/\/www.diocesi.torino.it\/scuola\/#\/schema\/person\/0f718632ce90379c4d6b47f54c065dfd","name":"abertolazzi","image":{"@type":"ImageObject","inLanguage":"it-IT","@id":"https:\/\/www.diocesi.torino.it\/scuola\/#\/schema\/person\/image\/","url":"https:\/\/secure.gravatar.com\/avatar\/972a5441d5f639f8f9cd48b7fd717b76?s=96&d=mm&r=g","contentUrl":"https:\/\/secure.gravatar.com\/avatar\/972a5441d5f639f8f9cd48b7fd717b76?s=96&d=mm&r=g","caption":"abertolazzi"},"url":"https:\/\/www.diocesi.torino.it\/scuola\/author\/abertolazzi\/"}]}},"_links":{"self":[{"href":"https:\/\/www.diocesi.torino.it\/scuola\/wp-json\/wp\/v2\/posts\/19340"}],"collection":[{"href":"https:\/\/www.diocesi.torino.it\/scuola\/wp-json\/wp\/v2\/posts"}],"about":[{"href":"https:\/\/www.diocesi.torino.it\/scuola\/wp-json\/wp\/v2\/types\/post"}],"author":[{"embeddable":true,"href":"https:\/\/www.diocesi.torino.it\/scuola\/wp-json\/wp\/v2\/users\/27"}],"replies":[{"embeddable":true,"href":"https:\/\/www.diocesi.torino.it\/scuola\/wp-json\/wp\/v2\/comments?post=19340"}],"version-history":[{"count":10,"href":"https:\/\/www.diocesi.torino.it\/scuola\/wp-json\/wp\/v2\/posts\/19340\/revisions"}],"predecessor-version":[{"id":19484,"href":"https:\/\/www.diocesi.torino.it\/scuola\/wp-json\/wp\/v2\/posts\/19340\/revisions\/19484"}],"wp:featuredmedia":[{"embeddable":true,"href":"https:\/\/www.diocesi.torino.it\/scuola\/wp-json\/wp\/v2\/media\/7202"}],"wp:attachment":[{"href":"https:\/\/www.diocesi.torino.it\/scuola\/wp-json\/wp\/v2\/media?parent=19340"}],"wp:term":[{"taxonomy":"category","embeddable":true,"href":"https:\/\/www.diocesi.torino.it\/scuola\/wp-json\/wp\/v2\/categories?post=19340"},{"taxonomy":"post_tag","embeddable":true,"href":"https:\/\/www.diocesi.torino.it\/scuola\/wp-json\/wp\/v2\/tags?post=19340"}],"curies":[{"name":"wp","href":"https:\/\/api.w.org\/{rel}","templated":true}]}}