{"id":4780,"date":"2021-02-22T09:44:57","date_gmt":"2021-02-22T08:44:57","guid":{"rendered":"http:\/\/www.diocesi.torino.it\/scuola\/?p=4780"},"modified":"2021-03-19T10:05:55","modified_gmt":"2021-03-19T09:05:55","slug":"ti-voglio-ancora-bene-il-contagio-dellamore","status":"publish","type":"post","link":"https:\/\/www.diocesi.torino.it\/scuola\/2021\/02\/22\/ti-voglio-ancora-bene-il-contagio-dellamore\/","title":{"rendered":"TI VOGLIO (ANCORA) BENE &#8211; Il contagio dell&#8217;amore"},"content":{"rendered":"<p>Anche quest&#8217;anno la &#8220;<strong>Settimana della Scuola e dell&#8217;Universit\u00e0<\/strong>&#8221; propone, dal 15 al 19 marzo 2021, attivit\u00e0 specifiche per ogni grado dell&#8217;istruzione pubblica statale, paritaria e della formazione professionale.<\/p>\n<p>Con il titolo di quest&#8217;anno, &#8220;<strong>Ti voglio (ancora) bene<\/strong> &#8211; <em>il contagio dell&#8217;amore<\/em>&#8220;, desideriamo rivolgere la nostra attenzione al tema delle relazioni, proprio questo \u00e8 infatti l&#8217;aspetto della vita scolastica, e non solo, che \u00e8 stato messo pi\u00f9 in difficolt\u00e0. Le relazioni non sono infatti semplicemente un aspetto della nostra vita, bens\u00ec possiamo dire che esse costituiscono la trama pi\u00f9 profonda della nostra identit\u00e0. E&#8217; dall&#8217;essere riconosciuti e voluti bene per il semplice fatto di esserci che inizia la stima di s\u00e9; e forse \u00e8 proprio questo riconoscimento quello che cerchiamo nei tanti modi (non solo social) in cui chiediamo un &#8220;like&#8221;.<\/p>\n<p>Tutte le iniziative sono state ideate per consentire la partecipazione degli insegnanti assieme alla loro classe. Al termine della &#8220;Settimana&#8221;, invece, \u00e8 previsto un incontro dedicato esclusivamente a dirigenti, docenti e genitori.<\/p>\n<p>Le attivit\u00e0 si svolgeranno esclusivamente on-line, a causa delle ben note limitazioni alle attivit\u00e0 in presenza, dovute al contenimento della pandemia. La piattaforma utilizzata sar\u00e0 YouTube (per cui non sar\u00e0 necessario installare alcun software aggiuntivo) e si acceder\u00e0 tramite il link che giunger\u00e0 a suo tempo sulla mail inserita in fase di iscrizione.<\/p>\n<p>Cliccando sui link sottostanti potrete trovare una breve descrizione dell&#8217;iniziativa prevista, nonch\u00e9 il relativo modulo di iscrizione.<\/p>\n<ul>\n<li><a href=\"http:\/\/www.diocesi.torino.it\/scuola\/settimana-della-scuola-e-delluniversita-2020-21-2\/\">Scuola dell&#8217;Infanzia e prima classe della Scuola Primaria<\/a><\/li>\n<li><a href=\"http:\/\/www.diocesi.torino.it\/scuola\/attivita-per-la-scuola-primaria\/\">Scuola Primaria (dalla classe seconda alla quinta)<\/a><\/li>\n<li><a href=\"https:\/\/www.diocesi.torino.it\/scuola\/?page_id=4551&amp;preview=true\">Scuola Secondaria di Primo Grado<\/a><\/li>\n<li><a href=\"http:\/\/www.diocesi.torino.it\/scuola\/attivita-per-la-scuola-secondaria-di-ii-grado\/\">Scuola Secondaria di Secondo Grado<\/a><\/li>\n<li><a href=\"http:\/\/www.diocesi.torino.it\/scuola\/incontyro-on-line-del-19-marzo-2021\/\">Incontro per insegnanti, dirigenti, genitori<\/a><\/li>\n<\/ul>\n<p>A tutti gli incontri della settimana porter\u00e0 il suo saluto l\u2019Arcivescovo di Torino mons. Cesare Nosiglia.<\/p>\n<p><strong><span style=\"color: #ff0000;\">ISCRIZIONI DAL 10 FEBBRAIO AL 10 MARZO 2021<\/span><\/strong><\/p>\n<p>In fondo alla pagina sono scaricabili in formato PDF il volantino (sia in formato &#8220;pieghevole&#8221; che in formato &#8220;smartphone&#8221;) e la locandina.<\/p>\n<hr class=\"wpba_attachment_hr\"><div id='wpba_attachment_list' class='wpba wpba-wrap'>\n<ul class='wpba-attachment-list unstyled'><li id='wpba_attachment_list_4689' class='wpba-list-item pull-left'><img src='https:\/\/www.diocesi.torino.it\/scuola\/wp-content\/themes\/wp-starter-so\/icons\/document.png' width='16' height='20' class='wpba-icon pull-left'><a href='https:\/\/www.diocesi.torino.it\/scuola\/wp-content\/uploads\/sites\/18\/2021\/02\/SETT-DELLA-SCUOLA.pdf' title='SETT_SCUOLA_A4' class='wpba-link pull-left' target=\"_blank\">SETT_SCUOLA_A4<\/a><\/li>\n<li id='wpba_attachment_list_4688' class='wpba-list-item pull-left'><img src='https:\/\/www.diocesi.torino.it\/scuola\/wp-content\/themes\/wp-starter-so\/icons\/document.png' width='16' height='20' class='wpba-icon pull-left'><a href='https:\/\/www.diocesi.torino.it\/scuola\/wp-content\/uploads\/sites\/18\/2021\/02\/PIEGHEVOLE_SETT_SCUOLA_OK.pdf' title='SETT_SCUOLA_PIEGHEVOLE' class='wpba-link pull-left' target=\"_blank\">SETT_SCUOLA_PIEGHEVOLE<\/a><\/li>\n<\/ul><\/div>\n","protected":false},"excerpt":{"rendered":"<p>Anche quest&#8217;anno la &#8220;Settimana della Scuola e dell&#8217;Universit\u00e0&#8221; propone, dal 15 al 19 marzo 2021, attivit\u00e0 specifiche per ogni grado dell&#8217;istruzione pubblica statale, paritaria e della formazione professionale. Con il titolo di quest&#8217;anno, &#8220;Ti voglio (ancora) bene &#8211; il contagio dell&#8217;amore&#8220;, desideriamo rivolgere la nostra attenzione al tema delle relazioni, proprio questo \u00e8 infatti l&#8217;aspetto della vita scolastica, e non solo, che \u00e8 stato messo &hellip; <a href=\"https:\/\/www.diocesi.torino.it\/scuola\/2021\/02\/22\/ti-voglio-ancora-bene-il-contagio-dellamore\/\" class=\"more-link\">Continua a leggere <span class=\"screen-reader-text\"><\/span> <span class=\"meta-nav\">&raquo;<\/span><\/a><\/p>\n","protected":false},"author":27,"featured_media":4648,"comment_status":"closed","ping_status":"closed","sticky":false,"template":"","format":"standard","meta":{"ip_address":"","user_agent":"","level":"","revision":"","cookie_id":"","page_referer":"","html_form":"","_expiration-date-status":"saved","_expiration-date":0,"_expiration-date-type":"","_expiration-date-categories":[],"_expiration-date-options":[]},"categories":[104,105],"tags":[],"acf":[],"yoast_head":"<!-- This site is optimized with the Yoast SEO plugin v20.8 - https:\/\/yoast.com\/wordpress\/plugins\/seo\/ -->\n<title>TI VOGLIO (ANCORA) BENE - Il contagio dell&#039;amore - Pastorale SCOLASTICA<\/title>\n<meta name=\"robots\" content=\"index, follow, max-snippet:-1, max-image-preview:large, max-video-preview:-1\" \/>\n<link rel=\"canonical\" href=\"https:\/\/www.diocesi.torino.it\/scuola\/2021\/02\/22\/ti-voglio-ancora-bene-il-contagio-dellamore\/\" \/>\n<meta property=\"og:locale\" content=\"it_IT\" \/>\n<meta property=\"og:type\" content=\"article\" \/>\n<meta property=\"og:title\" content=\"TI VOGLIO (ANCORA) BENE - Il contagio dell&#039;amore - Pastorale SCOLASTICA\" \/>\n<meta property=\"og:description\" content=\"Anche quest&#8217;anno la &#8220;Settimana della Scuola e dell&#8217;Universit\u00e0&#8221; propone, dal 15 al 19 marzo 2021, attivit\u00e0 specifiche per ogni grado dell&#8217;istruzione pubblica statale, paritaria e della formazione professionale. Con il titolo di quest&#8217;anno, &#8220;Ti voglio (ancora) bene &#8211; il contagio dell&#8217;amore&#8220;, desideriamo rivolgere la nostra attenzione al tema delle relazioni, proprio questo \u00e8 infatti l&#8217;aspetto della vita scolastica, e non solo, che \u00e8 stato messo &hellip; Continua a leggere &raquo;\" \/>\n<meta property=\"og:url\" content=\"https:\/\/www.diocesi.torino.it\/scuola\/2021\/02\/22\/ti-voglio-ancora-bene-il-contagio-dellamore\/\" \/>\n<meta property=\"og:site_name\" content=\"Pastorale SCOLASTICA\" \/>\n<meta property=\"article:published_time\" content=\"2021-02-22T08:44:57+00:00\" \/>\n<meta property=\"article:modified_time\" content=\"2021-03-19T09:05:55+00:00\" \/>\n<meta property=\"og:image\" content=\"https:\/\/www.diocesi.torino.it\/scuola\/wp-content\/uploads\/sites\/18\/2021\/02\/Immagine-SEttimana.png\" \/>\n\t<meta property=\"og:image:width\" content=\"637\" \/>\n\t<meta property=\"og:image:height\" content=\"894\" \/>\n\t<meta property=\"og:image:type\" content=\"image\/png\" \/>\n<meta name=\"author\" content=\"abertolazzi\" \/>\n<meta name=\"twitter:card\" content=\"summary_large_image\" \/>\n<meta name=\"twitter:label1\" content=\"Scritto da\" \/>\n\t<meta name=\"twitter:data1\" content=\"abertolazzi\" \/>\n\t<meta name=\"twitter:label2\" content=\"Tempo di lettura stimato\" \/>\n\t<meta name=\"twitter:data2\" content=\"1 minuto\" \/>\n<script type=\"application\/ld+json\" class=\"yoast-schema-graph\">{\"@context\":\"https:\/\/schema.org\",\"@graph\":[{\"@type\":\"WebPage\",\"@id\":\"https:\/\/www.diocesi.torino.it\/scuola\/2021\/02\/22\/ti-voglio-ancora-bene-il-contagio-dellamore\/\",\"url\":\"https:\/\/www.diocesi.torino.it\/scuola\/2021\/02\/22\/ti-voglio-ancora-bene-il-contagio-dellamore\/\",\"name\":\"TI VOGLIO (ANCORA) BENE - Il contagio dell'amore - Pastorale SCOLASTICA\",\"isPartOf\":{\"@id\":\"https:\/\/www.diocesi.torino.it\/scuola\/#website\"},\"datePublished\":\"2021-02-22T08:44:57+00:00\",\"dateModified\":\"2021-03-19T09:05:55+00:00\",\"author\":{\"@id\":\"https:\/\/www.diocesi.torino.it\/scuola\/#\/schema\/person\/0f718632ce90379c4d6b47f54c065dfd\"},\"breadcrumb\":{\"@id\":\"https:\/\/www.diocesi.torino.it\/scuola\/2021\/02\/22\/ti-voglio-ancora-bene-il-contagio-dellamore\/#breadcrumb\"},\"inLanguage\":\"it-IT\",\"potentialAction\":[{\"@type\":\"ReadAction\",\"target\":[\"https:\/\/www.diocesi.torino.it\/scuola\/2021\/02\/22\/ti-voglio-ancora-bene-il-contagio-dellamore\/\"]}]},{\"@type\":\"BreadcrumbList\",\"@id\":\"https:\/\/www.diocesi.torino.it\/scuola\/2021\/02\/22\/ti-voglio-ancora-bene-il-contagio-dellamore\/#breadcrumb\",\"itemListElement\":[{\"@type\":\"ListItem\",\"position\":1,\"name\":\"Home\",\"item\":\"https:\/\/www.diocesi.torino.it\/scuola\/\"},{\"@type\":\"ListItem\",\"position\":2,\"name\":\"TI VOGLIO (ANCORA) BENE &#8211; Il contagio dell&#8217;amore\"}]},{\"@type\":\"WebSite\",\"@id\":\"https:\/\/www.diocesi.torino.it\/scuola\/#website\",\"url\":\"https:\/\/www.diocesi.torino.it\/scuola\/\",\"name\":\"Pastorale SCOLASTICA\",\"description\":\"\",\"potentialAction\":[{\"@type\":\"SearchAction\",\"target\":{\"@type\":\"EntryPoint\",\"urlTemplate\":\"https:\/\/www.diocesi.torino.it\/scuola\/?s={search_term_string}\"},\"query-input\":\"required name=search_term_string\"}],\"inLanguage\":\"it-IT\"},{\"@type\":\"Person\",\"@id\":\"https:\/\/www.diocesi.torino.it\/scuola\/#\/schema\/person\/0f718632ce90379c4d6b47f54c065dfd\",\"name\":\"abertolazzi\",\"image\":{\"@type\":\"ImageObject\",\"inLanguage\":\"it-IT\",\"@id\":\"https:\/\/www.diocesi.torino.it\/scuola\/#\/schema\/person\/image\/\",\"url\":\"https:\/\/secure.gravatar.com\/avatar\/972a5441d5f639f8f9cd48b7fd717b76?s=96&d=mm&r=g\",\"contentUrl\":\"https:\/\/secure.gravatar.com\/avatar\/972a5441d5f639f8f9cd48b7fd717b76?s=96&d=mm&r=g\",\"caption\":\"abertolazzi\"},\"url\":\"https:\/\/www.diocesi.torino.it\/scuola\/author\/abertolazzi\/\"}]}<\/script>\n<!-- \/ Yoast SEO plugin. -->","yoast_head_json":{"title":"TI VOGLIO (ANCORA) BENE - Il contagio dell'amore - Pastorale SCOLASTICA","robots":{"index":"index","follow":"follow","max-snippet":"max-snippet:-1","max-image-preview":"max-image-preview:large","max-video-preview":"max-video-preview:-1"},"canonical":"https:\/\/www.diocesi.torino.it\/scuola\/2021\/02\/22\/ti-voglio-ancora-bene-il-contagio-dellamore\/","og_locale":"it_IT","og_type":"article","og_title":"TI VOGLIO (ANCORA) BENE - Il contagio dell'amore - Pastorale SCOLASTICA","og_description":"Anche quest&#8217;anno la &#8220;Settimana della Scuola e dell&#8217;Universit\u00e0&#8221; propone, dal 15 al 19 marzo 2021, attivit\u00e0 specifiche per ogni grado dell&#8217;istruzione pubblica statale, paritaria e della formazione professionale. Con il titolo di quest&#8217;anno, &#8220;Ti voglio (ancora) bene &#8211; il contagio dell&#8217;amore&#8220;, desideriamo rivolgere la nostra attenzione al tema delle relazioni, proprio questo \u00e8 infatti l&#8217;aspetto della vita scolastica, e non solo, che \u00e8 stato messo &hellip; Continua a leggere &raquo;","og_url":"https:\/\/www.diocesi.torino.it\/scuola\/2021\/02\/22\/ti-voglio-ancora-bene-il-contagio-dellamore\/","og_site_name":"Pastorale SCOLASTICA","article_published_time":"2021-02-22T08:44:57+00:00","article_modified_time":"2021-03-19T09:05:55+00:00","og_image":[{"width":637,"height":894,"url":"https:\/\/www.diocesi.torino.it\/scuola\/wp-content\/uploads\/sites\/18\/2021\/02\/Immagine-SEttimana.png","type":"image\/png"}],"author":"abertolazzi","twitter_card":"summary_large_image","twitter_misc":{"Scritto da":"abertolazzi","Tempo di lettura stimato":"1 minuto"},"schema":{"@context":"https:\/\/schema.org","@graph":[{"@type":"WebPage","@id":"https:\/\/www.diocesi.torino.it\/scuola\/2021\/02\/22\/ti-voglio-ancora-bene-il-contagio-dellamore\/","url":"https:\/\/www.diocesi.torino.it\/scuola\/2021\/02\/22\/ti-voglio-ancora-bene-il-contagio-dellamore\/","name":"TI VOGLIO (ANCORA) BENE - Il contagio dell'amore - Pastorale SCOLASTICA","isPartOf":{"@id":"https:\/\/www.diocesi.torino.it\/scuola\/#website"},"datePublished":"2021-02-22T08:44:57+00:00","dateModified":"2021-03-19T09:05:55+00:00","author":{"@id":"https:\/\/www.diocesi.torino.it\/scuola\/#\/schema\/person\/0f718632ce90379c4d6b47f54c065dfd"},"breadcrumb":{"@id":"https:\/\/www.diocesi.torino.it\/scuola\/2021\/02\/22\/ti-voglio-ancora-bene-il-contagio-dellamore\/#breadcrumb"},"inLanguage":"it-IT","potentialAction":[{"@type":"ReadAction","target":["https:\/\/www.diocesi.torino.it\/scuola\/2021\/02\/22\/ti-voglio-ancora-bene-il-contagio-dellamore\/"]}]},{"@type":"BreadcrumbList","@id":"https:\/\/www.diocesi.torino.it\/scuola\/2021\/02\/22\/ti-voglio-ancora-bene-il-contagio-dellamore\/#breadcrumb","itemListElement":[{"@type":"ListItem","position":1,"name":"Home","item":"https:\/\/www.diocesi.torino.it\/scuola\/"},{"@type":"ListItem","position":2,"name":"TI VOGLIO (ANCORA) BENE &#8211; Il contagio dell&#8217;amore"}]},{"@type":"WebSite","@id":"https:\/\/www.diocesi.torino.it\/scuola\/#website","url":"https:\/\/www.diocesi.torino.it\/scuola\/","name":"Pastorale SCOLASTICA","description":"","potentialAction":[{"@type":"SearchAction","target":{"@type":"EntryPoint","urlTemplate":"https:\/\/www.diocesi.torino.it\/scuola\/?s={search_term_string}"},"query-input":"required name=search_term_string"}],"inLanguage":"it-IT"},{"@type":"Person","@id":"https:\/\/www.diocesi.torino.it\/scuola\/#\/schema\/person\/0f718632ce90379c4d6b47f54c065dfd","name":"abertolazzi","image":{"@type":"ImageObject","inLanguage":"it-IT","@id":"https:\/\/www.diocesi.torino.it\/scuola\/#\/schema\/person\/image\/","url":"https:\/\/secure.gravatar.com\/avatar\/972a5441d5f639f8f9cd48b7fd717b76?s=96&d=mm&r=g","contentUrl":"https:\/\/secure.gravatar.com\/avatar\/972a5441d5f639f8f9cd48b7fd717b76?s=96&d=mm&r=g","caption":"abertolazzi"},"url":"https:\/\/www.diocesi.torino.it\/scuola\/author\/abertolazzi\/"}]}},"_links":{"self":[{"href":"https:\/\/www.diocesi.torino.it\/scuola\/wp-json\/wp\/v2\/posts\/4780"}],"collection":[{"href":"https:\/\/www.diocesi.torino.it\/scuola\/wp-json\/wp\/v2\/posts"}],"about":[{"href":"https:\/\/www.diocesi.torino.it\/scuola\/wp-json\/wp\/v2\/types\/post"}],"author":[{"embeddable":true,"href":"https:\/\/www.diocesi.torino.it\/scuola\/wp-json\/wp\/v2\/users\/27"}],"replies":[{"embeddable":true,"href":"https:\/\/www.diocesi.torino.it\/scuola\/wp-json\/wp\/v2\/comments?post=4780"}],"version-history":[{"count":13,"href":"https:\/\/www.diocesi.torino.it\/scuola\/wp-json\/wp\/v2\/posts\/4780\/revisions"}],"predecessor-version":[{"id":5027,"href":"https:\/\/www.diocesi.torino.it\/scuola\/wp-json\/wp\/v2\/posts\/4780\/revisions\/5027"}],"wp:featuredmedia":[{"embeddable":true,"href":"https:\/\/www.diocesi.torino.it\/scuola\/wp-json\/wp\/v2\/media\/4648"}],"wp:attachment":[{"href":"https:\/\/www.diocesi.torino.it\/scuola\/wp-json\/wp\/v2\/media?parent=4780"}],"wp:term":[{"taxonomy":"category","embeddable":true,"href":"https:\/\/www.diocesi.torino.it\/scuola\/wp-json\/wp\/v2\/categories?post=4780"},{"taxonomy":"post_tag","embeddable":true,"href":"https:\/\/www.diocesi.torino.it\/scuola\/wp-json\/wp\/v2\/tags?post=4780"}],"curies":[{"name":"wp","href":"https:\/\/api.w.org\/{rel}","templated":true}]}}