{"id":11296,"date":"2026-04-29T14:53:38","date_gmt":"2026-04-29T12:53:38","guid":{"rendered":"https:\/\/www.diocesi.torino.it\/socialeelavoro\/?p=11296"},"modified":"2026-04-29T15:01:57","modified_gmt":"2026-04-29T13:01:57","slug":"mondi-sommersi","status":"publish","type":"post","link":"https:\/\/www.diocesi.torino.it\/socialeelavoro\/mondi-sommersi\/","title":{"rendered":"MONDI SOMMERSI"},"content":{"rendered":"<p>Attraverso questo primo dossier, sviluppato secondo il modello vedere-giudicare-agire, la Pastorale Sociale<br \/>\ne del Lavoro intende proporre sperimentalmente una modalit\u00e0 di animazione rivolta alle comunit\u00e0<br \/>\nparrocchiali in occasione della Festa del Lavoro del Primo Maggio. A tal fine, si invita a utilizzare il<br \/>\npresente strumento e a segnalare eventuali punti di forza e aree di miglioramento. L\u2019obiettivo \u00e8 realizzare<br \/>\nuno strumento realmente utile ed efficace per l\u2019animazione della comunit\u00e0 cristiana e civile sui temi<br \/>\nlegati al lavoro.<br \/>\nQuesto strumento \u00e8 stato concepito per supportare la comunit\u00e0 nella riflessione e nella preghiera<br \/>\nsul tema del lavoro, nella consapevolezza che tale ambito rappresenta un elemento centrale della vita<br \/>\npersonale, sociale e spirituale di ciascun individuo e di ogni collettivit\u00e0. La celebrazione di una festivit\u00e0<br \/>\nassume anche il significato di ripercorrere le origini dell\u2019evento stesso, favorendo il recupero dello<br \/>\nspirito originario e la sua rilettura nel contesto sociale ed economico attuale. Il Primo Maggio \u00e8 nato<br \/>\ncome occasione per ricordare le battaglie intraprese da lavoratori e lavoratrici con l\u2019obiettivo di rendere<br \/>\nil lavoro pi\u00f9 equo, sicuro e conforme alle esigenze umane. Attualmente, persistono situazioni di disagio<br \/>\ne difficolt\u00e0 nel contesto lavorativo, diverse da quelle della fine del XIX secolo, ma comunque rilevanti<br \/>\ne complesse. \u00c8 necessario, pertanto, porre nuovamente l\u2019attenzione sulle ingiustizie che si manifestano<br \/>\nin ambito economico e lavorativo, poich\u00e9 tali dinamiche rappresentano spesso una fonte significativa di<br \/>\ntensione e disuguaglianza sociale.<br \/>\nMondi sommersi \u00e8 il titolo del dossier che state per consultare, invitando all\u2019approfondimento secondo<br \/>\nle modalit\u00e0 che riterrete pi\u00f9 appropriate. Attualmente, risulta complesso analizzare con precisione<br \/>\nle dinamiche di diseguaglianza e ingiustizia nel contesto lavorativo, poich\u00e9 tale ambito \u00e8 spesso poco<br \/>\nraccontato e meno percepibile rispetto al passato. Se in precedenza il lavoro rappresentava un pilastro<br \/>\nnell\u2019organizzazione sociale, oggi esso \u00e8 interessato da processi di soggettivazione che ne aumentano la<br \/>\npluralit\u00e0, la frammentazione e ne riducono l\u2019identificazione con categorie sociali tradizionali.<br \/>\nMondi sommersi rappresenta il nostro intento annuale di approfondire quelle realt\u00e0 spesso trascurate,<br \/>\nsia come problematiche sia come potenziali risorse e opportunit\u00e0. In occasione del Primo Maggio<br \/>\n2026, vogliamo focalizzarci sul fenomeno dei working poor (i cosiddetti lavoratori poveri), che evidenzia<br \/>\nquanto il mercato del lavoro italiano rischi di accentuare le sue storiche debolezze: giovani precari senza<br \/>\nprospettive di autonomia, una bassa partecipazione delle donne, e persone con background migratorio<br \/>\nimpiegate frequentemente in condizioni ai limiti della dignit\u00e0 umana. Il fenomeno del lavoro povero<br \/>\nrappresenta una criticit\u00e0 che compromette i principi sociali sanciti dalla Costituzione repubblicana. In<br \/>\ntale contesto, il lavoro non costituisce pi\u00f9 necessariamente un\u2019opportunit\u00e0 di emancipazione o uno strumento<br \/>\nper la piena cittadinanza, ma pu\u00f2 diventare fonte di tensione sia personale che sociale. Si riscontrano<br \/>\nnumerosi casi in cui individui, pur essendo occupati, non raggiungono uno standard economico<br \/>\nsufficiente a garantire il mantenimento e il sostentamento fino alla fine del mese. Le recenti rilevazioni<br \/>\ndell\u2019Osservatorio delle Risorse e delle Povert\u00e0 della Caritas diocesana confermano l\u2019aumento delle richieste<br \/>\ndi assistenza presso i centri d\u2019ascolto da parte di persone con un impiego.<br \/>\nQuesta situazione non solo compromette le opportunit\u00e0 di inclusione sociale, ma influenza anche la<br \/>\npercezione che le persone, specialmente i giovani, hanno del lavoro. Come si pu\u00f2 sperare che qualcuno<br \/>\ninvesta nella propria carriera quando il lavoro perde il suo ruolo di strumento per l\u2019inclusione, la realizzazione<br \/>\npersonale e il sostegno economico?<br \/>\nLa questione del lavoro povero evidenzia la necessit\u00e0 di superare una visione frammentaria delle politiche<br \/>\nsociali. Al giorno d\u2019oggi, accompagnare le persone verso l\u2019occupazione non risulta pi\u00f9 sufficiente;<br \/>\n\u00e8 indispensabile integrare interventi mirati nell\u2019ambito dell\u2019abitazione, della formazione e dell\u2019accesso al<br \/>\ncredito, per rendere tali condizioni pi\u00f9 sostenibili. Risulta fondamentale agire sia sul piano giuridico, attraverso<br \/>\ni processi legislativi, sia su quello economico, in collaborazione con le imprese, affinch\u00e9 il lavoro<br \/>\nrecuperi la centralit\u00e0 che gli viene attribuita dalla dottrina sociale della Chiesa.<br \/>\nMondi sommersi: \u00e8 importante che nelle nostre comunit\u00e0 ci interroghiamo sul motivo per cui anche<br \/>\ni cristiani spesso subiscono queste circostanze; il nostro ruolo \u00e8 quello di portare alla luce questa realt\u00e0,<br \/>\noffrendo spazio, ascolto e supporto.<br \/>\nNon solo problemi, ma anche opportunit\u00e0 e risorse. Seppure il lavoro povero rappresenti una distorsione<br \/>\ndell\u2019autentica funzione del lavoro, necessitiamo di mantenere uno sguardo di speranza. Per questo<br \/>\nvorrei concludere ricordando le parole di papa Francesco in occasione del suo incontro con i lavoratori<br \/>\ndell\u2019Ilva di Genova:<br \/>\nIl lavoro pu\u00f2 fare molto male perch\u00e9 pu\u00f2 fare molto bene. Il lavoro \u00e8 amico dell\u2019uomo e l\u2019uomo \u00e8 amico<br \/>\ndel lavoro, e per questo non \u00e8 facile riconoscerlo come nemico, perch\u00e9 si presenta come una persona di casa,<br \/>\nanche quando ci colpisce e ci ferisce. Gli uomini e le donne si nutrono del lavoro: con il lavoro sono \u00abunti<br \/>\ndi dignit\u00e0\u00bb. Per questa ragione, attorno al lavoro si edifica l\u2019intero patto sociale. Questo \u00e8 il nocciolo del<br \/>\nproblema. Perch\u00e9 quando non si lavora, o si lavora male, si lavora poco o si lavora troppo, \u00e8 la democrazia<br \/>\nche entra in crisi, \u00e8 tutto il patto sociale. \u00c8 anche questo il senso dell\u2019articolo 1 della Costituzione italiana,<br \/>\nche \u00e8 molto bello: \u00abL\u2019Italia \u00e8 una repubblica democratica, fondata sul lavoro\u00bb. In base a questo possiamo<br \/>\ndire che togliere il lavoro alla gente o sfruttare la gente con lavoro indegno o malpagato o come sia, \u00e8 anticostituzionale.<br \/>\nSe non fosse fondata sul lavoro, la Repubblica italiana non sarebbe una democrazia, perch\u00e9<br \/>\nil posto di lavoro lo occupano e lo hanno sempre occupato privilegi, caste, rendite.<br \/>\nBuona lettura!<br \/>\nAttendiamo vostri preziosi suggerimenti e consigli.<\/p>\n<hr class=\"wpba_attachment_hr\"><div id='wpba_attachment_list' class='wpba wpba-wrap'>\n<ul class='wpba-attachment-list unstyled'><li id='wpba_attachment_list_11297' class='wpba-list-item pull-left'><img src='https:\/\/www.diocesi.torino.it\/socialeelavoro\/wp-content\/themes\/wp-starter-so\/icons\/document.png' width='16' height='20' class='wpba-icon pull-left'><a href='https:\/\/www.diocesi.torino.it\/socialeelavoro\/wp-content\/uploads\/sites\/8\/2026\/04\/REPOLE_messaggio_festa_San_Giuseppe_Artigiano_01-05-26.pdf' title='Card. REPOLE_messaggio_festa_San_Giuseppe_Artigiano_' class='wpba-link pull-left' target=\"_blank\">Card. REPOLE_messaggio_festa_San_Giuseppe_Artigiano_<\/a><\/li>\n<li id='wpba_attachment_list_11298' class='wpba-list-item pull-left'><img src='https:\/\/www.diocesi.torino.it\/socialeelavoro\/wp-content\/themes\/wp-starter-so\/icons\/document.png' width='16' height='20' class='wpba-icon pull-left'><a href='https:\/\/www.diocesi.torino.it\/socialeelavoro\/wp-content\/uploads\/sites\/8\/2026\/04\/Dossier-Mondi-sommersi-WEB.pdf' title='Dossier Mondi Sommersi' class='wpba-link pull-left' target=\"_blank\">Dossier Mondi Sommersi<\/a><\/li>\n<\/ul><\/div>\n","protected":false},"excerpt":{"rendered":"<p>Attraverso questo primo dossier, sviluppato secondo il modello vedere-giudicare-agire, la Pastorale Sociale e del Lavoro intende proporre sperimentalmente una modalit\u00e0 di animazione rivolta alle comunit\u00e0 parrocchiali in occasione della Festa del Lavoro del Primo Maggio. A tal fine, si invita a utilizzare il presente strumento e a segnalare eventuali punti di forza e aree di miglioramento. L\u2019obiettivo \u00e8 realizzare uno strumento realmente utile ed efficace &hellip; <a href=\"https:\/\/www.diocesi.torino.it\/socialeelavoro\/mondi-sommersi\/\" class=\"more-link\">Continua a leggere <span class=\"screen-reader-text\"><\/span> <span class=\"meta-nav\">&raquo;<\/span><\/a><\/p>\n","protected":false},"author":14,"featured_media":11301,"comment_status":"closed","ping_status":"closed","sticky":false,"template":"","format":"standard","meta":{"ip_address":"","user_agent":"","level":"","revision":"","cookie_id":"","page_referer":"","html_form":"","_expiration-date-status":"","_expiration-date":0,"_expiration-date-type":"","_expiration-date-categories":[],"_expiration-date-options":[]},"categories":[130,94],"tags":[],"acf":[],"yoast_head":"<!-- This site is optimized with the Yoast SEO plugin v20.8 - https:\/\/yoast.com\/wordpress\/plugins\/seo\/ -->\n<title>MONDI SOMMERSI - Pastorale Sociale e del Lavoro<\/title>\n<meta name=\"robots\" content=\"index, follow, max-snippet:-1, max-image-preview:large, max-video-preview:-1\" \/>\n<link rel=\"canonical\" href=\"https:\/\/www.diocesi.torino.it\/socialeelavoro\/mondi-sommersi\/\" \/>\n<meta property=\"og:locale\" content=\"it_IT\" \/>\n<meta property=\"og:type\" content=\"article\" \/>\n<meta property=\"og:title\" content=\"MONDI SOMMERSI - Pastorale Sociale e del Lavoro\" \/>\n<meta property=\"og:description\" content=\"Attraverso questo primo dossier, sviluppato secondo il modello vedere-giudicare-agire, la Pastorale Sociale e del Lavoro intende proporre sperimentalmente una modalit\u00e0 di animazione rivolta alle comunit\u00e0 parrocchiali in occasione della Festa del Lavoro del Primo Maggio. A tal fine, si invita a utilizzare il presente strumento e a segnalare eventuali punti di forza e aree di miglioramento. L\u2019obiettivo \u00e8 realizzare uno strumento realmente utile ed efficace &hellip; Continua a leggere &raquo;\" \/>\n<meta property=\"og:url\" content=\"https:\/\/www.diocesi.torino.it\/socialeelavoro\/mondi-sommersi\/\" \/>\n<meta property=\"og:site_name\" content=\"Pastorale Sociale e del Lavoro\" \/>\n<meta property=\"article:published_time\" content=\"2026-04-29T12:53:38+00:00\" \/>\n<meta property=\"article:modified_time\" content=\"2026-04-29T13:01:57+00:00\" \/>\n<meta property=\"og:image\" content=\"https:\/\/www.diocesi.torino.it\/socialeelavoro\/wp-content\/uploads\/sites\/8\/2026\/04\/ATTI-1.jpg\" \/>\n\t<meta property=\"og:image:width\" content=\"1978\" \/>\n\t<meta property=\"og:image:height\" content=\"939\" \/>\n\t<meta property=\"og:image:type\" content=\"image\/jpeg\" \/>\n<meta name=\"author\" content=\"ivanachicco\" \/>\n<meta name=\"twitter:card\" content=\"summary_large_image\" \/>\n<meta name=\"twitter:label1\" content=\"Scritto da\" \/>\n\t<meta name=\"twitter:data1\" content=\"ivanachicco\" \/>\n\t<meta name=\"twitter:label2\" content=\"Tempo di lettura stimato\" \/>\n\t<meta name=\"twitter:data2\" content=\"5 minuti\" \/>\n<script type=\"application\/ld+json\" class=\"yoast-schema-graph\">{\"@context\":\"https:\/\/schema.org\",\"@graph\":[{\"@type\":\"Article\",\"@id\":\"https:\/\/www.diocesi.torino.it\/socialeelavoro\/mondi-sommersi\/#article\",\"isPartOf\":{\"@id\":\"https:\/\/www.diocesi.torino.it\/socialeelavoro\/mondi-sommersi\/\"},\"author\":{\"name\":\"ivanachicco\",\"@id\":\"https:\/\/www.diocesi.torino.it\/socialeelavoro\/#\/schema\/person\/452dbad6ff116421cdf60fc8c9fdc95b\"},\"headline\":\"MONDI SOMMERSI\",\"datePublished\":\"2026-04-29T12:53:38+00:00\",\"dateModified\":\"2026-04-29T13:01:57+00:00\",\"mainEntityOfPage\":{\"@id\":\"https:\/\/www.diocesi.torino.it\/socialeelavoro\/mondi-sommersi\/\"},\"wordCount\":907,\"publisher\":{\"@id\":\"https:\/\/www.diocesi.torino.it\/socialeelavoro\/#organization\"},\"articleSection\":[\"DOCUMENTI\",\"News dagli uffici\"],\"inLanguage\":\"it-IT\"},{\"@type\":\"WebPage\",\"@id\":\"https:\/\/www.diocesi.torino.it\/socialeelavoro\/mondi-sommersi\/\",\"url\":\"https:\/\/www.diocesi.torino.it\/socialeelavoro\/mondi-sommersi\/\",\"name\":\"MONDI SOMMERSI - Pastorale Sociale e del Lavoro\",\"isPartOf\":{\"@id\":\"https:\/\/www.diocesi.torino.it\/socialeelavoro\/#website\"},\"datePublished\":\"2026-04-29T12:53:38+00:00\",\"dateModified\":\"2026-04-29T13:01:57+00:00\",\"breadcrumb\":{\"@id\":\"https:\/\/www.diocesi.torino.it\/socialeelavoro\/mondi-sommersi\/#breadcrumb\"},\"inLanguage\":\"it-IT\",\"potentialAction\":[{\"@type\":\"ReadAction\",\"target\":[\"https:\/\/www.diocesi.torino.it\/socialeelavoro\/mondi-sommersi\/\"]}]},{\"@type\":\"BreadcrumbList\",\"@id\":\"https:\/\/www.diocesi.torino.it\/socialeelavoro\/mondi-sommersi\/#breadcrumb\",\"itemListElement\":[{\"@type\":\"ListItem\",\"position\":1,\"name\":\"Home\",\"item\":\"https:\/\/www.diocesi.torino.it\/socialeelavoro\/\"},{\"@type\":\"ListItem\",\"position\":2,\"name\":\"MONDI SOMMERSI\"}]},{\"@type\":\"WebSite\",\"@id\":\"https:\/\/www.diocesi.torino.it\/socialeelavoro\/#website\",\"url\":\"https:\/\/www.diocesi.torino.it\/socialeelavoro\/\",\"name\":\"Pastorale Sociale e del Lavoro\",\"description\":\"\",\"publisher\":{\"@id\":\"https:\/\/www.diocesi.torino.it\/socialeelavoro\/#organization\"},\"potentialAction\":[{\"@type\":\"SearchAction\",\"target\":{\"@type\":\"EntryPoint\",\"urlTemplate\":\"https:\/\/www.diocesi.torino.it\/socialeelavoro\/?s={search_term_string}\"},\"query-input\":\"required name=search_term_string\"}],\"inLanguage\":\"it-IT\"},{\"@type\":\"Organization\",\"@id\":\"https:\/\/www.diocesi.torino.it\/socialeelavoro\/#organization\",\"name\":\"Pastorale Sociale e del Lavoro\",\"url\":\"https:\/\/www.diocesi.torino.it\/socialeelavoro\/\",\"logo\":{\"@type\":\"ImageObject\",\"inLanguage\":\"it-IT\",\"@id\":\"https:\/\/www.diocesi.torino.it\/socialeelavoro\/#\/schema\/logo\/image\/\",\"url\":\"https:\/\/www.diocesi.torino.it\/socialeelavoro\/wp-content\/uploads\/sites\/8\/2021\/03\/upl_logo_black.png\",\"contentUrl\":\"https:\/\/www.diocesi.torino.it\/socialeelavoro\/wp-content\/uploads\/sites\/8\/2021\/03\/upl_logo_black.png\",\"width\":300,\"height\":300,\"caption\":\"Pastorale Sociale e del Lavoro\"},\"image\":{\"@id\":\"https:\/\/www.diocesi.torino.it\/socialeelavoro\/#\/schema\/logo\/image\/\"}},{\"@type\":\"Person\",\"@id\":\"https:\/\/www.diocesi.torino.it\/socialeelavoro\/#\/schema\/person\/452dbad6ff116421cdf60fc8c9fdc95b\",\"name\":\"ivanachicco\",\"image\":{\"@type\":\"ImageObject\",\"inLanguage\":\"it-IT\",\"@id\":\"https:\/\/www.diocesi.torino.it\/socialeelavoro\/#\/schema\/person\/image\/\",\"url\":\"https:\/\/secure.gravatar.com\/avatar\/f8d9529a56f071aea7c70bee1e2e6d60?s=96&d=mm&r=g\",\"contentUrl\":\"https:\/\/secure.gravatar.com\/avatar\/f8d9529a56f071aea7c70bee1e2e6d60?s=96&d=mm&r=g\",\"caption\":\"ivanachicco\"},\"url\":\"https:\/\/www.diocesi.torino.it\/socialeelavoro\/author\/ivanachicco\/\"}]}<\/script>\n<!-- \/ Yoast SEO plugin. -->","yoast_head_json":{"title":"MONDI SOMMERSI - Pastorale Sociale e del Lavoro","robots":{"index":"index","follow":"follow","max-snippet":"max-snippet:-1","max-image-preview":"max-image-preview:large","max-video-preview":"max-video-preview:-1"},"canonical":"https:\/\/www.diocesi.torino.it\/socialeelavoro\/mondi-sommersi\/","og_locale":"it_IT","og_type":"article","og_title":"MONDI SOMMERSI - Pastorale Sociale e del Lavoro","og_description":"Attraverso questo primo dossier, sviluppato secondo il modello vedere-giudicare-agire, la Pastorale Sociale e del Lavoro intende proporre sperimentalmente una modalit\u00e0 di animazione rivolta alle comunit\u00e0 parrocchiali in occasione della Festa del Lavoro del Primo Maggio. A tal fine, si invita a utilizzare il presente strumento e a segnalare eventuali punti di forza e aree di miglioramento. L\u2019obiettivo \u00e8 realizzare uno strumento realmente utile ed efficace &hellip; Continua a leggere &raquo;","og_url":"https:\/\/www.diocesi.torino.it\/socialeelavoro\/mondi-sommersi\/","og_site_name":"Pastorale Sociale e del Lavoro","article_published_time":"2026-04-29T12:53:38+00:00","article_modified_time":"2026-04-29T13:01:57+00:00","og_image":[{"width":1978,"height":939,"url":"https:\/\/www.diocesi.torino.it\/socialeelavoro\/wp-content\/uploads\/sites\/8\/2026\/04\/ATTI-1.jpg","type":"image\/jpeg"}],"author":"ivanachicco","twitter_card":"summary_large_image","twitter_misc":{"Scritto da":"ivanachicco","Tempo di lettura stimato":"5 minuti"},"schema":{"@context":"https:\/\/schema.org","@graph":[{"@type":"Article","@id":"https:\/\/www.diocesi.torino.it\/socialeelavoro\/mondi-sommersi\/#article","isPartOf":{"@id":"https:\/\/www.diocesi.torino.it\/socialeelavoro\/mondi-sommersi\/"},"author":{"name":"ivanachicco","@id":"https:\/\/www.diocesi.torino.it\/socialeelavoro\/#\/schema\/person\/452dbad6ff116421cdf60fc8c9fdc95b"},"headline":"MONDI SOMMERSI","datePublished":"2026-04-29T12:53:38+00:00","dateModified":"2026-04-29T13:01:57+00:00","mainEntityOfPage":{"@id":"https:\/\/www.diocesi.torino.it\/socialeelavoro\/mondi-sommersi\/"},"wordCount":907,"publisher":{"@id":"https:\/\/www.diocesi.torino.it\/socialeelavoro\/#organization"},"articleSection":["DOCUMENTI","News dagli uffici"],"inLanguage":"it-IT"},{"@type":"WebPage","@id":"https:\/\/www.diocesi.torino.it\/socialeelavoro\/mondi-sommersi\/","url":"https:\/\/www.diocesi.torino.it\/socialeelavoro\/mondi-sommersi\/","name":"MONDI SOMMERSI - Pastorale Sociale e del Lavoro","isPartOf":{"@id":"https:\/\/www.diocesi.torino.it\/socialeelavoro\/#website"},"datePublished":"2026-04-29T12:53:38+00:00","dateModified":"2026-04-29T13:01:57+00:00","breadcrumb":{"@id":"https:\/\/www.diocesi.torino.it\/socialeelavoro\/mondi-sommersi\/#breadcrumb"},"inLanguage":"it-IT","potentialAction":[{"@type":"ReadAction","target":["https:\/\/www.diocesi.torino.it\/socialeelavoro\/mondi-sommersi\/"]}]},{"@type":"BreadcrumbList","@id":"https:\/\/www.diocesi.torino.it\/socialeelavoro\/mondi-sommersi\/#breadcrumb","itemListElement":[{"@type":"ListItem","position":1,"name":"Home","item":"https:\/\/www.diocesi.torino.it\/socialeelavoro\/"},{"@type":"ListItem","position":2,"name":"MONDI SOMMERSI"}]},{"@type":"WebSite","@id":"https:\/\/www.diocesi.torino.it\/socialeelavoro\/#website","url":"https:\/\/www.diocesi.torino.it\/socialeelavoro\/","name":"Pastorale Sociale e del Lavoro","description":"","publisher":{"@id":"https:\/\/www.diocesi.torino.it\/socialeelavoro\/#organization"},"potentialAction":[{"@type":"SearchAction","target":{"@type":"EntryPoint","urlTemplate":"https:\/\/www.diocesi.torino.it\/socialeelavoro\/?s={search_term_string}"},"query-input":"required name=search_term_string"}],"inLanguage":"it-IT"},{"@type":"Organization","@id":"https:\/\/www.diocesi.torino.it\/socialeelavoro\/#organization","name":"Pastorale Sociale e del Lavoro","url":"https:\/\/www.diocesi.torino.it\/socialeelavoro\/","logo":{"@type":"ImageObject","inLanguage":"it-IT","@id":"https:\/\/www.diocesi.torino.it\/socialeelavoro\/#\/schema\/logo\/image\/","url":"https:\/\/www.diocesi.torino.it\/socialeelavoro\/wp-content\/uploads\/sites\/8\/2021\/03\/upl_logo_black.png","contentUrl":"https:\/\/www.diocesi.torino.it\/socialeelavoro\/wp-content\/uploads\/sites\/8\/2021\/03\/upl_logo_black.png","width":300,"height":300,"caption":"Pastorale Sociale e del Lavoro"},"image":{"@id":"https:\/\/www.diocesi.torino.it\/socialeelavoro\/#\/schema\/logo\/image\/"}},{"@type":"Person","@id":"https:\/\/www.diocesi.torino.it\/socialeelavoro\/#\/schema\/person\/452dbad6ff116421cdf60fc8c9fdc95b","name":"ivanachicco","image":{"@type":"ImageObject","inLanguage":"it-IT","@id":"https:\/\/www.diocesi.torino.it\/socialeelavoro\/#\/schema\/person\/image\/","url":"https:\/\/secure.gravatar.com\/avatar\/f8d9529a56f071aea7c70bee1e2e6d60?s=96&d=mm&r=g","contentUrl":"https:\/\/secure.gravatar.com\/avatar\/f8d9529a56f071aea7c70bee1e2e6d60?s=96&d=mm&r=g","caption":"ivanachicco"},"url":"https:\/\/www.diocesi.torino.it\/socialeelavoro\/author\/ivanachicco\/"}]}},"_links":{"self":[{"href":"https:\/\/www.diocesi.torino.it\/socialeelavoro\/wp-json\/wp\/v2\/posts\/11296"}],"collection":[{"href":"https:\/\/www.diocesi.torino.it\/socialeelavoro\/wp-json\/wp\/v2\/posts"}],"about":[{"href":"https:\/\/www.diocesi.torino.it\/socialeelavoro\/wp-json\/wp\/v2\/types\/post"}],"author":[{"embeddable":true,"href":"https:\/\/www.diocesi.torino.it\/socialeelavoro\/wp-json\/wp\/v2\/users\/14"}],"replies":[{"embeddable":true,"href":"https:\/\/www.diocesi.torino.it\/socialeelavoro\/wp-json\/wp\/v2\/comments?post=11296"}],"version-history":[{"count":1,"href":"https:\/\/www.diocesi.torino.it\/socialeelavoro\/wp-json\/wp\/v2\/posts\/11296\/revisions"}],"predecessor-version":[{"id":11300,"href":"https:\/\/www.diocesi.torino.it\/socialeelavoro\/wp-json\/wp\/v2\/posts\/11296\/revisions\/11300"}],"wp:featuredmedia":[{"embeddable":true,"href":"https:\/\/www.diocesi.torino.it\/socialeelavoro\/wp-json\/wp\/v2\/media\/11301"}],"wp:attachment":[{"href":"https:\/\/www.diocesi.torino.it\/socialeelavoro\/wp-json\/wp\/v2\/media?parent=11296"}],"wp:term":[{"taxonomy":"category","embeddable":true,"href":"https:\/\/www.diocesi.torino.it\/socialeelavoro\/wp-json\/wp\/v2\/categories?post=11296"},{"taxonomy":"post_tag","embeddable":true,"href":"https:\/\/www.diocesi.torino.it\/socialeelavoro\/wp-json\/wp\/v2\/tags?post=11296"}],"curies":[{"name":"wp","href":"https:\/\/api.w.org\/{rel}","templated":true}]}}