{"id":1445,"date":"2011-07-07T14:01:00","date_gmt":"2011-07-07T12:01:00","guid":{"rendered":"http:\/\/www.diocesi.torino.it\/socialeelavoro\/2011\/07\/07\/riferimenti-alla-dottrina-sociale-della-chiesa-2\/"},"modified":"2011-07-07T14:01:00","modified_gmt":"2011-07-07T12:01:00","slug":"riferimenti-alla-dottrina-sociale-della-chiesa-2","status":"publish","type":"post","link":"https:\/\/www.diocesi.torino.it\/socialeelavoro\/riferimenti-alla-dottrina-sociale-della-chiesa-2\/","title":{"rendered":"Riferimenti alla Dottrina Sociale della Chiesa"},"content":{"rendered":"<div>\n<div><b><i><span style=\"font-size: 10pt\">Dal compendio della Dottrina Sociale della Chiesa (n. 359)<\/span><\/i><\/b><\/div>\n<div><i><span style=\"font-size: 10pt\">L&#8217;utilizzo del proprio potere d&#8217;acquisto va esercitato nel contesto delle esigenze morali della giustizia e della solidariet\u00e0 e di precise responsabilit\u00e0 sociali<\/span><\/i><span style=\"font-size: 10pt\">: non bisogna dimenticare \u00abil dovere della carit\u00e0, cio\u00e8 il dovere di sovvenire col proprio \u0093superfluo\u0094 e, talvolta, anche col proprio \u0093necessario\u0094 per dare ci\u00f2 che \u00e8 indispensabile alla vita del povero\u00bb. Tale responsabilit\u00e0 conferisce ai consumatori la possibilit\u00e0 di indirizzare, grazie alla maggiore circolazione delle informazioni, il comportamento dei produttori, mediante la decisione \u0097 individuale o collettiva \u0097 di preferire i prodotti di alcune imprese anzich\u00e9 di altre, tenendo conto non solo dei prezzi e della qualit\u00e0 dei prodotti, ma anche dell&#8217;esistenza di corrette condizioni di lavoro nelle imprese, nonch\u00e9 del grado di tutela assicurato per l&#8217;ambiente naturale che lo circonda. <\/span><\/div>\n<div>\u00a0<\/div>\n<\/div>\n<hr class=\"wpba_attachment_hr\"><div id='wpba_attachment_list' class='wpba wpba-wrap'>\n<ul class='wpba-attachment-list unstyled'><li id='wpba_attachment_list_1446' class='wpba-list-item pull-left'><img src='https:\/\/www.diocesi.torino.it\/socialeelavoro\/wp-content\/themes\/wp-starter-so\/icons\/document.png' width='16' height='20' class='wpba-icon pull-left'><a href='https:\/\/www.diocesi.torino.it\/socialeelavoro\/wp-content\/uploads\/sites\/8\/2017\/05\/Altri-riferimenti.pdf' title='Altri-riferimenti' class='wpba-link pull-left' target=\"_blank\">Altri-riferimenti<\/a><\/li>\n<\/ul><\/div>\n","protected":false},"excerpt":{"rendered":"<p>Dal compendio della Dottrina Sociale della Chiesa (n. 359) L&#8217;utilizzo del proprio potere d&#8217;acquisto va esercitato nel contesto delle esigenze morali della giustizia e della solidariet\u00e0 e di precise responsabilit\u00e0 sociali: non bisogna dimenticare \u00abil dovere della carit\u00e0, cio\u00e8 il dovere di sovvenire col proprio \u0093superfluo\u0094 e, talvolta, anche col proprio \u0093necessario\u0094 per dare ci\u00f2 che \u00e8 indispensabile alla vita del povero\u00bb. Tale responsabilit\u00e0 conferisce &hellip; <a href=\"https:\/\/www.diocesi.torino.it\/socialeelavoro\/riferimenti-alla-dottrina-sociale-della-chiesa-2\/\" class=\"more-link\">Continua a leggere <span class=\"screen-reader-text\"><\/span> <span class=\"meta-nav\">&raquo;<\/span><\/a><\/p>\n","protected":false},"author":1,"featured_media":0,"comment_status":"closed","ping_status":"closed","sticky":false,"template":"","format":"standard","meta":{"ip_address":"","user_agent":"","level":"","revision":"","cookie_id":"","page_referer":"","html_form":"","_expiration-date-status":"","_expiration-date":0,"_expiration-date-type":"","_expiration-date-categories":[],"_expiration-date-options":[]},"categories":[97,112,116,108,113,114],"tags":[],"acf":[],"yoast_head":"<!-- This site is optimized with the Yoast SEO plugin v20.8 - https:\/\/yoast.com\/wordpress\/plugins\/seo\/ -->\n<title>Riferimenti alla Dottrina Sociale della Chiesa - Pastorale Sociale e del Lavoro<\/title>\n<meta name=\"robots\" content=\"index, follow, max-snippet:-1, max-image-preview:large, max-video-preview:-1\" \/>\n<link rel=\"canonical\" href=\"https:\/\/www.diocesi.torino.it\/socialeelavoro\/riferimenti-alla-dottrina-sociale-della-chiesa-2\/\" \/>\n<meta property=\"og:locale\" content=\"it_IT\" \/>\n<meta property=\"og:type\" content=\"article\" \/>\n<meta property=\"og:title\" content=\"Riferimenti alla Dottrina Sociale della Chiesa - Pastorale Sociale e del Lavoro\" \/>\n<meta property=\"og:description\" content=\"Dal compendio della Dottrina Sociale della Chiesa (n. 359) L&#8217;utilizzo del proprio potere d&#8217;acquisto va esercitato nel contesto delle esigenze morali della giustizia e della solidariet\u00e0 e di precise responsabilit\u00e0 sociali: non bisogna dimenticare \u00abil dovere della carit\u00e0, cio\u00e8 il dovere di sovvenire col proprio \u0093superfluo\u0094 e, talvolta, anche col proprio \u0093necessario\u0094 per dare ci\u00f2 che \u00e8 indispensabile alla vita del povero\u00bb. Tale responsabilit\u00e0 conferisce &hellip; Continua a leggere &raquo;\" \/>\n<meta property=\"og:url\" content=\"https:\/\/www.diocesi.torino.it\/socialeelavoro\/riferimenti-alla-dottrina-sociale-della-chiesa-2\/\" \/>\n<meta property=\"og:site_name\" content=\"Pastorale Sociale e del Lavoro\" \/>\n<meta property=\"article:published_time\" content=\"2011-07-07T12:01:00+00:00\" \/>\n<meta name=\"author\" content=\"sEEd_aDm_wP\" \/>\n<meta name=\"twitter:card\" content=\"summary_large_image\" \/>\n<meta name=\"twitter:label1\" content=\"Scritto da\" \/>\n\t<meta name=\"twitter:data1\" content=\"sEEd_aDm_wP\" \/>\n\t<meta name=\"twitter:label2\" content=\"Tempo di lettura stimato\" \/>\n\t<meta name=\"twitter:data2\" content=\"1 minuto\" \/>\n<script type=\"application\/ld+json\" class=\"yoast-schema-graph\">{\"@context\":\"https:\/\/schema.org\",\"@graph\":[{\"@type\":\"Article\",\"@id\":\"https:\/\/www.diocesi.torino.it\/socialeelavoro\/riferimenti-alla-dottrina-sociale-della-chiesa-2\/#article\",\"isPartOf\":{\"@id\":\"https:\/\/www.diocesi.torino.it\/socialeelavoro\/riferimenti-alla-dottrina-sociale-della-chiesa-2\/\"},\"author\":{\"name\":\"sEEd_aDm_wP\",\"@id\":\"https:\/\/www.diocesi.torino.it\/socialeelavoro\/#\/schema\/person\/b60b0d2f9e2a80f9726251c31ba9862f\"},\"headline\":\"Riferimenti alla Dottrina Sociale della Chiesa\",\"datePublished\":\"2011-07-07T12:01:00+00:00\",\"dateModified\":\"2011-07-07T12:01:00+00:00\",\"mainEntityOfPage\":{\"@id\":\"https:\/\/www.diocesi.torino.it\/socialeelavoro\/riferimenti-alla-dottrina-sociale-della-chiesa-2\/\"},\"wordCount\":134,\"publisher\":{\"@id\":\"https:\/\/www.diocesi.torino.it\/socialeelavoro\/#organization\"},\"articleSection\":[\"Attivit\u00e0\",\"Nuovi Stili di Vita\",\"Scheda sul Consumo\",\"Settori specifici\",\"Sussidio formativo\",\"Vai alle schede\"],\"inLanguage\":\"it-IT\"},{\"@type\":\"WebPage\",\"@id\":\"https:\/\/www.diocesi.torino.it\/socialeelavoro\/riferimenti-alla-dottrina-sociale-della-chiesa-2\/\",\"url\":\"https:\/\/www.diocesi.torino.it\/socialeelavoro\/riferimenti-alla-dottrina-sociale-della-chiesa-2\/\",\"name\":\"Riferimenti alla Dottrina Sociale della Chiesa - Pastorale Sociale e del Lavoro\",\"isPartOf\":{\"@id\":\"https:\/\/www.diocesi.torino.it\/socialeelavoro\/#website\"},\"datePublished\":\"2011-07-07T12:01:00+00:00\",\"dateModified\":\"2011-07-07T12:01:00+00:00\",\"breadcrumb\":{\"@id\":\"https:\/\/www.diocesi.torino.it\/socialeelavoro\/riferimenti-alla-dottrina-sociale-della-chiesa-2\/#breadcrumb\"},\"inLanguage\":\"it-IT\",\"potentialAction\":[{\"@type\":\"ReadAction\",\"target\":[\"https:\/\/www.diocesi.torino.it\/socialeelavoro\/riferimenti-alla-dottrina-sociale-della-chiesa-2\/\"]}]},{\"@type\":\"BreadcrumbList\",\"@id\":\"https:\/\/www.diocesi.torino.it\/socialeelavoro\/riferimenti-alla-dottrina-sociale-della-chiesa-2\/#breadcrumb\",\"itemListElement\":[{\"@type\":\"ListItem\",\"position\":1,\"name\":\"Home\",\"item\":\"https:\/\/www.diocesi.torino.it\/socialeelavoro\/\"},{\"@type\":\"ListItem\",\"position\":2,\"name\":\"Riferimenti alla Dottrina Sociale della Chiesa\"}]},{\"@type\":\"WebSite\",\"@id\":\"https:\/\/www.diocesi.torino.it\/socialeelavoro\/#website\",\"url\":\"https:\/\/www.diocesi.torino.it\/socialeelavoro\/\",\"name\":\"Pastorale Sociale e del Lavoro\",\"description\":\"\",\"publisher\":{\"@id\":\"https:\/\/www.diocesi.torino.it\/socialeelavoro\/#organization\"},\"potentialAction\":[{\"@type\":\"SearchAction\",\"target\":{\"@type\":\"EntryPoint\",\"urlTemplate\":\"https:\/\/www.diocesi.torino.it\/socialeelavoro\/?s={search_term_string}\"},\"query-input\":\"required name=search_term_string\"}],\"inLanguage\":\"it-IT\"},{\"@type\":\"Organization\",\"@id\":\"https:\/\/www.diocesi.torino.it\/socialeelavoro\/#organization\",\"name\":\"Pastorale Sociale e del Lavoro\",\"url\":\"https:\/\/www.diocesi.torino.it\/socialeelavoro\/\",\"logo\":{\"@type\":\"ImageObject\",\"inLanguage\":\"it-IT\",\"@id\":\"https:\/\/www.diocesi.torino.it\/socialeelavoro\/#\/schema\/logo\/image\/\",\"url\":\"https:\/\/www.diocesi.torino.it\/socialeelavoro\/wp-content\/uploads\/sites\/8\/2021\/03\/upl_logo_black.png\",\"contentUrl\":\"https:\/\/www.diocesi.torino.it\/socialeelavoro\/wp-content\/uploads\/sites\/8\/2021\/03\/upl_logo_black.png\",\"width\":300,\"height\":300,\"caption\":\"Pastorale Sociale e del Lavoro\"},\"image\":{\"@id\":\"https:\/\/www.diocesi.torino.it\/socialeelavoro\/#\/schema\/logo\/image\/\"}},{\"@type\":\"Person\",\"@id\":\"https:\/\/www.diocesi.torino.it\/socialeelavoro\/#\/schema\/person\/b60b0d2f9e2a80f9726251c31ba9862f\",\"name\":\"sEEd_aDm_wP\",\"image\":{\"@type\":\"ImageObject\",\"inLanguage\":\"it-IT\",\"@id\":\"https:\/\/www.diocesi.torino.it\/socialeelavoro\/#\/schema\/person\/image\/\",\"url\":\"https:\/\/secure.gravatar.com\/avatar\/91712870a0359f250d1a3c277a2f5ad4?s=96&d=mm&r=g\",\"contentUrl\":\"https:\/\/secure.gravatar.com\/avatar\/91712870a0359f250d1a3c277a2f5ad4?s=96&d=mm&r=g\",\"caption\":\"sEEd_aDm_wP\"},\"url\":\"https:\/\/www.diocesi.torino.it\/socialeelavoro\/author\/seed_adm_wp\/\"}]}<\/script>\n<!-- \/ Yoast SEO plugin. -->","yoast_head_json":{"title":"Riferimenti alla Dottrina Sociale della Chiesa - Pastorale Sociale e del Lavoro","robots":{"index":"index","follow":"follow","max-snippet":"max-snippet:-1","max-image-preview":"max-image-preview:large","max-video-preview":"max-video-preview:-1"},"canonical":"https:\/\/www.diocesi.torino.it\/socialeelavoro\/riferimenti-alla-dottrina-sociale-della-chiesa-2\/","og_locale":"it_IT","og_type":"article","og_title":"Riferimenti alla Dottrina Sociale della Chiesa - Pastorale Sociale e del Lavoro","og_description":"Dal compendio della Dottrina Sociale della Chiesa (n. 359) L&#8217;utilizzo del proprio potere d&#8217;acquisto va esercitato nel contesto delle esigenze morali della giustizia e della solidariet\u00e0 e di precise responsabilit\u00e0 sociali: non bisogna dimenticare \u00abil dovere della carit\u00e0, cio\u00e8 il dovere di sovvenire col proprio \u0093superfluo\u0094 e, talvolta, anche col proprio \u0093necessario\u0094 per dare ci\u00f2 che \u00e8 indispensabile alla vita del povero\u00bb. Tale responsabilit\u00e0 conferisce &hellip; Continua a leggere &raquo;","og_url":"https:\/\/www.diocesi.torino.it\/socialeelavoro\/riferimenti-alla-dottrina-sociale-della-chiesa-2\/","og_site_name":"Pastorale Sociale e del Lavoro","article_published_time":"2011-07-07T12:01:00+00:00","author":"sEEd_aDm_wP","twitter_card":"summary_large_image","twitter_misc":{"Scritto da":"sEEd_aDm_wP","Tempo di lettura stimato":"1 minuto"},"schema":{"@context":"https:\/\/schema.org","@graph":[{"@type":"Article","@id":"https:\/\/www.diocesi.torino.it\/socialeelavoro\/riferimenti-alla-dottrina-sociale-della-chiesa-2\/#article","isPartOf":{"@id":"https:\/\/www.diocesi.torino.it\/socialeelavoro\/riferimenti-alla-dottrina-sociale-della-chiesa-2\/"},"author":{"name":"sEEd_aDm_wP","@id":"https:\/\/www.diocesi.torino.it\/socialeelavoro\/#\/schema\/person\/b60b0d2f9e2a80f9726251c31ba9862f"},"headline":"Riferimenti alla Dottrina Sociale della Chiesa","datePublished":"2011-07-07T12:01:00+00:00","dateModified":"2011-07-07T12:01:00+00:00","mainEntityOfPage":{"@id":"https:\/\/www.diocesi.torino.it\/socialeelavoro\/riferimenti-alla-dottrina-sociale-della-chiesa-2\/"},"wordCount":134,"publisher":{"@id":"https:\/\/www.diocesi.torino.it\/socialeelavoro\/#organization"},"articleSection":["Attivit\u00e0","Nuovi Stili di Vita","Scheda sul Consumo","Settori specifici","Sussidio formativo","Vai alle schede"],"inLanguage":"it-IT"},{"@type":"WebPage","@id":"https:\/\/www.diocesi.torino.it\/socialeelavoro\/riferimenti-alla-dottrina-sociale-della-chiesa-2\/","url":"https:\/\/www.diocesi.torino.it\/socialeelavoro\/riferimenti-alla-dottrina-sociale-della-chiesa-2\/","name":"Riferimenti alla Dottrina Sociale della Chiesa - Pastorale Sociale e del Lavoro","isPartOf":{"@id":"https:\/\/www.diocesi.torino.it\/socialeelavoro\/#website"},"datePublished":"2011-07-07T12:01:00+00:00","dateModified":"2011-07-07T12:01:00+00:00","breadcrumb":{"@id":"https:\/\/www.diocesi.torino.it\/socialeelavoro\/riferimenti-alla-dottrina-sociale-della-chiesa-2\/#breadcrumb"},"inLanguage":"it-IT","potentialAction":[{"@type":"ReadAction","target":["https:\/\/www.diocesi.torino.it\/socialeelavoro\/riferimenti-alla-dottrina-sociale-della-chiesa-2\/"]}]},{"@type":"BreadcrumbList","@id":"https:\/\/www.diocesi.torino.it\/socialeelavoro\/riferimenti-alla-dottrina-sociale-della-chiesa-2\/#breadcrumb","itemListElement":[{"@type":"ListItem","position":1,"name":"Home","item":"https:\/\/www.diocesi.torino.it\/socialeelavoro\/"},{"@type":"ListItem","position":2,"name":"Riferimenti alla Dottrina Sociale della Chiesa"}]},{"@type":"WebSite","@id":"https:\/\/www.diocesi.torino.it\/socialeelavoro\/#website","url":"https:\/\/www.diocesi.torino.it\/socialeelavoro\/","name":"Pastorale Sociale e del Lavoro","description":"","publisher":{"@id":"https:\/\/www.diocesi.torino.it\/socialeelavoro\/#organization"},"potentialAction":[{"@type":"SearchAction","target":{"@type":"EntryPoint","urlTemplate":"https:\/\/www.diocesi.torino.it\/socialeelavoro\/?s={search_term_string}"},"query-input":"required name=search_term_string"}],"inLanguage":"it-IT"},{"@type":"Organization","@id":"https:\/\/www.diocesi.torino.it\/socialeelavoro\/#organization","name":"Pastorale Sociale e del Lavoro","url":"https:\/\/www.diocesi.torino.it\/socialeelavoro\/","logo":{"@type":"ImageObject","inLanguage":"it-IT","@id":"https:\/\/www.diocesi.torino.it\/socialeelavoro\/#\/schema\/logo\/image\/","url":"https:\/\/www.diocesi.torino.it\/socialeelavoro\/wp-content\/uploads\/sites\/8\/2021\/03\/upl_logo_black.png","contentUrl":"https:\/\/www.diocesi.torino.it\/socialeelavoro\/wp-content\/uploads\/sites\/8\/2021\/03\/upl_logo_black.png","width":300,"height":300,"caption":"Pastorale Sociale e del Lavoro"},"image":{"@id":"https:\/\/www.diocesi.torino.it\/socialeelavoro\/#\/schema\/logo\/image\/"}},{"@type":"Person","@id":"https:\/\/www.diocesi.torino.it\/socialeelavoro\/#\/schema\/person\/b60b0d2f9e2a80f9726251c31ba9862f","name":"sEEd_aDm_wP","image":{"@type":"ImageObject","inLanguage":"it-IT","@id":"https:\/\/www.diocesi.torino.it\/socialeelavoro\/#\/schema\/person\/image\/","url":"https:\/\/secure.gravatar.com\/avatar\/91712870a0359f250d1a3c277a2f5ad4?s=96&d=mm&r=g","contentUrl":"https:\/\/secure.gravatar.com\/avatar\/91712870a0359f250d1a3c277a2f5ad4?s=96&d=mm&r=g","caption":"sEEd_aDm_wP"},"url":"https:\/\/www.diocesi.torino.it\/socialeelavoro\/author\/seed_adm_wp\/"}]}},"_links":{"self":[{"href":"https:\/\/www.diocesi.torino.it\/socialeelavoro\/wp-json\/wp\/v2\/posts\/1445"}],"collection":[{"href":"https:\/\/www.diocesi.torino.it\/socialeelavoro\/wp-json\/wp\/v2\/posts"}],"about":[{"href":"https:\/\/www.diocesi.torino.it\/socialeelavoro\/wp-json\/wp\/v2\/types\/post"}],"author":[{"embeddable":true,"href":"https:\/\/www.diocesi.torino.it\/socialeelavoro\/wp-json\/wp\/v2\/users\/1"}],"replies":[{"embeddable":true,"href":"https:\/\/www.diocesi.torino.it\/socialeelavoro\/wp-json\/wp\/v2\/comments?post=1445"}],"version-history":[{"count":0,"href":"https:\/\/www.diocesi.torino.it\/socialeelavoro\/wp-json\/wp\/v2\/posts\/1445\/revisions"}],"wp:attachment":[{"href":"https:\/\/www.diocesi.torino.it\/socialeelavoro\/wp-json\/wp\/v2\/media?parent=1445"}],"wp:term":[{"taxonomy":"category","embeddable":true,"href":"https:\/\/www.diocesi.torino.it\/socialeelavoro\/wp-json\/wp\/v2\/categories?post=1445"},{"taxonomy":"post_tag","embeddable":true,"href":"https:\/\/www.diocesi.torino.it\/socialeelavoro\/wp-json\/wp\/v2\/tags?post=1445"}],"curies":[{"name":"wp","href":"https:\/\/api.w.org\/{rel}","templated":true}]}}