{"id":1463,"date":"2011-06-29T16:12:00","date_gmt":"2011-06-29T14:12:00","guid":{"rendered":"http:\/\/www.diocesi.torino.it\/socialeelavoro\/2011\/06\/29\/costruire-una-nuova-mondialita\/"},"modified":"2011-06-29T16:12:00","modified_gmt":"2011-06-29T14:12:00","slug":"costruire-una-nuova-mondialita","status":"publish","type":"post","link":"https:\/\/www.diocesi.torino.it\/socialeelavoro\/costruire-una-nuova-mondialita\/","title":{"rendered":"Costruire una nuova Mondialit\u00e0"},"content":{"rendered":"<div>\n<div><b>Introduzione<\/b><\/div>\n<div>\u00a0<\/div>\n<div><span style=\"font-size: 10pt\">Ciascuno di noi \u00e8 intimamente convinto dell\u0092assoluta necessit\u00e0 di liberare il mondo dalla fame, dalla povert\u00e0, dalla guerra, dalle ingiustizie, nonch\u00e9 dell\u0092urgenza di garantire un futuro per tutti. Ma, allo stesso tempo, avvertiamo in noi un senso di impotenza di fronte a queste sfide. La globalizzazione in cui siamo immersi e il fenomeno migratorio ci obbligano sempre di pi\u00f9 a fare i conti con le varie situazioni internazionali, e ci fanno intuire che non \u00e8 pi\u00f9 possibile considerare noi stessi come separati dalle vicende degli altri popoli. Lo stesso divario economico tra Nord e Sud del mondo rivela uno squilibrio insostenibile che condanna i poveri a pagare il prezzo dell\u0092accumulazione della ricchezza nei paesi ricchi e di uno sviluppo che si vorrebbe illimitato. Dunque, c\u0092\u00e8 un legame tra il nostro stile di vita e le condizioni in cui versano i due terzi della popolazione mondiale. Le innumerevoli iniziative di solidariet\u00e0 sono importanti perch\u00e9 danno speranza a molti, ma non possono produrre l\u0092effetto necessario: il superamento di un sistema economico e sociale strutturalmente ingiusto. <\/span><\/div>\n<div><span style=\"font-size: 10pt\">Al centro resta sempre e comunque l\u0092uomo, la sua dignit\u00e0, il suo sviluppo integrale e il riconoscimento dei suoi diritti di persona.<\/span><\/div>\n<div>\u00a0<\/div>\n<\/div>\n<hr class=\"wpba_attachment_hr\"><div id='wpba_attachment_list' class='wpba wpba-wrap'>\n<ul class='wpba-attachment-list unstyled'><li id='wpba_attachment_list_1464' class='wpba-list-item pull-left'><img src='https:\/\/www.diocesi.torino.it\/socialeelavoro\/wp-content\/themes\/wp-starter-so\/icons\/document.png' width='16' height='20' class='wpba-icon pull-left'><a href='https:\/\/www.diocesi.torino.it\/socialeelavoro\/wp-content\/uploads\/sites\/8\/2017\/05\/Scarica-Scheda-completa-2.pdf' title='Scarica-Scheda-completa-2' class='wpba-link pull-left' target=\"_blank\">Scarica-Scheda-completa-2<\/a><\/li>\n<\/ul><\/div>\n","protected":false},"excerpt":{"rendered":"<p>Introduzione \u00a0 Ciascuno di noi \u00e8 intimamente convinto dell\u0092assoluta necessit\u00e0 di liberare il mondo dalla fame, dalla povert\u00e0, dalla guerra, dalle ingiustizie, nonch\u00e9 dell\u0092urgenza di garantire un futuro per tutti. Ma, allo stesso tempo, avvertiamo in noi un senso di impotenza di fronte a queste sfide. La globalizzazione in cui siamo immersi e il fenomeno migratorio ci obbligano sempre di pi\u00f9 a fare i conti &hellip; <a href=\"https:\/\/www.diocesi.torino.it\/socialeelavoro\/costruire-una-nuova-mondialita\/\" class=\"more-link\">Continua a leggere <span class=\"screen-reader-text\"><\/span> <span class=\"meta-nav\">&raquo;<\/span><\/a><\/p>\n","protected":false},"author":1,"featured_media":0,"comment_status":"closed","ping_status":"closed","sticky":false,"template":"","format":"standard","meta":{"ip_address":"","user_agent":"","level":"","revision":"","cookie_id":"","page_referer":"","html_form":"","_expiration-date-status":"","_expiration-date":0,"_expiration-date-type":"","_expiration-date-categories":[],"_expiration-date-options":[]},"categories":[97,112,108,113,114],"tags":[],"acf":[],"yoast_head":"<!-- This site is optimized with the Yoast SEO plugin v20.8 - https:\/\/yoast.com\/wordpress\/plugins\/seo\/ -->\n<title>Costruire una nuova Mondialit\u00e0 - Pastorale Sociale e del Lavoro<\/title>\n<meta name=\"robots\" content=\"index, follow, max-snippet:-1, max-image-preview:large, max-video-preview:-1\" \/>\n<link rel=\"canonical\" href=\"https:\/\/www.diocesi.torino.it\/socialeelavoro\/costruire-una-nuova-mondialita\/\" \/>\n<meta property=\"og:locale\" content=\"it_IT\" \/>\n<meta property=\"og:type\" content=\"article\" \/>\n<meta property=\"og:title\" content=\"Costruire una nuova Mondialit\u00e0 - Pastorale Sociale e del Lavoro\" \/>\n<meta property=\"og:description\" content=\"Introduzione \u00a0 Ciascuno di noi \u00e8 intimamente convinto dell\u0092assoluta necessit\u00e0 di liberare il mondo dalla fame, dalla povert\u00e0, dalla guerra, dalle ingiustizie, nonch\u00e9 dell\u0092urgenza di garantire un futuro per tutti. Ma, allo stesso tempo, avvertiamo in noi un senso di impotenza di fronte a queste sfide. La globalizzazione in cui siamo immersi e il fenomeno migratorio ci obbligano sempre di pi\u00f9 a fare i conti &hellip; Continua a leggere &raquo;\" \/>\n<meta property=\"og:url\" content=\"https:\/\/www.diocesi.torino.it\/socialeelavoro\/costruire-una-nuova-mondialita\/\" \/>\n<meta property=\"og:site_name\" content=\"Pastorale Sociale e del Lavoro\" \/>\n<meta property=\"article:published_time\" content=\"2011-06-29T14:12:00+00:00\" \/>\n<meta name=\"author\" content=\"sEEd_aDm_wP\" \/>\n<meta name=\"twitter:card\" content=\"summary_large_image\" \/>\n<meta name=\"twitter:label1\" content=\"Scritto da\" \/>\n\t<meta name=\"twitter:data1\" content=\"sEEd_aDm_wP\" \/>\n\t<meta name=\"twitter:label2\" content=\"Tempo di lettura stimato\" \/>\n\t<meta name=\"twitter:data2\" content=\"1 minuto\" \/>\n<script type=\"application\/ld+json\" class=\"yoast-schema-graph\">{\"@context\":\"https:\/\/schema.org\",\"@graph\":[{\"@type\":\"Article\",\"@id\":\"https:\/\/www.diocesi.torino.it\/socialeelavoro\/costruire-una-nuova-mondialita\/#article\",\"isPartOf\":{\"@id\":\"https:\/\/www.diocesi.torino.it\/socialeelavoro\/costruire-una-nuova-mondialita\/\"},\"author\":{\"name\":\"sEEd_aDm_wP\",\"@id\":\"https:\/\/www.diocesi.torino.it\/socialeelavoro\/#\/schema\/person\/b60b0d2f9e2a80f9726251c31ba9862f\"},\"headline\":\"Costruire una nuova Mondialit\u00e0\",\"datePublished\":\"2011-06-29T14:12:00+00:00\",\"dateModified\":\"2011-06-29T14:12:00+00:00\",\"mainEntityOfPage\":{\"@id\":\"https:\/\/www.diocesi.torino.it\/socialeelavoro\/costruire-una-nuova-mondialita\/\"},\"wordCount\":203,\"publisher\":{\"@id\":\"https:\/\/www.diocesi.torino.it\/socialeelavoro\/#organization\"},\"articleSection\":[\"Attivit\u00e0\",\"Nuovi Stili di Vita\",\"Settori specifici\",\"Sussidio formativo\",\"Vai alle schede\"],\"inLanguage\":\"it-IT\"},{\"@type\":\"WebPage\",\"@id\":\"https:\/\/www.diocesi.torino.it\/socialeelavoro\/costruire-una-nuova-mondialita\/\",\"url\":\"https:\/\/www.diocesi.torino.it\/socialeelavoro\/costruire-una-nuova-mondialita\/\",\"name\":\"Costruire una nuova Mondialit\u00e0 - Pastorale Sociale e del Lavoro\",\"isPartOf\":{\"@id\":\"https:\/\/www.diocesi.torino.it\/socialeelavoro\/#website\"},\"datePublished\":\"2011-06-29T14:12:00+00:00\",\"dateModified\":\"2011-06-29T14:12:00+00:00\",\"breadcrumb\":{\"@id\":\"https:\/\/www.diocesi.torino.it\/socialeelavoro\/costruire-una-nuova-mondialita\/#breadcrumb\"},\"inLanguage\":\"it-IT\",\"potentialAction\":[{\"@type\":\"ReadAction\",\"target\":[\"https:\/\/www.diocesi.torino.it\/socialeelavoro\/costruire-una-nuova-mondialita\/\"]}]},{\"@type\":\"BreadcrumbList\",\"@id\":\"https:\/\/www.diocesi.torino.it\/socialeelavoro\/costruire-una-nuova-mondialita\/#breadcrumb\",\"itemListElement\":[{\"@type\":\"ListItem\",\"position\":1,\"name\":\"Home\",\"item\":\"https:\/\/www.diocesi.torino.it\/socialeelavoro\/\"},{\"@type\":\"ListItem\",\"position\":2,\"name\":\"Costruire una nuova Mondialit\u00e0\"}]},{\"@type\":\"WebSite\",\"@id\":\"https:\/\/www.diocesi.torino.it\/socialeelavoro\/#website\",\"url\":\"https:\/\/www.diocesi.torino.it\/socialeelavoro\/\",\"name\":\"Pastorale Sociale e del Lavoro\",\"description\":\"\",\"publisher\":{\"@id\":\"https:\/\/www.diocesi.torino.it\/socialeelavoro\/#organization\"},\"potentialAction\":[{\"@type\":\"SearchAction\",\"target\":{\"@type\":\"EntryPoint\",\"urlTemplate\":\"https:\/\/www.diocesi.torino.it\/socialeelavoro\/?s={search_term_string}\"},\"query-input\":\"required name=search_term_string\"}],\"inLanguage\":\"it-IT\"},{\"@type\":\"Organization\",\"@id\":\"https:\/\/www.diocesi.torino.it\/socialeelavoro\/#organization\",\"name\":\"Pastorale Sociale e del Lavoro\",\"url\":\"https:\/\/www.diocesi.torino.it\/socialeelavoro\/\",\"logo\":{\"@type\":\"ImageObject\",\"inLanguage\":\"it-IT\",\"@id\":\"https:\/\/www.diocesi.torino.it\/socialeelavoro\/#\/schema\/logo\/image\/\",\"url\":\"https:\/\/www.diocesi.torino.it\/socialeelavoro\/wp-content\/uploads\/sites\/8\/2021\/03\/upl_logo_black.png\",\"contentUrl\":\"https:\/\/www.diocesi.torino.it\/socialeelavoro\/wp-content\/uploads\/sites\/8\/2021\/03\/upl_logo_black.png\",\"width\":300,\"height\":300,\"caption\":\"Pastorale Sociale e del Lavoro\"},\"image\":{\"@id\":\"https:\/\/www.diocesi.torino.it\/socialeelavoro\/#\/schema\/logo\/image\/\"}},{\"@type\":\"Person\",\"@id\":\"https:\/\/www.diocesi.torino.it\/socialeelavoro\/#\/schema\/person\/b60b0d2f9e2a80f9726251c31ba9862f\",\"name\":\"sEEd_aDm_wP\",\"image\":{\"@type\":\"ImageObject\",\"inLanguage\":\"it-IT\",\"@id\":\"https:\/\/www.diocesi.torino.it\/socialeelavoro\/#\/schema\/person\/image\/\",\"url\":\"https:\/\/secure.gravatar.com\/avatar\/91712870a0359f250d1a3c277a2f5ad4?s=96&d=mm&r=g\",\"contentUrl\":\"https:\/\/secure.gravatar.com\/avatar\/91712870a0359f250d1a3c277a2f5ad4?s=96&d=mm&r=g\",\"caption\":\"sEEd_aDm_wP\"},\"url\":\"https:\/\/www.diocesi.torino.it\/socialeelavoro\/author\/seed_adm_wp\/\"}]}<\/script>\n<!-- \/ Yoast SEO plugin. -->","yoast_head_json":{"title":"Costruire una nuova Mondialit\u00e0 - Pastorale Sociale e del Lavoro","robots":{"index":"index","follow":"follow","max-snippet":"max-snippet:-1","max-image-preview":"max-image-preview:large","max-video-preview":"max-video-preview:-1"},"canonical":"https:\/\/www.diocesi.torino.it\/socialeelavoro\/costruire-una-nuova-mondialita\/","og_locale":"it_IT","og_type":"article","og_title":"Costruire una nuova Mondialit\u00e0 - Pastorale Sociale e del Lavoro","og_description":"Introduzione \u00a0 Ciascuno di noi \u00e8 intimamente convinto dell\u0092assoluta necessit\u00e0 di liberare il mondo dalla fame, dalla povert\u00e0, dalla guerra, dalle ingiustizie, nonch\u00e9 dell\u0092urgenza di garantire un futuro per tutti. Ma, allo stesso tempo, avvertiamo in noi un senso di impotenza di fronte a queste sfide. La globalizzazione in cui siamo immersi e il fenomeno migratorio ci obbligano sempre di pi\u00f9 a fare i conti &hellip; Continua a leggere &raquo;","og_url":"https:\/\/www.diocesi.torino.it\/socialeelavoro\/costruire-una-nuova-mondialita\/","og_site_name":"Pastorale Sociale e del Lavoro","article_published_time":"2011-06-29T14:12:00+00:00","author":"sEEd_aDm_wP","twitter_card":"summary_large_image","twitter_misc":{"Scritto da":"sEEd_aDm_wP","Tempo di lettura stimato":"1 minuto"},"schema":{"@context":"https:\/\/schema.org","@graph":[{"@type":"Article","@id":"https:\/\/www.diocesi.torino.it\/socialeelavoro\/costruire-una-nuova-mondialita\/#article","isPartOf":{"@id":"https:\/\/www.diocesi.torino.it\/socialeelavoro\/costruire-una-nuova-mondialita\/"},"author":{"name":"sEEd_aDm_wP","@id":"https:\/\/www.diocesi.torino.it\/socialeelavoro\/#\/schema\/person\/b60b0d2f9e2a80f9726251c31ba9862f"},"headline":"Costruire una nuova Mondialit\u00e0","datePublished":"2011-06-29T14:12:00+00:00","dateModified":"2011-06-29T14:12:00+00:00","mainEntityOfPage":{"@id":"https:\/\/www.diocesi.torino.it\/socialeelavoro\/costruire-una-nuova-mondialita\/"},"wordCount":203,"publisher":{"@id":"https:\/\/www.diocesi.torino.it\/socialeelavoro\/#organization"},"articleSection":["Attivit\u00e0","Nuovi Stili di Vita","Settori specifici","Sussidio formativo","Vai alle schede"],"inLanguage":"it-IT"},{"@type":"WebPage","@id":"https:\/\/www.diocesi.torino.it\/socialeelavoro\/costruire-una-nuova-mondialita\/","url":"https:\/\/www.diocesi.torino.it\/socialeelavoro\/costruire-una-nuova-mondialita\/","name":"Costruire una nuova Mondialit\u00e0 - Pastorale Sociale e del Lavoro","isPartOf":{"@id":"https:\/\/www.diocesi.torino.it\/socialeelavoro\/#website"},"datePublished":"2011-06-29T14:12:00+00:00","dateModified":"2011-06-29T14:12:00+00:00","breadcrumb":{"@id":"https:\/\/www.diocesi.torino.it\/socialeelavoro\/costruire-una-nuova-mondialita\/#breadcrumb"},"inLanguage":"it-IT","potentialAction":[{"@type":"ReadAction","target":["https:\/\/www.diocesi.torino.it\/socialeelavoro\/costruire-una-nuova-mondialita\/"]}]},{"@type":"BreadcrumbList","@id":"https:\/\/www.diocesi.torino.it\/socialeelavoro\/costruire-una-nuova-mondialita\/#breadcrumb","itemListElement":[{"@type":"ListItem","position":1,"name":"Home","item":"https:\/\/www.diocesi.torino.it\/socialeelavoro\/"},{"@type":"ListItem","position":2,"name":"Costruire una nuova Mondialit\u00e0"}]},{"@type":"WebSite","@id":"https:\/\/www.diocesi.torino.it\/socialeelavoro\/#website","url":"https:\/\/www.diocesi.torino.it\/socialeelavoro\/","name":"Pastorale Sociale e del Lavoro","description":"","publisher":{"@id":"https:\/\/www.diocesi.torino.it\/socialeelavoro\/#organization"},"potentialAction":[{"@type":"SearchAction","target":{"@type":"EntryPoint","urlTemplate":"https:\/\/www.diocesi.torino.it\/socialeelavoro\/?s={search_term_string}"},"query-input":"required name=search_term_string"}],"inLanguage":"it-IT"},{"@type":"Organization","@id":"https:\/\/www.diocesi.torino.it\/socialeelavoro\/#organization","name":"Pastorale Sociale e del Lavoro","url":"https:\/\/www.diocesi.torino.it\/socialeelavoro\/","logo":{"@type":"ImageObject","inLanguage":"it-IT","@id":"https:\/\/www.diocesi.torino.it\/socialeelavoro\/#\/schema\/logo\/image\/","url":"https:\/\/www.diocesi.torino.it\/socialeelavoro\/wp-content\/uploads\/sites\/8\/2021\/03\/upl_logo_black.png","contentUrl":"https:\/\/www.diocesi.torino.it\/socialeelavoro\/wp-content\/uploads\/sites\/8\/2021\/03\/upl_logo_black.png","width":300,"height":300,"caption":"Pastorale Sociale e del Lavoro"},"image":{"@id":"https:\/\/www.diocesi.torino.it\/socialeelavoro\/#\/schema\/logo\/image\/"}},{"@type":"Person","@id":"https:\/\/www.diocesi.torino.it\/socialeelavoro\/#\/schema\/person\/b60b0d2f9e2a80f9726251c31ba9862f","name":"sEEd_aDm_wP","image":{"@type":"ImageObject","inLanguage":"it-IT","@id":"https:\/\/www.diocesi.torino.it\/socialeelavoro\/#\/schema\/person\/image\/","url":"https:\/\/secure.gravatar.com\/avatar\/91712870a0359f250d1a3c277a2f5ad4?s=96&d=mm&r=g","contentUrl":"https:\/\/secure.gravatar.com\/avatar\/91712870a0359f250d1a3c277a2f5ad4?s=96&d=mm&r=g","caption":"sEEd_aDm_wP"},"url":"https:\/\/www.diocesi.torino.it\/socialeelavoro\/author\/seed_adm_wp\/"}]}},"_links":{"self":[{"href":"https:\/\/www.diocesi.torino.it\/socialeelavoro\/wp-json\/wp\/v2\/posts\/1463"}],"collection":[{"href":"https:\/\/www.diocesi.torino.it\/socialeelavoro\/wp-json\/wp\/v2\/posts"}],"about":[{"href":"https:\/\/www.diocesi.torino.it\/socialeelavoro\/wp-json\/wp\/v2\/types\/post"}],"author":[{"embeddable":true,"href":"https:\/\/www.diocesi.torino.it\/socialeelavoro\/wp-json\/wp\/v2\/users\/1"}],"replies":[{"embeddable":true,"href":"https:\/\/www.diocesi.torino.it\/socialeelavoro\/wp-json\/wp\/v2\/comments?post=1463"}],"version-history":[{"count":0,"href":"https:\/\/www.diocesi.torino.it\/socialeelavoro\/wp-json\/wp\/v2\/posts\/1463\/revisions"}],"wp:attachment":[{"href":"https:\/\/www.diocesi.torino.it\/socialeelavoro\/wp-json\/wp\/v2\/media?parent=1463"}],"wp:term":[{"taxonomy":"category","embeddable":true,"href":"https:\/\/www.diocesi.torino.it\/socialeelavoro\/wp-json\/wp\/v2\/categories?post=1463"},{"taxonomy":"post_tag","embeddable":true,"href":"https:\/\/www.diocesi.torino.it\/socialeelavoro\/wp-json\/wp\/v2\/tags?post=1463"}],"curies":[{"name":"wp","href":"https:\/\/api.w.org\/{rel}","templated":true}]}}