{"id":4293,"date":"2021-04-23T10:15:41","date_gmt":"2021-04-23T08:15:41","guid":{"rendered":"http:\/\/www.diocesi.torino.it\/socialeelavoro\/?p=4293"},"modified":"2021-05-07T10:07:48","modified_gmt":"2021-05-07T08:07:48","slug":"festa-del-primo-maggio-san-giuseppe-lavoratore","status":"publish","type":"post","link":"https:\/\/www.diocesi.torino.it\/socialeelavoro\/festa-del-primo-maggio-san-giuseppe-lavoratore\/","title":{"rendered":"Festa del PRIMO MAGGIO &#8211; San Giuseppe Lavoratore"},"content":{"rendered":"<p>La Pastorale Sociale e del lavoro organizza una serie di eventi per la Festa del Lavoro del 1 Maggio \u2013 San Giuseppe Lavoratore<\/p>\n<p>In allegato\u00a0 trovate\u00a0 la locandina che presenta il percorso dal titolo<\/p>\n<p style=\"text-align: center;\"><a href=\"https:\/\/www.diocesi.torino.it\/socialeelavoro\/wp-content\/uploads\/sites\/8\/2021\/04\/LOCANDINA_FESTA-DEL-LAVORO_OK.pdf\"><strong><em>LAVORATORI E LAVORATRICI CHE OPERANO NELLE trasform-azioni<\/em><\/strong>.<\/a><\/p>\n<p>Inoltre trovate anche il messaggio dei Vescovi italiani :<\/p>\n<p style=\"text-align: center;\"><a href=\"http:\/\/www.diocesi.torino.it\/socialeelavoro\/festa-del-primo-maggio-san-giuseppe-lavoratore\/messaggio-dei-ve\u2026el-1-maggio-2021\/ \u200e\"><strong><em>\u00abE al popolo stava a cuore il lavoro\u00bb (Ne 3,38). Abitare una nuova stagione economico-sociale\u201d<\/em><\/strong><\/a><\/p>\n<p>Il mondo del lavoro, in questo momento storico, sta attraversando una crisi profonda determinata dai cambiamenti e dalle trasformazioni, appesantita dalle conseguenze della pandemia. Nelle nostre comunit\u00e0 il tema del lavoro si rivela sempre pi\u00f9 centrale perch\u00e9 consapevoli che sia un mezzo di inclusione e cittadinanza ancora valido, in cui le persone stesse esprimono la propria soggettivit\u00e0. L\u2019invito che ci viene posto \u00e8 di non lasciarsi andare alla rassegnazione, bens\u00ec di attivarci con impegno mediante segni concreti per il bene comune. Proprio in questa direzione va il nostro percorso che ha focalizzato l\u2019attenzione su alcuni soggetti deboli che rischiano di essere travolti dalle grandi trasformazioni in corso; pertanto, insieme a molti soggetti che operano nel campo del lavoro, abbiamo elaborato alcune proposte concrete per attivare e facilitare la l\u2019inclusione sociale e lo sviluppo.<\/p>\n<p>Vi invitiamo a partecipare\u00a0 alle nostre iniziative per condividere questi segni di speranza.<\/p>\n<p>Di seguito trovate i link per il collegamento ai vari momenti:<\/p>\n<p><strong>Venerd\u00ec 30 aprile 2021 &#8211; h. 18.00 &#8211; 20.00<\/strong><\/p>\n<p><em><strong>S<\/strong><strong><em>F<\/em>IDE PER IL LAVORO IN TRASFORMAZIONE: PERSONE, IMPRESE, VANGELO E RESILIENZA<\/strong><\/em> Webinar introduttivo alla Settimana della Resilienza e del Coraggio, con la partecipazione:<\/p>\n<ul>\n<li>Prof. Ugo Morelli &#8211; Psicologo del Lavoro e docente di Scienze cognitive. \u2022 Dott.ssa Silvia Vacca &#8211; Scuola Economia Civile. \u2022 Padre Tullio Locatelli &#8211; Padre generale dei Giuseppini del Murialdo<\/li>\n<\/ul>\n<p>ISCRIZIONE OBBLIGATORIA \u00a0\u00a0\u00a0\u00a0\u00a0\u00a0\u00a0\u00a0<a href=\"https:\/\/us02web.zoom.us\/webinar\/register\/WN_4JsK8KP6Rz2BiNx2Nv1t1Q\">ZOOM<\/a><\/p>\n<p>&nbsp;<\/p>\n<p><strong>10-11-13-18 maggio 2021 &#8211; h. 18.00<\/strong><\/p>\n<p><em><strong>SETTIMANA DELLA RESILIENZA E DEL CORAGGIO: APPROFONDIMENTI TEMATICI (modalit\u00e0 webinar)<\/strong><\/em><\/p>\n<p>10 maggio Lavoro e disabilit\u00e0: l\u2019inclusione non \u00e8 una favola. \u00a0\u00a0\u00a0\u00a0\u00a0 \u00a0<a href=\"https:\/\/us02web.zoom.us\/meeting\/register\/tZYld-itrz8rE9JvrpLFWG_Eq6z6P9op4OYf\">ZOOM<\/a><\/p>\n<p>11 maggio Donne e Lavoro: tra fatiche e opportunit\u00e0. \u00a0\u00a0 \u00a0\u00a0\u00a0\u00a0\u00a0\u00a0\u00a0\u00a0\u00a0\u00a0\u00a0\u00a0\u00a0\u00a0<a href=\"https:\/\/us02web.zoom.us\/meeting\/register\/tZ0vceyrrj8uHtL1veyfcRJlwzi0DgyBmBSM\">ZOOM<\/a><\/p>\n<p>13 maggio Aiutati a casa nostra: l\u2019inclusione sociale dei migranti attraverso il lavoro. \u00a0\u00a0\u00a0\u00a0\u00a0\u00a0\u00a0<a href=\"https:\/\/us02web.zoom.us\/meeting\/register\/tZIvc-2rrj8tHNzLFjCbeovsfla1Pt9OQG3J\">ZOOM<\/a><\/p>\n<p>18 maggio Giovani e futuro: quale ruolo per l\u2019orientamento alla costruzione della vita professionale?\u00a0\u00a0\u00a0\u00a0\u00a0 \u00a0<a href=\"https:\/\/us02web.zoom.us\/meeting\/register\/tZwoc-6rpj0uG9I-n9i47dxm3SYBP5zlLVqr\">ZOOM<\/a><\/p>\n<p><em>Seguir\u00e0 approfondimento dei programmi specifici mediante una comunicazione ad hoc.<\/em><\/p>\n<p>&nbsp;<\/p>\n<p><strong>Luned\u00ec 24 maggio 2021 &#8211; h. 18.00<\/strong><\/p>\n<p><em><strong>SMART WORKING: LIBERAZIONE DAL LAVORO O LIBERAZIONE NEL LAVORO?<\/strong><\/em><\/p>\n<p>Avvio del ciclo di approfondimento sui cambiamenti del mondo del lavoro attraverso una riflessione periodica sullo Smart Working, coordinata insieme alla Fondazione Donat Cattin e la Cisl Piemonte.<\/p>\n<p><em>Seguir\u00e0 una comunicazione specifica sul programma dettagliato.<\/em><\/p>\n<p><em>\u00a0<\/em><\/p>\n<p><strong>Sabato 29 maggio 2021 &#8211; h. 9.30<\/strong><\/p>\n<p><em><strong>MOMENTO DI SPIRITUALIT\u00c0<\/strong><\/em> (da confermare, vista l\u2019evoluzione del quadro epidemiologico) con la partecipazione: Mons. Cesare Nosiglia.<\/p>\n<p>&nbsp;<\/p>\n<p>Per qualsiasi ulteriore informazione potere scrivere <a href=\"mailto:al%20nostro%20indirizzo%20di%20posta%20elettronica:%20lavoro@diocesi.torino.it\">al nostro indirizzo di posta elettronica: lavoro@diocesi.torino.it<\/a> o tel 0115156355.<\/p>\n<p>&nbsp;<\/p>\n<hr class=\"wpba_attachment_hr\"><div id='wpba_attachment_list' class='wpba wpba-wrap'>\n<ul class='wpba-attachment-list unstyled'><li id='wpba_attachment_list_4295' class='wpba-list-item pull-left'><img src='https:\/\/www.diocesi.torino.it\/socialeelavoro\/wp-content\/themes\/wp-starter-so\/icons\/document.png' width='16' height='20' class='wpba-icon pull-left'><a href='https:\/\/www.diocesi.torino.it\/socialeelavoro\/wp-content\/uploads\/sites\/8\/2021\/04\/Messaggio-dei-Vescovi-per-la-Festa-del-1-maggio-2021.docx' title='Messaggio-dei-Vescovi-per-la-Festa-del-1-maggio-2021' class='wpba-link pull-left' target=\"_blank\">Messaggio-dei-Vescovi-per-la-Festa-del-1-maggio-2021<\/a><\/li>\n<li id='wpba_attachment_list_4306' class='wpba-list-item pull-left'><img src='https:\/\/www.diocesi.torino.it\/socialeelavoro\/wp-content\/themes\/wp-starter-so\/icons\/document.png' width='16' height='20' class='wpba-icon pull-left'><a href='https:\/\/www.diocesi.torino.it\/socialeelavoro\/wp-content\/uploads\/sites\/8\/2021\/04\/LOCANDINA_FESTA-DEL-LAVORO_OK.pdf' title='LOCANDINA_FESTA DEL LAVORO_OK' class='wpba-link pull-left' target=\"_blank\">LOCANDINA_FESTA DEL LAVORO_OK<\/a><\/li>\n<li id='wpba_attachment_list_4356' class='wpba-list-item pull-left'><img src='https:\/\/www.diocesi.torino.it\/socialeelavoro\/wp-content\/themes\/wp-starter-so\/icons\/document.png' width='16' height='20' class='wpba-icon pull-left'><a href='https:\/\/www.diocesi.torino.it\/socialeelavoro\/wp-content\/uploads\/sites\/8\/2021\/04\/LOC_FESTA-DEL-LAVORO_DISABILITa\u0300-1-1.pdf' title='LOC_FESTA DEL LAVORO_DISABILITa\u0300 (1)' class='wpba-link pull-left' target=\"_blank\">LOC_FESTA DEL LAVORO_DISABILITa\u0300 (1)<\/a><\/li>\n<li id='wpba_attachment_list_4354' class='wpba-list-item pull-left'><img src='https:\/\/www.diocesi.torino.it\/socialeelavoro\/wp-content\/themes\/wp-starter-so\/icons\/document.png' width='16' height='20' class='wpba-icon pull-left'><a href='https:\/\/www.diocesi.torino.it\/socialeelavoro\/wp-content\/uploads\/sites\/8\/2021\/04\/LOC_FESTA-DEL-LAVORO_MIGRANTI.pdf' title='LOC_FESTA DEL LAVORO_MIGRANTi' class='wpba-link pull-left' target=\"_blank\">LOC_FESTA DEL LAVORO_MIGRANTi<\/a><\/li>\n<li id='wpba_attachment_list_4337' class='wpba-list-item pull-left'><img src='https:\/\/www.diocesi.torino.it\/socialeelavoro\/wp-content\/themes\/wp-starter-so\/icons\/document.png' width='16' height='20' class='wpba-icon pull-left'><a href='https:\/\/www.diocesi.torino.it\/socialeelavoro\/wp-content\/uploads\/sites\/8\/2021\/04\/LOC_FESTA20DEL20LAVORO_DONNE-1.pdf' title='LOCANDINA WEBINAR DONNE' class='wpba-link pull-left' target=\"_blank\">LOCANDINA WEBINAR DONNE<\/a><\/li>\n<li id='wpba_attachment_list_4333' class='wpba-list-item pull-left'><img src='https:\/\/www.diocesi.torino.it\/socialeelavoro\/wp-content\/themes\/wp-starter-so\/icons\/document.png' width='16' height='20' class='wpba-icon pull-left'><a href='https:\/\/www.diocesi.torino.it\/socialeelavoro\/wp-content\/uploads\/sites\/8\/2021\/04\/LOC_FESTA-DEL-LAVORO_GIOVANI.pdf' title='LOCANDINA WEBINAR LAVORO_GIOVANI' class='wpba-link pull-left' target=\"_blank\">LOCANDINA WEBINAR LAVORO_GIOVANI<\/a><\/li>\n<\/ul><\/div>\n","protected":false},"excerpt":{"rendered":"<p>La Pastorale Sociale e del lavoro organizza una serie di eventi per la Festa del Lavoro del 1 Maggio \u2013 San Giuseppe Lavoratore In allegato\u00a0 trovate\u00a0 la locandina che presenta il percorso dal titolo LAVORATORI E LAVORATRICI CHE OPERANO NELLE trasform-azioni. Inoltre trovate anche il messaggio dei Vescovi italiani : \u00abE al popolo stava a cuore il lavoro\u00bb (Ne 3,38). Abitare una nuova stagione economico-sociale\u201d &hellip; <a href=\"https:\/\/www.diocesi.torino.it\/socialeelavoro\/festa-del-primo-maggio-san-giuseppe-lavoratore\/\" class=\"more-link\">Continua a leggere <span class=\"screen-reader-text\"><\/span> <span class=\"meta-nav\">&raquo;<\/span><\/a><\/p>\n","protected":false},"author":14,"featured_media":4296,"comment_status":"closed","ping_status":"closed","sticky":false,"template":"","format":"standard","meta":{"ip_address":"","user_agent":"","level":"","revision":"","cookie_id":"","page_referer":"","html_form":"","_expiration-date-status":"saved","_expiration-date":0,"_expiration-date-type":"","_expiration-date-categories":[],"_expiration-date-options":[]},"categories":[128,140,94],"tags":[],"acf":[],"yoast_head":"<!-- This site is optimized with the Yoast SEO plugin v20.8 - https:\/\/yoast.com\/wordpress\/plugins\/seo\/ -->\n<title>Festa del PRIMO MAGGIO - San Giuseppe Lavoratore - Pastorale Sociale e del Lavoro<\/title>\n<meta name=\"robots\" content=\"index, follow, max-snippet:-1, max-image-preview:large, max-video-preview:-1\" \/>\n<link rel=\"canonical\" href=\"https:\/\/www.diocesi.torino.it\/socialeelavoro\/festa-del-primo-maggio-san-giuseppe-lavoratore\/\" \/>\n<meta property=\"og:locale\" content=\"it_IT\" \/>\n<meta property=\"og:type\" content=\"article\" \/>\n<meta property=\"og:title\" content=\"Festa del PRIMO MAGGIO - San Giuseppe Lavoratore - Pastorale Sociale e del Lavoro\" \/>\n<meta property=\"og:description\" content=\"La Pastorale Sociale e del lavoro organizza una serie di eventi per la Festa del Lavoro del 1 Maggio \u2013 San Giuseppe Lavoratore In allegato\u00a0 trovate\u00a0 la locandina che presenta il percorso dal titolo LAVORATORI E LAVORATRICI CHE OPERANO NELLE trasform-azioni. Inoltre trovate anche il messaggio dei Vescovi italiani : \u00abE al popolo stava a cuore il lavoro\u00bb (Ne 3,38). Abitare una nuova stagione economico-sociale\u201d &hellip; Continua a leggere &raquo;\" \/>\n<meta property=\"og:url\" content=\"https:\/\/www.diocesi.torino.it\/socialeelavoro\/festa-del-primo-maggio-san-giuseppe-lavoratore\/\" \/>\n<meta property=\"og:site_name\" content=\"Pastorale Sociale e del Lavoro\" \/>\n<meta property=\"article:published_time\" content=\"2021-04-23T08:15:41+00:00\" \/>\n<meta property=\"article:modified_time\" content=\"2021-05-07T08:07:48+00:00\" \/>\n<meta property=\"og:image\" content=\"https:\/\/www.diocesi.torino.it\/socialeelavoro\/wp-content\/uploads\/sites\/8\/2021\/04\/Immagine.png\" \/>\n\t<meta property=\"og:image:width\" content=\"1398\" \/>\n\t<meta property=\"og:image:height\" content=\"808\" \/>\n\t<meta property=\"og:image:type\" content=\"image\/png\" \/>\n<meta name=\"author\" content=\"ivanachicco\" \/>\n<meta name=\"twitter:card\" content=\"summary_large_image\" \/>\n<meta name=\"twitter:label1\" content=\"Scritto da\" \/>\n\t<meta name=\"twitter:data1\" content=\"ivanachicco\" \/>\n\t<meta name=\"twitter:label2\" content=\"Tempo di lettura stimato\" \/>\n\t<meta name=\"twitter:data2\" content=\"2 minuti\" \/>\n<script type=\"application\/ld+json\" class=\"yoast-schema-graph\">{\"@context\":\"https:\/\/schema.org\",\"@graph\":[{\"@type\":\"Article\",\"@id\":\"https:\/\/www.diocesi.torino.it\/socialeelavoro\/festa-del-primo-maggio-san-giuseppe-lavoratore\/#article\",\"isPartOf\":{\"@id\":\"https:\/\/www.diocesi.torino.it\/socialeelavoro\/festa-del-primo-maggio-san-giuseppe-lavoratore\/\"},\"author\":{\"name\":\"ivanachicco\",\"@id\":\"https:\/\/www.diocesi.torino.it\/socialeelavoro\/#\/schema\/person\/452dbad6ff116421cdf60fc8c9fdc95b\"},\"headline\":\"Festa del PRIMO MAGGIO &#8211; San Giuseppe Lavoratore\",\"datePublished\":\"2021-04-23T08:15:41+00:00\",\"dateModified\":\"2021-05-07T08:07:48+00:00\",\"mainEntityOfPage\":{\"@id\":\"https:\/\/www.diocesi.torino.it\/socialeelavoro\/festa-del-primo-maggio-san-giuseppe-lavoratore\/\"},\"wordCount\":455,\"publisher\":{\"@id\":\"https:\/\/www.diocesi.torino.it\/socialeelavoro\/#organization\"},\"articleSection\":[\"INIZIATIVE ED EVENTI\",\"Laboratori Tematici\",\"News dagli uffici\"],\"inLanguage\":\"it-IT\"},{\"@type\":\"WebPage\",\"@id\":\"https:\/\/www.diocesi.torino.it\/socialeelavoro\/festa-del-primo-maggio-san-giuseppe-lavoratore\/\",\"url\":\"https:\/\/www.diocesi.torino.it\/socialeelavoro\/festa-del-primo-maggio-san-giuseppe-lavoratore\/\",\"name\":\"Festa del PRIMO MAGGIO - San Giuseppe Lavoratore - Pastorale Sociale e del Lavoro\",\"isPartOf\":{\"@id\":\"https:\/\/www.diocesi.torino.it\/socialeelavoro\/#website\"},\"datePublished\":\"2021-04-23T08:15:41+00:00\",\"dateModified\":\"2021-05-07T08:07:48+00:00\",\"breadcrumb\":{\"@id\":\"https:\/\/www.diocesi.torino.it\/socialeelavoro\/festa-del-primo-maggio-san-giuseppe-lavoratore\/#breadcrumb\"},\"inLanguage\":\"it-IT\",\"potentialAction\":[{\"@type\":\"ReadAction\",\"target\":[\"https:\/\/www.diocesi.torino.it\/socialeelavoro\/festa-del-primo-maggio-san-giuseppe-lavoratore\/\"]}]},{\"@type\":\"BreadcrumbList\",\"@id\":\"https:\/\/www.diocesi.torino.it\/socialeelavoro\/festa-del-primo-maggio-san-giuseppe-lavoratore\/#breadcrumb\",\"itemListElement\":[{\"@type\":\"ListItem\",\"position\":1,\"name\":\"Home\",\"item\":\"https:\/\/www.diocesi.torino.it\/socialeelavoro\/\"},{\"@type\":\"ListItem\",\"position\":2,\"name\":\"Festa del PRIMO MAGGIO &#8211; San Giuseppe Lavoratore\"}]},{\"@type\":\"WebSite\",\"@id\":\"https:\/\/www.diocesi.torino.it\/socialeelavoro\/#website\",\"url\":\"https:\/\/www.diocesi.torino.it\/socialeelavoro\/\",\"name\":\"Pastorale Sociale e del Lavoro\",\"description\":\"\",\"publisher\":{\"@id\":\"https:\/\/www.diocesi.torino.it\/socialeelavoro\/#organization\"},\"potentialAction\":[{\"@type\":\"SearchAction\",\"target\":{\"@type\":\"EntryPoint\",\"urlTemplate\":\"https:\/\/www.diocesi.torino.it\/socialeelavoro\/?s={search_term_string}\"},\"query-input\":\"required name=search_term_string\"}],\"inLanguage\":\"it-IT\"},{\"@type\":\"Organization\",\"@id\":\"https:\/\/www.diocesi.torino.it\/socialeelavoro\/#organization\",\"name\":\"Pastorale Sociale e del Lavoro\",\"url\":\"https:\/\/www.diocesi.torino.it\/socialeelavoro\/\",\"logo\":{\"@type\":\"ImageObject\",\"inLanguage\":\"it-IT\",\"@id\":\"https:\/\/www.diocesi.torino.it\/socialeelavoro\/#\/schema\/logo\/image\/\",\"url\":\"https:\/\/www.diocesi.torino.it\/socialeelavoro\/wp-content\/uploads\/sites\/8\/2021\/03\/upl_logo_black.png\",\"contentUrl\":\"https:\/\/www.diocesi.torino.it\/socialeelavoro\/wp-content\/uploads\/sites\/8\/2021\/03\/upl_logo_black.png\",\"width\":300,\"height\":300,\"caption\":\"Pastorale Sociale e del Lavoro\"},\"image\":{\"@id\":\"https:\/\/www.diocesi.torino.it\/socialeelavoro\/#\/schema\/logo\/image\/\"}},{\"@type\":\"Person\",\"@id\":\"https:\/\/www.diocesi.torino.it\/socialeelavoro\/#\/schema\/person\/452dbad6ff116421cdf60fc8c9fdc95b\",\"name\":\"ivanachicco\",\"image\":{\"@type\":\"ImageObject\",\"inLanguage\":\"it-IT\",\"@id\":\"https:\/\/www.diocesi.torino.it\/socialeelavoro\/#\/schema\/person\/image\/\",\"url\":\"https:\/\/secure.gravatar.com\/avatar\/f8d9529a56f071aea7c70bee1e2e6d60?s=96&d=mm&r=g\",\"contentUrl\":\"https:\/\/secure.gravatar.com\/avatar\/f8d9529a56f071aea7c70bee1e2e6d60?s=96&d=mm&r=g\",\"caption\":\"ivanachicco\"},\"url\":\"https:\/\/www.diocesi.torino.it\/socialeelavoro\/author\/ivanachicco\/\"}]}<\/script>\n<!-- \/ Yoast SEO plugin. -->","yoast_head_json":{"title":"Festa del PRIMO MAGGIO - San Giuseppe Lavoratore - Pastorale Sociale e del Lavoro","robots":{"index":"index","follow":"follow","max-snippet":"max-snippet:-1","max-image-preview":"max-image-preview:large","max-video-preview":"max-video-preview:-1"},"canonical":"https:\/\/www.diocesi.torino.it\/socialeelavoro\/festa-del-primo-maggio-san-giuseppe-lavoratore\/","og_locale":"it_IT","og_type":"article","og_title":"Festa del PRIMO MAGGIO - San Giuseppe Lavoratore - Pastorale Sociale e del Lavoro","og_description":"La Pastorale Sociale e del lavoro organizza una serie di eventi per la Festa del Lavoro del 1 Maggio \u2013 San Giuseppe Lavoratore In allegato\u00a0 trovate\u00a0 la locandina che presenta il percorso dal titolo LAVORATORI E LAVORATRICI CHE OPERANO NELLE trasform-azioni. Inoltre trovate anche il messaggio dei Vescovi italiani : \u00abE al popolo stava a cuore il lavoro\u00bb (Ne 3,38). Abitare una nuova stagione economico-sociale\u201d &hellip; Continua a leggere &raquo;","og_url":"https:\/\/www.diocesi.torino.it\/socialeelavoro\/festa-del-primo-maggio-san-giuseppe-lavoratore\/","og_site_name":"Pastorale Sociale e del Lavoro","article_published_time":"2021-04-23T08:15:41+00:00","article_modified_time":"2021-05-07T08:07:48+00:00","og_image":[{"width":1398,"height":808,"url":"https:\/\/www.diocesi.torino.it\/socialeelavoro\/wp-content\/uploads\/sites\/8\/2021\/04\/Immagine.png","type":"image\/png"}],"author":"ivanachicco","twitter_card":"summary_large_image","twitter_misc":{"Scritto da":"ivanachicco","Tempo di lettura stimato":"2 minuti"},"schema":{"@context":"https:\/\/schema.org","@graph":[{"@type":"Article","@id":"https:\/\/www.diocesi.torino.it\/socialeelavoro\/festa-del-primo-maggio-san-giuseppe-lavoratore\/#article","isPartOf":{"@id":"https:\/\/www.diocesi.torino.it\/socialeelavoro\/festa-del-primo-maggio-san-giuseppe-lavoratore\/"},"author":{"name":"ivanachicco","@id":"https:\/\/www.diocesi.torino.it\/socialeelavoro\/#\/schema\/person\/452dbad6ff116421cdf60fc8c9fdc95b"},"headline":"Festa del PRIMO MAGGIO &#8211; San Giuseppe Lavoratore","datePublished":"2021-04-23T08:15:41+00:00","dateModified":"2021-05-07T08:07:48+00:00","mainEntityOfPage":{"@id":"https:\/\/www.diocesi.torino.it\/socialeelavoro\/festa-del-primo-maggio-san-giuseppe-lavoratore\/"},"wordCount":455,"publisher":{"@id":"https:\/\/www.diocesi.torino.it\/socialeelavoro\/#organization"},"articleSection":["INIZIATIVE ED EVENTI","Laboratori Tematici","News dagli uffici"],"inLanguage":"it-IT"},{"@type":"WebPage","@id":"https:\/\/www.diocesi.torino.it\/socialeelavoro\/festa-del-primo-maggio-san-giuseppe-lavoratore\/","url":"https:\/\/www.diocesi.torino.it\/socialeelavoro\/festa-del-primo-maggio-san-giuseppe-lavoratore\/","name":"Festa del PRIMO MAGGIO - San Giuseppe Lavoratore - Pastorale Sociale e del Lavoro","isPartOf":{"@id":"https:\/\/www.diocesi.torino.it\/socialeelavoro\/#website"},"datePublished":"2021-04-23T08:15:41+00:00","dateModified":"2021-05-07T08:07:48+00:00","breadcrumb":{"@id":"https:\/\/www.diocesi.torino.it\/socialeelavoro\/festa-del-primo-maggio-san-giuseppe-lavoratore\/#breadcrumb"},"inLanguage":"it-IT","potentialAction":[{"@type":"ReadAction","target":["https:\/\/www.diocesi.torino.it\/socialeelavoro\/festa-del-primo-maggio-san-giuseppe-lavoratore\/"]}]},{"@type":"BreadcrumbList","@id":"https:\/\/www.diocesi.torino.it\/socialeelavoro\/festa-del-primo-maggio-san-giuseppe-lavoratore\/#breadcrumb","itemListElement":[{"@type":"ListItem","position":1,"name":"Home","item":"https:\/\/www.diocesi.torino.it\/socialeelavoro\/"},{"@type":"ListItem","position":2,"name":"Festa del PRIMO MAGGIO &#8211; San Giuseppe Lavoratore"}]},{"@type":"WebSite","@id":"https:\/\/www.diocesi.torino.it\/socialeelavoro\/#website","url":"https:\/\/www.diocesi.torino.it\/socialeelavoro\/","name":"Pastorale Sociale e del Lavoro","description":"","publisher":{"@id":"https:\/\/www.diocesi.torino.it\/socialeelavoro\/#organization"},"potentialAction":[{"@type":"SearchAction","target":{"@type":"EntryPoint","urlTemplate":"https:\/\/www.diocesi.torino.it\/socialeelavoro\/?s={search_term_string}"},"query-input":"required name=search_term_string"}],"inLanguage":"it-IT"},{"@type":"Organization","@id":"https:\/\/www.diocesi.torino.it\/socialeelavoro\/#organization","name":"Pastorale Sociale e del Lavoro","url":"https:\/\/www.diocesi.torino.it\/socialeelavoro\/","logo":{"@type":"ImageObject","inLanguage":"it-IT","@id":"https:\/\/www.diocesi.torino.it\/socialeelavoro\/#\/schema\/logo\/image\/","url":"https:\/\/www.diocesi.torino.it\/socialeelavoro\/wp-content\/uploads\/sites\/8\/2021\/03\/upl_logo_black.png","contentUrl":"https:\/\/www.diocesi.torino.it\/socialeelavoro\/wp-content\/uploads\/sites\/8\/2021\/03\/upl_logo_black.png","width":300,"height":300,"caption":"Pastorale Sociale e del Lavoro"},"image":{"@id":"https:\/\/www.diocesi.torino.it\/socialeelavoro\/#\/schema\/logo\/image\/"}},{"@type":"Person","@id":"https:\/\/www.diocesi.torino.it\/socialeelavoro\/#\/schema\/person\/452dbad6ff116421cdf60fc8c9fdc95b","name":"ivanachicco","image":{"@type":"ImageObject","inLanguage":"it-IT","@id":"https:\/\/www.diocesi.torino.it\/socialeelavoro\/#\/schema\/person\/image\/","url":"https:\/\/secure.gravatar.com\/avatar\/f8d9529a56f071aea7c70bee1e2e6d60?s=96&d=mm&r=g","contentUrl":"https:\/\/secure.gravatar.com\/avatar\/f8d9529a56f071aea7c70bee1e2e6d60?s=96&d=mm&r=g","caption":"ivanachicco"},"url":"https:\/\/www.diocesi.torino.it\/socialeelavoro\/author\/ivanachicco\/"}]}},"_links":{"self":[{"href":"https:\/\/www.diocesi.torino.it\/socialeelavoro\/wp-json\/wp\/v2\/posts\/4293"}],"collection":[{"href":"https:\/\/www.diocesi.torino.it\/socialeelavoro\/wp-json\/wp\/v2\/posts"}],"about":[{"href":"https:\/\/www.diocesi.torino.it\/socialeelavoro\/wp-json\/wp\/v2\/types\/post"}],"author":[{"embeddable":true,"href":"https:\/\/www.diocesi.torino.it\/socialeelavoro\/wp-json\/wp\/v2\/users\/14"}],"replies":[{"embeddable":true,"href":"https:\/\/www.diocesi.torino.it\/socialeelavoro\/wp-json\/wp\/v2\/comments?post=4293"}],"version-history":[{"count":19,"href":"https:\/\/www.diocesi.torino.it\/socialeelavoro\/wp-json\/wp\/v2\/posts\/4293\/revisions"}],"predecessor-version":[{"id":4374,"href":"https:\/\/www.diocesi.torino.it\/socialeelavoro\/wp-json\/wp\/v2\/posts\/4293\/revisions\/4374"}],"wp:featuredmedia":[{"embeddable":true,"href":"https:\/\/www.diocesi.torino.it\/socialeelavoro\/wp-json\/wp\/v2\/media\/4296"}],"wp:attachment":[{"href":"https:\/\/www.diocesi.torino.it\/socialeelavoro\/wp-json\/wp\/v2\/media?parent=4293"}],"wp:term":[{"taxonomy":"category","embeddable":true,"href":"https:\/\/www.diocesi.torino.it\/socialeelavoro\/wp-json\/wp\/v2\/categories?post=4293"},{"taxonomy":"post_tag","embeddable":true,"href":"https:\/\/www.diocesi.torino.it\/socialeelavoro\/wp-json\/wp\/v2\/tags?post=4293"}],"curies":[{"name":"wp","href":"https:\/\/api.w.org\/{rel}","templated":true}]}}