{"id":2249,"date":"2026-04-29T08:25:30","date_gmt":"2026-04-29T06:25:30","guid":{"rendered":"https:\/\/www.diocesi.torino.it\/ufficiostampa\/?p=2249"},"modified":"2026-04-29T08:25:55","modified_gmt":"2026-04-29T06:25:55","slug":"card-repole-messaggio-per-il-primo-maggio-s-giuseppe-artigiano","status":"publish","type":"post","link":"https:\/\/www.diocesi.torino.it\/ufficiostampa\/card-repole-messaggio-per-il-primo-maggio-s-giuseppe-artigiano\/","title":{"rendered":"CARD. REPOLE: MESSAGGIO PER IL PRIMO MAGGIO, S. GIUSEPPE ARTIGIANO"},"content":{"rendered":"<p style=\"text-align: center;\"><span style=\"font-size: 14pt; color: #ff0000;\"><strong>Messaggio del cardinale Roberto Repole<\/strong><\/span><\/p>\n<p style=\"text-align: center;\"><span style=\"font-size: 14pt; color: #ff0000;\"><strong>per la Festa del Lavoro nella memoria liturgica di San Giuseppe Artigiano<\/strong><\/span><\/p>\n<p style=\"text-align: center;\"><span style=\"font-size: 14pt; color: #ff0000;\"><strong>Torino &#8211; Susa, 1\u00b0 maggio 2026<\/strong><\/span><\/p>\n<p>&nbsp;<\/p>\n<p><em><strong>Ai lavoratori, agli imprenditori e alle loro famiglie<\/strong><\/em><\/p>\n<p>&nbsp;<\/p>\n<p>\u00abCarissimi,<\/p>\n<p>il nostro cuore in questo tempo di guerra \u00e8 turbato e deve vigilare per non abituarsi, deve restare inquieto. Anche la Festa del Lavoro, che i cristiani vivono guardando all\u2019esempio mite di san Giuseppe Artigiano, contiene quest\u2019anno motivi di inquietudine: desidero condividervi il mio turbamento al pensiero che le guerre seminano morte nel mondo eppure qui a Torino, a Susa e in Piemonte rappresentano un vantaggio economico per le aziende che producono forniture militari e si offrono come motore di rilancio dell\u2019occupazione.<\/p>\n<p>Ci va bene cos\u00ec? Accettiamo qualsiasi tipo di lavoro, purch\u00e9 sia lavoro? Lo domando a me prima che ad altri perch\u00e9 siamo corresponsabili, le nostre azioni e i nostri stili di vita sono intrecciati: la citt\u00e0 siamo noi, tutti insieme.<\/p>\n<p>Sappiamo che decenni di crisi industriale hanno lasciato sacche di disoccupazione da risolvere. Nessuno pu\u00f2 pretendere che i disoccupati rifiutino le occasioni di lavoro, perch\u00e9 sono l\u2019anello pi\u00f9 fragile della catena. Per\u00f2 dobbiamo fermarci e riflettere, se sia umano darci tanto da fare per attrarre e sviluppare fabbriche di armi.<\/p>\n<p>So che si preferisce parlare di industria della Difesa, ma \u00e8 inutile girarci attorno: il mercato degli ordigni di morte sta fiorendo e sta distribuendo ricchi profitti agli azionisti solo perch\u00e9 le armi vengono usate in altre parti del mondo per uccidere e devastare. Credo che non possiamo cercare la vita con una mano e toglierla con l\u2019altra, non possiamo disgiungere pace e lavoro. Vogliamo affidare alla guerra le speranze del nostro territorio?<\/p>\n<p>Carissimi, faccio mie le parole di Leone XIV al corpo diplomatico: non basta parlare di pace, \u00aboccorre la volont\u00e0 di smettere di produrre strumenti di distruzione e di morte\u00bb. La guerra ha radici nell\u2019odio e nelle ingiustizie del mondo, ma \u00e8 anche un grande business economico e sta spingendo sulla produzione delle armi, probabilmente oltre il bisogno di difesa da parte di un Paese come l\u2019Italia.<\/p>\n<p>Allora fermiamoci, cari amici, e ragioniamo tutti insieme &#8211; istituzioni e cittadini, imprenditori, sindacalisti, famiglie &#8211; domandiamoci quali persone vogliamo essere, come vogliamo spendere le nostre esistenze e la nostra comunit\u00e0: eravamo la citt\u00e0 delle auto, vogliamo diventare la citt\u00e0 delle armi? La Chiesa locale, con la sua Pastorale del Lavoro, \u00e8 pronta a offrirsi come luogo di incontro, confronto e approfondimento.<\/p>\n<p>&nbsp;<\/p>\n<p>Roberto Repole<\/p>\n<p>Arcivescovo di Torino e Vescovo di Susa\u00bb<\/p>\n","protected":false},"excerpt":{"rendered":"<p>Messaggio del cardinale Roberto Repole per la Festa del Lavoro nella memoria liturgica di San Giuseppe Artigiano Torino &#8211; Susa, 1\u00b0 maggio 2026 &nbsp; Ai lavoratori, agli imprenditori e alle loro famiglie &nbsp; \u00abCarissimi, il nostro cuore in questo tempo di guerra \u00e8 turbato e deve vigilare per non abituarsi, deve restare inquieto. Anche la Festa del Lavoro, che i cristiani vivono guardando all\u2019esempio mite &hellip; <a href=\"https:\/\/www.diocesi.torino.it\/ufficiostampa\/card-repole-messaggio-per-il-primo-maggio-s-giuseppe-artigiano\/\" class=\"more-link\">Continua a leggere <span class=\"screen-reader-text\"><\/span> <span class=\"meta-nav\">&raquo;<\/span><\/a><\/p>\n","protected":false},"author":67,"featured_media":0,"comment_status":"closed","ping_status":"closed","sticky":false,"template":"","format":"standard","meta":{"ip_address":"","user_agent":"","level":"","revision":"","cookie_id":"","page_referer":"","html_form":"","_expiration-date-status":"","_expiration-date":0,"_expiration-date-type":"","_expiration-date-categories":[],"_expiration-date-options":[]},"categories":[4,5],"tags":[],"acf":[],"_links":{"self":[{"href":"https:\/\/www.diocesi.torino.it\/ufficiostampa\/wp-json\/wp\/v2\/posts\/2249"}],"collection":[{"href":"https:\/\/www.diocesi.torino.it\/ufficiostampa\/wp-json\/wp\/v2\/posts"}],"about":[{"href":"https:\/\/www.diocesi.torino.it\/ufficiostampa\/wp-json\/wp\/v2\/types\/post"}],"author":[{"embeddable":true,"href":"https:\/\/www.diocesi.torino.it\/ufficiostampa\/wp-json\/wp\/v2\/users\/67"}],"replies":[{"embeddable":true,"href":"https:\/\/www.diocesi.torino.it\/ufficiostampa\/wp-json\/wp\/v2\/comments?post=2249"}],"version-history":[{"count":2,"href":"https:\/\/www.diocesi.torino.it\/ufficiostampa\/wp-json\/wp\/v2\/posts\/2249\/revisions"}],"predecessor-version":[{"id":2251,"href":"https:\/\/www.diocesi.torino.it\/ufficiostampa\/wp-json\/wp\/v2\/posts\/2249\/revisions\/2251"}],"wp:attachment":[{"href":"https:\/\/www.diocesi.torino.it\/ufficiostampa\/wp-json\/wp\/v2\/media?parent=2249"}],"wp:term":[{"taxonomy":"category","embeddable":true,"href":"https:\/\/www.diocesi.torino.it\/ufficiostampa\/wp-json\/wp\/v2\/categories?post=2249"},{"taxonomy":"post_tag","embeddable":true,"href":"https:\/\/www.diocesi.torino.it\/ufficiostampa\/wp-json\/wp\/v2\/tags?post=2249"}],"curies":[{"name":"wp","href":"https:\/\/api.w.org\/{rel}","templated":true}]}}