{"id":3710,"date":"2026-09-05T18:22:29","date_gmt":"2026-09-05T16:22:29","guid":{"rendered":"https:\/\/www.diocesi.torino.it\/ufficiostampa\/?p=3710"},"modified":"2026-09-05T18:22:29","modified_gmt":"2026-09-05T16:22:29","slug":"festival-dellaccoglienza-2026-l-11-settembre-ore-10-la-presentazione-a-palazzo-civico","status":"publish","type":"post","link":"https:\/\/www.diocesi.torino.it\/ufficiostampa\/festival-dellaccoglienza-2026-l-11-settembre-ore-10-la-presentazione-a-palazzo-civico\/","title":{"rendered":"&#8220;FESTIVAL DELL\u2019ACCOGLIENZA 2026:\u201d L\u2019 11 SETTEMBRE (ORE 10) LA PRESENTAZIONE A  PALAZZO CIVICO"},"content":{"rendered":"<div dir=\"auto\">Cara\/o collega,<\/div>\n<div dir=\"auto\"><\/div>\n<div dir=\"auto\"><strong><span style=\"color: #ff0000;\">venerd\u00ec 11 settembre alle ore 10<\/span><\/strong>, a Torino, nella <strong><span style=\"color: #ff0000;\">Sala Carpanini di Palazzo di Citt\u00e0<\/span><\/strong>, nel corso di una conferenza stampa sar\u00e0 presentata la <strong>sesta edizione<\/strong> del <strong>Festival dell\u2019Accoglienza<\/strong>.<\/div>\n<div dir=\"auto\">Intitolata <em><strong>\u201cLa mitezza \u00e8 disarmante. Un\u2019altra idea di coraggio\u201d<\/strong><\/em>, la manifestazione propone quest\u2019anno, tra settembre e ottobre, cinquanta giorni di appuntamenti dedicati ai temi dell\u2019accoglienza, dell\u2019inclusione, della giustizia e della diritto umanitario, della multiculturalit\u00e0 e della fede, con oltre 100 eventi tra dibattiti, spettacoli teatrali e musicali, laboratori, proiezioni cinematografiche, mostre e momenti di spiritualit\u00e0.<\/div>\n<div dir=\"auto\"><\/div>\n<div dir=\"auto\">All\u2019incontro con i giornalisti interverranno il cardinale <strong><span style=\"color: #008000;\">Roberto Repole<\/span><\/strong> (arcivescovo di Torino e vescovo Susa), <span style=\"color: #008000;\"><strong>Stefano Lo Russo<\/strong><\/span> (sindaco di Torino), <strong><span style=\"color: #008000;\">Maurizio Marrone<\/span><\/strong> (vicepresidente Regione Piemonte), monsignor <span style=\"color: #008000;\"><strong>Pierpaolo Felicolo<\/strong><\/span> (direttore generale Fondazione Migrantes), <strong><span style=\"color: #008000;\">Paola Casagrande<\/span><\/strong> (vicepresidente Fondazione CRT), <span style=\"color: #008000;\"><strong>Marzia Sica<\/strong><\/span> (responsabile Obiettivo Persone Fondazione Compagnia di San Paolo), e <span style=\"color: #008000;\"><strong>Sergio Durando<\/strong><\/span> (responsabile Festival dell\u2019Accoglienza).<\/div>\n<div dir=\"auto\">Condurr\u00e0 la conferenza stampa la giornalista <strong><span style=\"color: #008000;\">Antonella Frontani<\/span><\/strong>.<\/div>\n<div dir=\"auto\"><\/div>\n<div dir=\"auto\">Il <strong>Festival dell\u2019Accoglienza 2026<\/strong> \u00e8 organizzato da Arcidiocesi di Torino, Pastorale diocesana dei Migranti e Associazione Generazioni Migranti in collaborazione con Fondazione Migrantes, patrocinato da Regione Piemonte, Citt\u00e0 di Torino, Citt\u00e0 metropolitana di Torino, Ordine dei giornalisti del Piemonte\u00a0 e sostenuto da Fondazione Compagnia di San Paolo e Fondazione CRT.<\/div>\n","protected":false},"excerpt":{"rendered":"<p>Cara\/o collega, venerd\u00ec 11 settembre alle ore 10, a Torino, nella Sala Carpanini di Palazzo di Citt\u00e0, nel corso di una conferenza stampa sar\u00e0 presentata la sesta edizione del Festival dell\u2019Accoglienza. Intitolata \u201cLa mitezza \u00e8 disarmante. Un\u2019altra idea di coraggio\u201d, la manifestazione propone quest\u2019anno, tra settembre e ottobre, cinquanta giorni di appuntamenti dedicati ai temi dell\u2019accoglienza, dell\u2019inclusione, della giustizia e della diritto umanitario, della multiculturalit\u00e0 &hellip; <a href=\"https:\/\/www.diocesi.torino.it\/ufficiostampa\/festival-dellaccoglienza-2026-l-11-settembre-ore-10-la-presentazione-a-palazzo-civico\/\" class=\"more-link\">Continua a leggere <span class=\"screen-reader-text\"><\/span> <span class=\"meta-nav\">&raquo;<\/span><\/a><\/p>\n","protected":false},"author":67,"featured_media":0,"comment_status":"closed","ping_status":"closed","sticky":false,"template":"","format":"standard","meta":{"ip_address":"","user_agent":"","level":"","revision":"","cookie_id":"","page_referer":"","html_form":"","_expiration-date-status":"","_expiration-date":0,"_expiration-date-type":"","_expiration-date-categories":[],"_expiration-date-options":[]},"categories":[4],"tags":[],"acf":[],"_links":{"self":[{"href":"https:\/\/www.diocesi.torino.it\/ufficiostampa\/wp-json\/wp\/v2\/posts\/3710"}],"collection":[{"href":"https:\/\/www.diocesi.torino.it\/ufficiostampa\/wp-json\/wp\/v2\/posts"}],"about":[{"href":"https:\/\/www.diocesi.torino.it\/ufficiostampa\/wp-json\/wp\/v2\/types\/post"}],"author":[{"embeddable":true,"href":"https:\/\/www.diocesi.torino.it\/ufficiostampa\/wp-json\/wp\/v2\/users\/67"}],"replies":[{"embeddable":true,"href":"https:\/\/www.diocesi.torino.it\/ufficiostampa\/wp-json\/wp\/v2\/comments?post=3710"}],"version-history":[{"count":2,"href":"https:\/\/www.diocesi.torino.it\/ufficiostampa\/wp-json\/wp\/v2\/posts\/3710\/revisions"}],"predecessor-version":[{"id":3713,"href":"https:\/\/www.diocesi.torino.it\/ufficiostampa\/wp-json\/wp\/v2\/posts\/3710\/revisions\/3713"}],"wp:attachment":[{"href":"https:\/\/www.diocesi.torino.it\/ufficiostampa\/wp-json\/wp\/v2\/media?parent=3710"}],"wp:term":[{"taxonomy":"category","embeddable":true,"href":"https:\/\/www.diocesi.torino.it\/ufficiostampa\/wp-json\/wp\/v2\/categories?post=3710"},{"taxonomy":"post_tag","embeddable":true,"href":"https:\/\/www.diocesi.torino.it\/ufficiostampa\/wp-json\/wp\/v2\/tags?post=3710"}],"curies":[{"name":"wp","href":"https:\/\/api.w.org\/{rel}","templated":true}]}}